{"id":30101,"date":"2025-06-13T13:38:12","date_gmt":"2025-06-13T11:38:12","guid":{"rendered":"http:\/\/info.sadowne.pl\/?p=30101"},"modified":"2025-06-13T13:43:45","modified_gmt":"2025-06-13T11:43:45","slug":"ponownie-zapraszamy-do-muzeum","status":"publish","type":"post","link":"https:\/\/info.sadowne.pl\/?p=30101","title":{"rendered":"Ponownie zapraszamy do Muzeum"},"content":{"rendered":"<p><a href=\"http:\/\/info.sadowne.pl\/wp-content\/uploads\/2025\/06\/2025.06.13.10-rotated.jpg\" target=\"_blank\" rel=\"noopener\"><img loading=\"lazy\" decoding=\"async\" class=\"alignleft wp-image-30102 size-thumbnail\" src=\"http:\/\/info.sadowne.pl\/wp-content\/uploads\/2025\/06\/2025.06.13.10-rotated-e1749814337705-180x130.jpg\" alt=\"\" width=\"180\" height=\"130\" \/><\/a><\/p>\n<p><strong>Muzeum Ziemi Sadowie\u0144skiej im. Bogus\u0142awa Kicia w Sadownem serdecznie zaprasza do zwiedzania bogatych zbior\u00f3w muzealnych oraz zapoznania si\u0119 z ciekaw\u0105 histori\u0105 Sadownego i okolic.<\/strong><!--more--><\/p>\n<p><strong>Tysi\u0105ce eksponat\u00f3w muzealnych i ich ciekawe historie, to wystarczaj\u0105ca zach\u0119ta dla tych kt\u00f3rzy chc\u0105 pozna\u0107 histori\u0119 gminy Sadowne.<\/strong> Wszystko to czeka na Pa\u0144stwa w Muzeum Ziemi Sadowie\u0144skiej, a jego kustosz p. Janusz Urbankowski ch\u0119tnie podzieli si\u0119 z Pa\u0144stwem swoj\u0105 obfit\u0105 wiedz\u0105 historyczn\u0105.<\/p>\n<p><strong><a href=\"http:\/\/info.sadowne.pl\/wp-content\/uploads\/2025\/06\/2025.06.13.11.jpg\"><img loading=\"lazy\" decoding=\"async\" class=\"alignright size-full wp-image-30103\" src=\"http:\/\/info.sadowne.pl\/wp-content\/uploads\/2025\/06\/2025.06.13.11.jpg\" alt=\"\" width=\"241\" height=\"298\" \/><\/a>Od czasu do czasu prezentujemy Pa\u0144stwu drobny wycinek zasob\u00f3w muzealnych.<\/strong> Tym razem mo\u017ce jako ciekawostk\u0119, a jednocze\u015bnie z okazji zbli\u017caj\u0105cego si\u0119 Zjazdu Absolwent\u00f3w ZSP w Sadownem, przedstawimy kilka pami\u0105tek uzyskanych przez Muzeum od p. Wies\u0142awa Andrzeja Wrzoska \u2013 matura 1964. Nie kojarz\u0105 Pa\u0144stwo osoby? By\u0107 mo\u017ce, ale starsi mieszka\u0144cy Sadownego powinni pami\u0119ta\u0107 te\u017c rodzic\u00f3w naszego bohatera \u2013 wieloletni pracownicy gospodarczy sadowie\u0144skiej szko\u0142y, na etacie tzw. wo\u017anych \u2013 Pa\u0144stwo Wrzoskowie, mieszkaj\u0105cy w budynku szko\u0142y, a nast\u0119pnie na terenie Sadownego. Ale wr\u00f3\u0107my do Ich syna\u2026<\/p>\n<p><strong>Wies\u0142aw Andrzej Wrzosek<\/strong>, ur. 11.09.1945 r. w Sadownem, absolwent Szko\u0142y Podstawowej i Liceum Og\u00f3lnokszta\u0142c\u0105cego w Sadownem \u2013 matura 1963\/64. W latach 1964 \u2013 67 uko\u0144czy\u0142 Oficersk\u0105 Szko\u0142\u0119 WOP w K\u0119trzynie. Od pa\u017adziernika 1967 roku do marca 1991 roku pe\u0142ni\u0142 zawodow\u0105 s\u0142u\u017cb\u0119 wojskow\u0105 Lubuskiej Brygadzie WOP w Kro\u015bnie Odrza\u0144skim oraz w Pomorskiej Brygadzie WOP w Szczecinie. Ostatnio zajmowane stanowisko s\u0142u\u017cbowe \u2013 Dow\u00f3dca Granicznej Plac\u00f3wki Kontrolnej WOP w \u015awiecku. W miesi\u0105cu maju 1991 roku przeniesiony do rezerwy w stopniu podpu\u0142kownika.<\/p>\n<p><a href=\"http:\/\/info.sadowne.pl\/wp-content\/uploads\/2025\/06\/2025.06.13.12.jpg\" target=\"_blank\" rel=\"noopener\"><img loading=\"lazy\" decoding=\"async\" class=\"alignleft wp-image-30104 size-thumbnail\" src=\"http:\/\/info.sadowne.pl\/wp-content\/uploads\/2025\/06\/2025.06.13.12-180x130.jpg\" alt=\"\" width=\"180\" height=\"130\" \/><\/a><\/p>\n<p><strong>Nic doda\u0107, nic uj\u0105\u0107<\/strong> \u2013 \u201ekawa\u0142\u201d historii z \u017cycia nieprzeci\u0119tnego cz\u0142owieka. A w muzeum? Jego umundurowanie, odznaczenia i ciekawostka \u2013 oryginalna flaga by\u0142ego NRD opuszczona z masztu w \u015awiecku w noc zjednoczenia Niemiec, a tak\u017ce \u2013 przypominam \u2013 ciekawe opowie\u015bci p. Janusza (kontakt: tel. 512 803 222).<\/p>\n<p><strong><a href=\"http:\/\/info.sadowne.pl\/wp-content\/uploads\/2025\/06\/2025.06.13.13.jpg\" target=\"_blank\" rel=\"noopener\"><img loading=\"lazy\" decoding=\"async\" class=\"alignright wp-image-30105 size-thumbnail\" src=\"http:\/\/info.sadowne.pl\/wp-content\/uploads\/2025\/06\/2025.06.13.13-180x130.jpg\" alt=\"\" width=\"180\" height=\"130\" \/><\/a>Serdecznie polecam zwiedzanie naszego Muzeum, a tak\u017ce uczestnictwo w Zje\u017adzie Absolwent\u00f3w ZSP w Sadownem<\/strong> (prosz\u0119 zwr\u00f3ci\u0107 uwag\u0119 na to, \u017ce w Zje\u017adzie, kt\u00f3ry zaplanowany jest na dzie\u0144 27 wrze\u015bnia br., opr\u00f3cz absolwent\u00f3w LO mog\u0105 wzi\u0105\u0107 udzia\u0142 wszystkie roczniki absolwent\u00f3w sadowie\u0144skiej szko\u0142y zawodowej, technikum czy te\u017c obecnie szko\u0142y bran\u017cowej). Kontakt w sprawie Zjazdu: tel. 25 6753 227. Informacje te\u017c na stronie internetowej: <span style=\"color: #0000ff;\"><strong><a style=\"color: #0000ff;\" href=\"http:\/\/www.liceumsadowne.pl\" target=\"_blank\" rel=\"noopener\">www.liceumsadowne.pl<\/a><\/strong><\/span>.<\/p>\n<p><strong>Tekst\/foto:<\/strong> S\u0142awek Chyli\u0144ski<\/p>\n","protected":false},"excerpt":{"rendered":"<p>Muzeum Ziemi Sadowie\u0144skiej im. Bogus\u0142awa Kicia w Sadownem serdecznie zaprasza do zwiedzania bogatych zbior\u00f3w muzealnych oraz zapoznania si\u0119 z ciekaw\u0105 histori\u0105 Sadownego i okolic.<\/p>\n","protected":false},"author":1,"featured_media":0,"comment_status":"closed","ping_status":"closed","sticky":false,"template":"","format":"standard","meta":{"footnotes":""},"categories":[5,6,81],"tags":[958,79,4269,4261],"class_list":["post-30101","post","type-post","status-publish","format-standard","hentry","category-newsy","category-kultura-rozrywka-edukacja","category-muzeum","tag-janusz-urbankowski","tag-muzeum-ziemi-sadowienskiej","tag-wieslaw-andrzej-wrzosek","tag-zjazd-absolwentow-zsp-sadowne"],"views":1334,"_links":{"self":[{"href":"https:\/\/info.sadowne.pl\/index.php?rest_route=\/wp\/v2\/posts\/30101","targetHints":{"allow":["GET"]}}],"collection":[{"href":"https:\/\/info.sadowne.pl\/index.php?rest_route=\/wp\/v2\/posts"}],"about":[{"href":"https:\/\/info.sadowne.pl\/index.php?rest_route=\/wp\/v2\/types\/post"}],"author":[{"embeddable":true,"href":"https:\/\/info.sadowne.pl\/index.php?rest_route=\/wp\/v2\/users\/1"}],"replies":[{"embeddable":true,"href":"https:\/\/info.sadowne.pl\/index.php?rest_route=%2Fwp%2Fv2%2Fcomments&post=30101"}],"version-history":[{"count":2,"href":"https:\/\/info.sadowne.pl\/index.php?rest_route=\/wp\/v2\/posts\/30101\/revisions"}],"predecessor-version":[{"id":30107,"href":"https:\/\/info.sadowne.pl\/index.php?rest_route=\/wp\/v2\/posts\/30101\/revisions\/30107"}],"wp:attachment":[{"href":"https:\/\/info.sadowne.pl\/index.php?rest_route=%2Fwp%2Fv2%2Fmedia&parent=30101"}],"wp:term":[{"taxonomy":"category","embeddable":true,"href":"https:\/\/info.sadowne.pl\/index.php?rest_route=%2Fwp%2Fv2%2Fcategories&post=30101"},{"taxonomy":"post_tag","embeddable":true,"href":"https:\/\/info.sadowne.pl\/index.php?rest_route=%2Fwp%2Fv2%2Ftags&post=30101"}],"curies":[{"name":"wp","href":"https:\/\/api.w.org\/{rel}","templated":true}]}}