{"id":30108,"date":"2025-06-17T10:10:58","date_gmt":"2025-06-17T08:10:58","guid":{"rendered":"http:\/\/info.sadowne.pl\/?p=30108"},"modified":"2025-06-17T10:10:58","modified_gmt":"2025-06-17T08:10:58","slug":"kronika-strazacka-09-15-06-2025","status":"publish","type":"post","link":"https:\/\/info.sadowne.pl\/?p=30108","title":{"rendered":"Kronika stra\u017cacka 09 \u2013 15.06.2025"},"content":{"rendered":"<p><strong><a href=\"http:\/\/info.sadowne.pl\/wp-content\/uploads\/2025\/05\/straz1.jpg\"><img loading=\"lazy\" decoding=\"async\" class=\"alignleft size-thumbnail wp-image-30020\" src=\"http:\/\/info.sadowne.pl\/wp-content\/uploads\/2025\/05\/straz1-180x130.jpg\" alt=\"\" width=\"180\" height=\"130\" \/><\/a>W okresie 09 &#8211; 15.06.2025 na terenie powiatu w\u0119growskiego odnotowano: 15 zdarze\u0144, przy kt\u00f3rych interweniowa\u0142y jednostki ochrony przeciwpo\u017carowej, w tym: 3 po\u017cary, 12 miejscowych zagro\u017ce\u0144, 0 alarm\u00f3w fa\u0142szywych.<\/strong><!--more--><\/p>\n<p><strong>09.06.2025 \u2013 Kopcie, gm. Gr\u0119bk\u00f3w \u2013 zderzenie samochod\u00f3w osobowych.<\/strong><\/p>\n<p>Do SK KP PSP w W\u0119growie wp\u0142yn\u0119\u0142a formatka: Kopcie mz &#8211; wypadek z opisem ,,przy szkole, kolizja dwa pojazdy bus i pojazd osobowy, zg\u0142aszaj\u0105ca b\u00f3l szyi, dziecko w szoku, brak os\u00f3b zakleszczonych, wyciek z pojazdu, brak zadymienia,&#8221;. Dy\u017curny SK zadysponowa\u0142 JRG W\u0119gr\u00f3w SLRt i s\u0105siednie OSP Ga\u0142ki i Sucha, poproszono r\u00f3wnie\u017c o dyspozycj\u0119 MSK Siedlce (rejon chroniony). Po przybyciu na miejsce zdarzenia zast\u0119pu OSP Sucha, KDR stwierdzi\u0142, \u017ce dosz\u0142o do zdarzenia drogowego z udzia\u0142em 2 samochod\u00f3w osobowych (sta\u0142y na drodze, cz\u0119\u015bciowo blokuj\u0105c jeden pas ruchu), w jednym z pojazd\u00f3w znajdowa\u0142y si\u0119 2 osoby (w tym dziecko 13 lat), kt\u00f3re zg\u0142asza\u0142y dolegliwo\u015bci (przytomne, chodz\u0105ce). Na miejsce zdarzenia przyby\u0142 ZRM, kt\u00f3ry podj\u0105\u0142 MCR wobec os\u00f3b bior\u0105cych udzia\u0142 w zdarzeniu. Zast\u0119p OSP zabezpieczy\u0142 miejsce zdarzenia i ruch drogowy . Na miejsce przyby\u0142 zast\u0119p JRG W\u0119gr\u00f3w, KDR przej\u0105\u0142 kierowanie akcj\u0105 i wspar\u0142 dzia\u0142ania podj\u0119te przez OSP. Na miejsce doje\u017cd\u017ca\u0142y sukcesywne inne zadysponowane zast\u0119py (OSP Gr\u0119bk\u00f3w, JRG Siedlce i OSP W\u00f3lka Proszewska). Dzia\u0142ania polega\u0142y na zabezpieczeniu miejsca zdarzenia, usuni\u0119to z jezdni drobne zanieczyszczenia powypadkowe oraz niewielki wyciek p\u0142yn\u00f3w eksploatacyjnych. Na miejsce przyby\u0142a funkcjonariuszka Policji. Po zabraniu przez ZRM 2 os\u00f3b poszkodowanych do szpitala, KDR przekaza\u0142 Policji miejsce zdarzenia i cz\u0119\u015b\u0107 zast\u0119p\u00f3w wr\u00f3ci\u0142a do baz. Na pro\u015bb\u0119 funkcjonariuszki Policji na miejscu pozosta\u0142 zast\u0119p OSP Sucha, w celu pomocy w zabezpieczeniu ruchu drogowego.<\/p>\n<p>W DZIA\u0141ANIACH RATOWNICZYCH UDZIA\u0141 BRA\u0141O: 5 zast\u0119p\u00f3w, 30 ratownik\u00f3w.<\/p>\n<p><strong>09.06.2025 \u2013 Po\u0142azie \u015awi\u0119tochowskie, gm. Korytnica \u2013 samoch\u00f3d osobowy uderzy\u0142 w drzewo.<\/strong><\/p>\n<p>Do SK KP PSP w W\u0119growie wp\u0142yn\u0119\u0142a formatka: Po\u0142azie \u015awi\u0119tochowskie mz &#8211; wypadek z opisem ,,DROGA OD PIEWNIKA DO P[O\u0141AZI POJAZD UDERZY\u0141 W DRZEWO\u00a0 OSOBOWY 1 OSOBA POSZKODOWANA NIEPZYTOMNA ZAKLESZCZONY,&#8221;. Dy\u017curny SK zadysponowa\u0142 JRG W\u0119gr\u00f3w SLRt i Posterunek JRG oraz s\u0105siednie OSP Rabiany i Korytnica. Po przybyciu na miejsce zdarzenia zast\u0119pu OSP Rabiany, KDR stwierdzi\u0142, \u017ce na drodze powiatowej dosz\u0142o do zdarzenia drogowego z udzia\u0142em samochodu osobowego (uderzy\u0142 w drzewo i znajdowa\u0142 si\u0119 na poboczu), w \u015brodku znajdowa\u0142a si\u0119 jedna osoba (przytomna). Dzia\u0142ania zast\u0119pu polega\u0142y na zabezpieczeniu miejsca zdarzenia, udzieleniu pierwszej pomocy przedmedycznej osobie poszkodowanej z jednoczesnym wykonaniem dost\u0119pu i ewakuacj\u0105 osoby poszkodowanej z pojazdu. Na miejsce przyby\u0142y zast\u0119py SLRt JRG W\u0119gr\u00f3w (przej\u0119cie KDR) i OSP Korytnica, a nast\u0119pnie Posterunek JRG, kt\u00f3re udzieli\u0142y poszkodowanemu KPP (kontrola ABC, unieruchomienie odcinka szyjnego kr\u0119gos\u0142upa, badanie urazowe, wsparcie psychiczne) i wspar\u0142y dzia\u0142ania podj\u0119te przez OSP Rabiany. Przyby\u0142a te\u017c Policja, a nast\u0119pnie ZRM, kt\u00f3ry podj\u0105\u0142 MCR wobec osoby poszkodowanej, podj\u0119to te\u017c decyzj\u0119 o zadysponowaniu \u015bmig\u0142owca LPR. Zast\u0119py JOP zabezpiecza\u0142y l\u0105dowanie \u015bmig\u0142owca na pobliskiej \u0142\u0105ce. Dalsze dzia\u0142ania polega\u0142y na zabezpieczeniu miejsca zdarzenia, usuni\u0119to z jezdni drobne zanieczyszczenia powypadkowe. Po zabraniu przez LPR osoby poszkodowanej do szpitala, KDR przekaza\u0142 Policji miejsce zdarzenia i cz\u0119\u015b\u0107 zast\u0119p\u00f3w wr\u00f3ci\u0142a do baz. Na pro\u015bb\u0119 Policji na miejscu pozosta\u0142 zast\u0119p OSP Rabiany, w celu pomocy w zabezpieczeniu ruchu drogowego.<\/p>\n<p>W DZIA\u0141ANIACH RATOWNICZYCH UDZIA\u0141 BRA\u0141O: 4 zast\u0119py, 19 ratownik\u00f3w.<\/p>\n<p><strong>13.06.2025 \u2013 W\u0119gr\u00f3w, ul. Bohater\u00f3w Warszawy \u2013 pawilon szkolny.<\/strong><\/p>\n<p>Do SK KP PSP W\u0119gr\u00f3w wp\u0142yn\u0119\u0142o zg\u0142oszenie o tre\u015bci :&#8221;Zesp\u00f3\u0142 Szk\u00f3l, pawilon 1, du\u017ce zadymienie&#8221;. Do zdarzenia zosta\u0142y zadysponowane trzy zast\u0119py JRG W\u0119gr\u00f3w oraz pobliskie OSP W\u0119gr\u00f3w. Po dotarciu na miejsce zdarzenia KDR, stwierdzi\u0142, \u017ce w jednym z pomieszcze\u0144 pawilonu nr.1(budynek parterowy) na terenie Zespo\u0142u Szk\u00f3\u0142 Ponadpodstawowych w W\u0119growie dosz\u0142o do du\u017cego zadymienia, kt\u00f3re rozprzestrzenia si\u0119 na dalsz\u0105 cz\u0119\u015b\u0107 obiektu, przed dotarciem JOP przeprowadzono ewakuacje u\u017cytkownik\u00f3w obiektu (33 uczni\u00f3w oraz 7 nauczycieli), brak os\u00f3b poszkodowanych. Dzia\u0142ania zast\u0119p\u00f3w polega\u0142y na zabezpieczeniu miejsca zdarzenia oraz wprowadzeniu jednej roty do budynku w celu odnalezienia \u017ar\u00f3d\u0142a zadymienia. R\u00f3wnolegle prowadzona by\u0142a wentylacja nadci\u015bnieniowa oraz kontrolowano atmosfer\u0119 za pomoc\u0105 miernika Ventis MX4 (w pocz\u0105tkowej fazie ponad 50 ppm CO). Nast\u0119pnie w celu dotarcia do poddasza budynku zosta\u0142a wykonana rozbi\u00f3rka cz\u0119\u015bci sufitu w pomieszczeniu toalety oraz fragment pokrycia dachowego z zewn\u0105trz budynku. W trakcie prowadzonych dzia\u0142a\u0144 w jednej z kabin toalety zosta\u0142a odnaleziona raca dymna. Ca\u0142y budynek przewietrzono oraz sprawdzono dok\u0142adnie miernika wielogazowym Ventis MX4 (wynik 0 ppm). Przekazano miejsca zdarzenia Pani Dyrektor obiektu. Na tym dzia\u0142ania zako\u0144czono.<\/p>\n<p>W DZIA\u0141ANIACH RATOWNICZYCH UDZIA\u0141 BRA\u0141O: 5 zast\u0119p\u00f3w, 13 ratownik\u00f3w.<\/p>\n<p><strong>15.06.2025 \u2013 Ruchna, gm. Liw \u2013 po\u017car trzciny.<\/strong><\/p>\n<p>Do SKKP w W\u0119growie wp\u0142yn\u0119\u0142a formatka o tre\u015bci: &#8222;NA TERENIE STAW\u00d3W &#8211; PO\u017bAR \u0141\u0104K , TRZCIN ZA SZKO\u0141\u0104 \u017bWIROWKA &#8211; DO\u0141Y&#8221;. Do zdarzenie zosta\u0142y zadysponowany zast\u0119p JRG W\u0119gr\u00f3w oraz OSP Ruchna. Po doje\u017adzie na miejsce zast\u0119pu KDR, stwierdzi\u0142, \u017ce pali si\u0119 oko\u0142o 10 ar\u00f3w traw oraz tatarak\u00f3w znajduj\u0105cych si\u0119 na bagnach, SIS wystarczaj\u0105ce. Dzia\u0142ania zast\u0119pu polega\u0142y na zabezpieczeniu miejsca zdarzenia i podaniu jednego pr\u0105du wody w natarciu co doprowadzi\u0142o do lokalizacji, a w konsekwencji do ugaszenia po\u017caru. Dok\u0142adnie przelano miejsce pogorzeliska. Na tym dzia\u0142ania zako\u0144czono.<\/p>\n<p>W DZIA\u0141ANIACH RATOWNICZYCH UDZIA\u0141 BRA\u0141O: 2 zast\u0119py, 10 ratownik\u00f3w.<\/p>\n<p><strong>KP PSP W\u0119gr\u00f3w<\/strong><\/p>\n<p>&nbsp;<\/p>\n","protected":false},"excerpt":{"rendered":"<p>W okresie 09 &#8211; 15.06.2025 na terenie powiatu w\u0119growskiego odnotowano: 15 zdarze\u0144, przy kt\u00f3rych interweniowa\u0142y jednostki ochrony przeciwpo\u017carowej, w tym: 3 po\u017cary, 12 miejscowych zagro\u017ce\u0144, 0 alarm\u00f3w fa\u0142szywych.<\/p>\n","protected":false},"author":1,"featured_media":0,"comment_status":"closed","ping_status":"closed","sticky":false,"template":"","format":"standard","meta":{"footnotes":""},"categories":[5,4],"tags":[491,643],"class_list":["post-30108","post","type-post","status-publish","format-standard","hentry","category-newsy","category-policja-straz-pozarna-pogotowie-ratunkowe","tag-komenda-powiatowa-panstwowej-strazy-pozarnej-w-wegrowie","tag-kronika-strazacka"],"views":1053,"_links":{"self":[{"href":"https:\/\/info.sadowne.pl\/index.php?rest_route=\/wp\/v2\/posts\/30108","targetHints":{"allow":["GET"]}}],"collection":[{"href":"https:\/\/info.sadowne.pl\/index.php?rest_route=\/wp\/v2\/posts"}],"about":[{"href":"https:\/\/info.sadowne.pl\/index.php?rest_route=\/wp\/v2\/types\/post"}],"author":[{"embeddable":true,"href":"https:\/\/info.sadowne.pl\/index.php?rest_route=\/wp\/v2\/users\/1"}],"replies":[{"embeddable":true,"href":"https:\/\/info.sadowne.pl\/index.php?rest_route=%2Fwp%2Fv2%2Fcomments&post=30108"}],"version-history":[{"count":1,"href":"https:\/\/info.sadowne.pl\/index.php?rest_route=\/wp\/v2\/posts\/30108\/revisions"}],"predecessor-version":[{"id":30109,"href":"https:\/\/info.sadowne.pl\/index.php?rest_route=\/wp\/v2\/posts\/30108\/revisions\/30109"}],"wp:attachment":[{"href":"https:\/\/info.sadowne.pl\/index.php?rest_route=%2Fwp%2Fv2%2Fmedia&parent=30108"}],"wp:term":[{"taxonomy":"category","embeddable":true,"href":"https:\/\/info.sadowne.pl\/index.php?rest_route=%2Fwp%2Fv2%2Fcategories&post=30108"},{"taxonomy":"post_tag","embeddable":true,"href":"https:\/\/info.sadowne.pl\/index.php?rest_route=%2Fwp%2Fv2%2Ftags&post=30108"}],"curies":[{"name":"wp","href":"https:\/\/api.w.org\/{rel}","templated":true}]}}