{"id":30122,"date":"2025-06-18T16:12:04","date_gmt":"2025-06-18T14:12:04","guid":{"rendered":"http:\/\/info.sadowne.pl\/?p=30122"},"modified":"2025-06-18T16:12:04","modified_gmt":"2025-06-18T14:12:04","slug":"turniej-w-zambrowie","status":"publish","type":"post","link":"https:\/\/info.sadowne.pl\/?p=30122","title":{"rendered":"Turniej w Zambrowie"},"content":{"rendered":"<p><strong><a href=\"http:\/\/info.sadowne.pl\/wp-content\/uploads\/2025\/06\/2025.06.18-2.jpg\"><img loading=\"lazy\" decoding=\"async\" class=\"alignleft size-thumbnail wp-image-30124\" src=\"http:\/\/info.sadowne.pl\/wp-content\/uploads\/2025\/06\/2025.06.18-2-180x130.jpg\" alt=\"\" width=\"180\" height=\"130\" \/><\/a>W dniu 14 czerwca 2025r. w Zambrowie odby\u0142 si\u0119 IX Og\u00f3lnopolski Turniej Karate Kyokushin o Puchar Burmistrza Zambrowa. <\/strong><!--more--><\/p>\n<p>Organizator podzieli\u0142 turniej na dwie cz\u0119\u015bci. W pierwszej prawo startu mieli tylko zawodnicy pocz\u0105tkuj\u0105cy, kt\u00f3rzy posiadaj\u0105 stopnie szkoleniowe nadaj\u0105ce pomara\u0144czowy kolor pasa, w drugiej posiadacze niebieskich, \u017c\u00f3\u0142tych i wy\u017cszych pas\u00f3w.<\/p>\n<p><strong>Brokowski Klubu Karate Kyokushinkai reprezentowali:<\/strong><\/p>\n<ol>\n<li><strong>Lena W\u00f3jcicka &#8211; kata<\/strong><\/li>\n<li><strong>Aleksander W\u00f3jcicki &#8211; kumite<\/strong><\/li>\n<li><strong>Hania Kraska &#8211; kumite<\/strong><\/li>\n<\/ol>\n<p>Lena po pierwszej turze zajmowa\u0142a czwarte miejsce. W drugiej turze nasza zawodniczka wykona\u0142a Taikyoku sono san. W klasyfikacji ko\u0144cowej Lena ostatecznie wywalczy\u0142a IV miejsce.<\/p>\n<p>Po raz pierwszy w zawodach karate wystartowa\u0142 Aleksander W\u00f3jcicki. W pierwszej walce komputer wylosowa\u0142 najmocniejszego zawodnika w tej kategorii i niestety nie uda\u0142o si\u0119 go pokona\u0107. Warto podkre\u015bli\u0107, \u017ce jak na pierwszy start postawa Olka i spos\u00f3b walki zas\u0142uguje na pochwa\u0142\u0119.<\/p>\n<p>Hania natomiast w kategorii kumite dziewcz\u0119ta 8 \u2013 9 lat zaj\u0119\u0142a III miejsce.<\/p>\n<p>W turnieju w Zambrowie wzi\u0119\u0142o udzia\u0142 oko\u0142o 300 zawodnik\u00f3w z 21 klub\u00f3w.<\/p>\n\n\t\t<style type=\"text\/css\">\n\t\t\t#gallery-1 {\n\t\t\t\tmargin: auto;\n\t\t\t}\n\t\t\t#gallery-1 .gallery-item {\n\t\t\t\tfloat: left;\n\t\t\t\tmargin-top: 10px;\n\t\t\t\ttext-align: center;\n\t\t\t\twidth: 33%;\n\t\t\t}\n\t\t\t#gallery-1 img {\n\t\t\t\tborder: 2px solid #cfcfcf;\n\t\t\t}\n\t\t\t#gallery-1 .gallery-caption {\n\t\t\t\tmargin-left: 0;\n\t\t\t}\n\t\t\t\/* see gallery_shortcode() in wp-includes\/media.php *\/\n\t\t<\/style>\n\t\t<div id='gallery-1' class='gallery galleryid-30122 gallery-columns-3 gallery-size-thumbnail'><dl class='gallery-item'>\n\t\t\t<dt class='gallery-icon landscape'>\n\t\t\t\t<a href='https:\/\/info.sadowne.pl\/?attachment_id=30123'><img loading=\"lazy\" decoding=\"async\" width=\"180\" height=\"130\" src=\"https:\/\/info.sadowne.pl\/wp-content\/uploads\/2025\/06\/2025.06.18-1-180x130.jpg\" class=\"attachment-thumbnail size-thumbnail\" alt=\"\" \/><\/a>\n\t\t\t<\/dt><\/dl><dl class='gallery-item'>\n\t\t\t<dt class='gallery-icon landscape'>\n\t\t\t\t<a href='https:\/\/info.sadowne.pl\/?attachment_id=30124'><img loading=\"lazy\" decoding=\"async\" width=\"180\" height=\"130\" src=\"https:\/\/info.sadowne.pl\/wp-content\/uploads\/2025\/06\/2025.06.18-2-180x130.jpg\" class=\"attachment-thumbnail size-thumbnail\" alt=\"\" \/><\/a>\n\t\t\t<\/dt><\/dl><dl class='gallery-item'>\n\t\t\t<dt class='gallery-icon landscape'>\n\t\t\t\t<a href='https:\/\/info.sadowne.pl\/?attachment_id=30125'><img loading=\"lazy\" decoding=\"async\" width=\"180\" height=\"130\" src=\"https:\/\/info.sadowne.pl\/wp-content\/uploads\/2025\/06\/2025.06.18-3-180x130.jpg\" class=\"attachment-thumbnail size-thumbnail\" alt=\"\" \/><\/a>\n\t\t\t<\/dt><\/dl><br style=\"clear: both\" \/><dl class='gallery-item'>\n\t\t\t<dt class='gallery-icon portrait'>\n\t\t\t\t<a href='https:\/\/info.sadowne.pl\/?attachment_id=30126'><img loading=\"lazy\" decoding=\"async\" width=\"180\" height=\"130\" src=\"https:\/\/info.sadowne.pl\/wp-content\/uploads\/2025\/06\/2025.06.18-4-180x130.jpg\" class=\"attachment-thumbnail size-thumbnail\" alt=\"\" \/><\/a>\n\t\t\t<\/dt><\/dl><dl class='gallery-item'>\n\t\t\t<dt class='gallery-icon portrait'>\n\t\t\t\t<a href='https:\/\/info.sadowne.pl\/?attachment_id=30127'><img loading=\"lazy\" decoding=\"async\" width=\"180\" height=\"130\" src=\"https:\/\/info.sadowne.pl\/wp-content\/uploads\/2025\/06\/2025.06.18-5-180x130.jpg\" class=\"attachment-thumbnail size-thumbnail\" alt=\"\" \/><\/a>\n\t\t\t<\/dt><\/dl>\n\t\t\t<br style='clear: both' \/>\n\t\t<\/div>\n\n<p><strong>Tekst\/foto:<\/strong> Zbigniew W\u00f3jcicki<\/p>\n","protected":false},"excerpt":{"rendered":"<p>W dniu 14 czerwca 2025r. w Zambrowie odby\u0142 si\u0119 IX Og\u00f3lnopolski Turniej Karate Kyokushin o Puchar Burmistrza Zambrowa.<\/p>\n","protected":false},"author":1,"featured_media":0,"comment_status":"closed","ping_status":"closed","sticky":false,"template":"","format":"standard","meta":{"footnotes":""},"categories":[5,2029,6,7],"tags":[794,4271,2030],"class_list":["post-30122","post","type-post","status-publish","format-standard","hentry","category-newsy","category-karate","category-kultura-rozrywka-edukacja","category-sport","tag-brokowski-klub-karate-kyokushinkai","tag-turniej-karate-w-zambrowie","tag-zbigniew-wojcicki"],"views":1134,"_links":{"self":[{"href":"https:\/\/info.sadowne.pl\/index.php?rest_route=\/wp\/v2\/posts\/30122","targetHints":{"allow":["GET"]}}],"collection":[{"href":"https:\/\/info.sadowne.pl\/index.php?rest_route=\/wp\/v2\/posts"}],"about":[{"href":"https:\/\/info.sadowne.pl\/index.php?rest_route=\/wp\/v2\/types\/post"}],"author":[{"embeddable":true,"href":"https:\/\/info.sadowne.pl\/index.php?rest_route=\/wp\/v2\/users\/1"}],"replies":[{"embeddable":true,"href":"https:\/\/info.sadowne.pl\/index.php?rest_route=%2Fwp%2Fv2%2Fcomments&post=30122"}],"version-history":[{"count":1,"href":"https:\/\/info.sadowne.pl\/index.php?rest_route=\/wp\/v2\/posts\/30122\/revisions"}],"predecessor-version":[{"id":30128,"href":"https:\/\/info.sadowne.pl\/index.php?rest_route=\/wp\/v2\/posts\/30122\/revisions\/30128"}],"wp:attachment":[{"href":"https:\/\/info.sadowne.pl\/index.php?rest_route=%2Fwp%2Fv2%2Fmedia&parent=30122"}],"wp:term":[{"taxonomy":"category","embeddable":true,"href":"https:\/\/info.sadowne.pl\/index.php?rest_route=%2Fwp%2Fv2%2Fcategories&post=30122"},{"taxonomy":"post_tag","embeddable":true,"href":"https:\/\/info.sadowne.pl\/index.php?rest_route=%2Fwp%2Fv2%2Ftags&post=30122"}],"curies":[{"name":"wp","href":"https:\/\/api.w.org\/{rel}","templated":true}]}}