{"id":30139,"date":"2025-06-23T11:32:34","date_gmt":"2025-06-23T09:32:34","guid":{"rendered":"http:\/\/info.sadowne.pl\/?p=30139"},"modified":"2025-06-23T11:32:34","modified_gmt":"2025-06-23T09:32:34","slug":"kronika-strazacka-16-22-06-2025","status":"publish","type":"post","link":"https:\/\/info.sadowne.pl\/?p=30139","title":{"rendered":"Kronika stra\u017cacka 16 \u2013 22.06.2025"},"content":{"rendered":"<p><strong><a href=\"http:\/\/info.sadowne.pl\/wp-content\/uploads\/2025\/05\/straz1.jpg\"><img loading=\"lazy\" decoding=\"async\" class=\"alignleft size-thumbnail wp-image-30020\" src=\"http:\/\/info.sadowne.pl\/wp-content\/uploads\/2025\/05\/straz1-180x130.jpg\" alt=\"\" width=\"180\" height=\"130\" \/><\/a>W okresie od 16.06.2025 do 22.06.2025 na terenie powiatu w\u0119growskiego odnotowano: 15 zdarze\u0144, przy kt\u00f3rych interweniowa\u0142y jednostki ochrony przeciwpo\u017carowej, w tym: 7 po\u017car\u00f3w, 7 miejscowych zagro\u017ce\u0144, 1 alarm fa\u0142szywy.<\/strong><!--more--><\/p>\n<p><strong>16.06.2025 \u2013 Stoczek \u2013 po\u017car budynku gospodarczo-gara\u017cowego.<\/strong><\/p>\n<p>Do SKKP w W\u0119growie wp\u0142yn\u0119\u0142a formatka CPR o tre\u015bci: &#8222;PO\u017bAR GARA\u017bU&#8221;. Do zdarzenia zadysponowano zast\u0119p Posterunek Ostr\u00f3wek oraz OSP Stoczek. Dyspozytor SK skontaktowa\u0142 si\u0119 ze zg\u0142aszaj\u0105c\u0105, podczas rozmowy telefonicznej ustali\u0142 dok\u0142adny adres zdarzenia, na dachu gara\u017cu znajduj\u0105 si\u0119 panele fotowoltaiczne, wewn\u0105trz s\u0105 akumulatory, s\u0142ycha\u0107 wybuchy, gara\u017c oddalony jest od budynku mieszkalnego. Po doje\u017adzie na miejsce zdarzenia i przeprowadzeniu rozpoznania, KDR JRG stwierdzi\u0142: budynek blaszany z instalacj\u0105 fotowoltaiczn\u0105 w ca\u0142o\u015bci obj\u0119ty po\u017carem, brak os\u00f3b poszkodowanych, SiS niewystarczaj\u0105ce &#8211; istnieje potrzeba zapewnienia wi\u0119kszej ilo\u015bci wody, w\u0142a\u015bciciel znajduje si\u0119 na miejscu zdarzenia. Zadysponowano dodatkowo zast\u0119py OSP Top\u00f3r oraz OSP Grygr\u00f3w. Dzia\u0142ania zast\u0119p\u00f3w polega\u0142y na zabezpieczeniu miejsca zdarzenia, od\u0142\u0105czeniu zasilania oraz podaniu 2 pr\u0105d\u00f3w wody w natarciu na budynek. Zasilenie linii ga\u015bniczych wykonano przy wykorzystaniu pobliskiego hydrantu. Dzia\u0142ania te doprowadzi\u0142y do lokalizacji po\u017caru. Nast\u0119pnie przewietrzono budynek oraz przelano pogorzelisko w celu usuni\u0119cia pozosta\u0142ych zarzewi ognia. Miejsce zdarzenia przekazano pisemnie protoko\u0142em w\u0142a\u015bcicielowi. Na tym dzia\u0142ania zako\u0144czono, a zast\u0119py powr\u00f3ci\u0142y do bazy.<\/p>\n<p>W DZIA\u0141ANIACH RATOWNICZYCH UDZIA\u0141 BRA\u0141O: 4 zast\u0119p\u00f3w, 22 ratownik\u00f3w.<\/p>\n<p><strong>19.06.2025 \u2013 Kamionna, gm. \u0141och\u00f3w \u2013 zdarzenie drogowe.<\/strong><\/p>\n<p>Do SKKP w W\u0119growie wp\u0142yn\u0119\u0142a formatka CPR o tre\u015bci: &#8222;przy ko\u015bciele, wypadek motocykl z pojazdem osobowym, 1 osoba poszkodowana, brak wyciek\u00f3w, brak zadymie\u0144 1 pas zablokowany&#8221;. Do zdarzenia zadysponowano zast\u0119p Posterunek Ostr\u00f3wek, OSP \u0141och\u00f3w oraz OSP \u0141och\u00f3w Fabryczny. Po doje\u017adzie na miejsce i przeprowadzeniu rozpoznania, KDR JRG stwierdzi\u0142: poszkodowany (kierowca motocykla) jest przytomny, skar\u017cy si\u0119 na b\u00f3l kolana, pojazdy znajduj\u0105 si\u0119 poza drog\u0105, SiS wystarczaj\u0105ce, ZRM na miejscu. Dzia\u0142ania zast\u0119p\u00f3w polega\u0142y na zabezpieczeniu miejsca zdarzenia. M\u0119\u017cczyzna po przebadaniu przez ZRM zosta\u0142 przewieziony do szpitala. Po przyje\u017adzie patrolu Policji, pojazdy zosta\u0142y zabrane przez w\u0142a\u015bcicieli. Na tym dzia\u0142ania zako\u0144czono, a zast\u0119py powr\u00f3ci\u0142y do bazy.<\/p>\n<p>W DZIA\u0141ANIACH RATOWNICZYCH UDZIA\u0141 BRA\u0141O: 3zast\u0119py, 16 ratownik\u00f3w.<\/p>\n<p><strong>21.06.2025 \u2013 Zaj\u0105c, gm. Liw \u2013 zdarzenie drogowe.<\/strong><\/p>\n<p>Do SK KP PSP W\u0119gr\u00f3w wp\u0142yn\u0119\u0142o zg\u0142oszenie o tre\u015bci: &#8222;M\u0118\u017bCZYZNA PRZEWR\u00d3CI\u0141 SI\u0118 NA MOTOCYKLU, MOTOCYKL LE\u017bY W ROWIE, M\u0118\u017bCZYZNA PRZYGNIECIONY, PRZYTOMNY, BRAK DYMIENIA&#8221;. Do zdarzenia zosta\u0142y zadysponowane dwa zast\u0119py JRG W\u0119gr\u00f3w oraz pobliski zast\u0119p OSP Wyszk\u00f3w. Po przybyciu na miejsce zdarzenia KDR JRG poda\u0142 informacje, \u017ce: Motocykl wpad\u0142 do rowu, w trakcie dojazdu s\u0142u\u017cb kieruj\u0105cy, brak innych s\u0142u\u017cb. SiS wystarczaj\u0105ce. Dzia\u0142ania zast\u0119p\u00f3w polega\u0142y na zabezpieczeniu miejsca zdarzenia, wst\u0119pnym przeszukaniu terenu wskazanego przez \u015bwiadk\u00f3w zdarzenia o kierunku oddalenia si\u0119 sprawcy wypadku. Na miejsce akcji przyby\u0142 zast\u0119p Policji, kt\u00f3ry prowadzi\u0142 dalsze czynno\u015bci dochodzeniowo-\u015bledcze oraz ZRM. Na tym dzia\u0142ania zako\u0144czono.<\/p>\n<p>W DZIA\u0141ANIACH RATOWNICZYCH UDZIA\u0141 BRA\u0141O: 3 zast\u0119p\u00f3w, 11 ratownik\u00f3w.<\/p>\n<p><strong>22.06.2025 \u2013 Zaj\u0105c, gm. Liw \u2013 pomoc Policji w poszukiwaniach.<\/strong><\/p>\n<p>Do SKKP wp\u0142yn\u0119\u0142a pro\u015bba Policji o pomoc w poszukiwaniach m\u0119\u017cczyzny, kt\u00f3ry bra\u0142 udzia\u0142 w zdarzeniu drogowym i oddali\u0142 si\u0119 z w niewiadomym kierunku. W tym celu zadysponowano zast\u0119p JRG W\u0119gr\u00f3w oraz OSP Ruchna z dronem wyposa\u017conego w kamer\u0119 termowizyjn\u0105. Poszukiwania mia\u0142y obj\u0105\u0107 teren przyleg\u0142y do miejsca zamieszkania oraz tereny przyleg\u0142e do drogi, przy kt\u00f3rej mia\u0142o miejsce zdarzenie drogowe. Po przybyciu na miejsce zast\u0119p\u00f3w, ustalono z obecnym na miejscu patrolem Policji zakres przeszukiwanego terenu (w pobli\u017cu miejsca zdarzenia). R\u00f3wnolegle Policja sprawdza\u0142a inne potencjalne miejsca dok\u0105d m\u00f3g\u0142 si\u0119 uda\u0107 m\u0119\u017cczyzna. W trakcie prowadzonych dzia\u0142a\u0144 z u\u017cyciem drona zosta\u0142 przeszukany obszar o powierzchni ok 5 ha. Sprawdzono przez stra\u017cak\u00f3w 2 miejsca wskazane przez operatora drona. Dzia\u0142ania nie przynios\u0142y rezultatu, a poszukiwania zosta\u0142y wstrzymane do rana na polecenie koordynatora z ramienia Policji. Dzia\u0142ania JOP zosta\u0142y zako\u0144czone, zast\u0119py wr\u00f3ci\u0142y do bazy.<\/p>\n<p>W DZIA\u0141ANIACH RATOWNICZYCH UDZIA\u0141 BRA\u0141O: 2 zast\u0119py, 6 ratownik\u00f3w.<\/p>\n<p><strong>22.06.2025 \u2013 Zagrodniki, gm. \u0141och\u00f3w \u2013 zdarzenie drogowe na DK50.<\/strong><\/p>\n<p>Do SKKP w W\u0119growie wp\u0142yn\u0119\u0142a formatka CPR &#8211; mz Zagrodniki o tre\u015bci: &#8222;WYPADEK W STRONE MINSKA MAZOWIECKIEGO KILKA POTRZEBUJE POMOCY MEDYCZN WYSIEDLI WSZYSCY Z POJAZD\u00d3W 2 OSOBOWE TRASA 50 265&#8221;. Dy\u017curny SKKP na miejsce zdarzenia zadysponowa\u0142 zast\u0119py Posterunku JRG oraz w\u0142a\u015bciwe miejscowo OSP KSRG. Poinformowano r\u00f3wnie\u017c o potrzebie przybycia &#8211; GDDKiA. Po doje\u017adzie na miejsce zdarzenia zast\u0119pu JRG, KDR po przeprowadzeniu rozpoznania stwierdzi\u0142, \u017ce na DK50 zaraz za wiaduktem na pograniczu miejscowo\u015bci Top\u00f3r i Zagrodniki dosz\u0142o do czo\u0142owego zderzenia dw\u00f3ch samochod\u00f3w osobowych. W wyniku zdarzenia poszkodowane zosta\u0142y dwie osoby. Wszyscy uczestnicy zdarzenia opu\u015bcili pojazdy samodzielnie. Pojazd marki Opel znajdowa\u0142 si\u0119 w ca\u0142o\u015bci poza drog\u0105, w rowie, za\u015b pojazd marki Ford cz\u0119\u015bciowo na przeciwleg\u0142ym pasie ruchu a cz\u0119\u015bciowo na poboczu. Dzia\u0142ania zast\u0119pu polega\u0142y na zabezpieczeniu miejsca zdarzenia i udzieleniu KPP osobom poszkodowanym. W trakcie tych czynno\u015bci na miejsce dotar\u0142y kolejne zadysponowane zast\u0119py, kt\u00f3re wspar\u0142y prowadzone dzia\u0142ania, a tak\u017ce dwie karetki ZRM i Policja. Poszkodowanych przekazano ZRM wraz z kartami udzielonej KPP. Jedna osoba odm\u00f3wi\u0142a przyj\u0119cia KPP, co odnotowano w karcie. Dalsze dzia\u0142ania polega\u0142y na zabezpieczaniu miejsca zdarzenia i pomocy Policji w organizacji ruchu drogowego. Po odje\u017adzie ZRM z osobami poszkodowanymi do szpitala, pojazdy i miejsce zdarzenia przekazano protoko\u0142em Policji..<\/p>\n<p>W DZIA\u0141ANIACH RATOWNICZYCH UDZIA\u0141 BRA\u0141O: 4 zast\u0119py, 21 ratownik\u00f3w.<\/p>\n<p><strong>KP PSP W\u0119gr\u00f3w<\/strong><\/p>\n","protected":false},"excerpt":{"rendered":"<p>W okresie od 16.06.2025 do 22.06.2025 na terenie powiatu w\u0119growskiego odnotowano: 15 zdarze\u0144, przy kt\u00f3rych interweniowa\u0142y jednostki ochrony przeciwpo\u017carowej, w tym: 7 po\u017car\u00f3w, 7 miejscowych zagro\u017ce\u0144, 1 alarm fa\u0142szywy.<\/p>\n","protected":false},"author":1,"featured_media":0,"comment_status":"closed","ping_status":"closed","sticky":false,"template":"","format":"standard","meta":{"footnotes":""},"categories":[5,4,267],"tags":[491,643],"class_list":["post-30139","post","type-post","status-publish","format-standard","hentry","category-newsy","category-policja-straz-pozarna-pogotowie-ratunkowe","category-straz-pozarna-policja-straz-pozarna-pogotowie-ratunkowe","tag-komenda-powiatowa-panstwowej-strazy-pozarnej-w-wegrowie","tag-kronika-strazacka"],"views":976,"_links":{"self":[{"href":"https:\/\/info.sadowne.pl\/index.php?rest_route=\/wp\/v2\/posts\/30139","targetHints":{"allow":["GET"]}}],"collection":[{"href":"https:\/\/info.sadowne.pl\/index.php?rest_route=\/wp\/v2\/posts"}],"about":[{"href":"https:\/\/info.sadowne.pl\/index.php?rest_route=\/wp\/v2\/types\/post"}],"author":[{"embeddable":true,"href":"https:\/\/info.sadowne.pl\/index.php?rest_route=\/wp\/v2\/users\/1"}],"replies":[{"embeddable":true,"href":"https:\/\/info.sadowne.pl\/index.php?rest_route=%2Fwp%2Fv2%2Fcomments&post=30139"}],"version-history":[{"count":1,"href":"https:\/\/info.sadowne.pl\/index.php?rest_route=\/wp\/v2\/posts\/30139\/revisions"}],"predecessor-version":[{"id":30140,"href":"https:\/\/info.sadowne.pl\/index.php?rest_route=\/wp\/v2\/posts\/30139\/revisions\/30140"}],"wp:attachment":[{"href":"https:\/\/info.sadowne.pl\/index.php?rest_route=%2Fwp%2Fv2%2Fmedia&parent=30139"}],"wp:term":[{"taxonomy":"category","embeddable":true,"href":"https:\/\/info.sadowne.pl\/index.php?rest_route=%2Fwp%2Fv2%2Fcategories&post=30139"},{"taxonomy":"post_tag","embeddable":true,"href":"https:\/\/info.sadowne.pl\/index.php?rest_route=%2Fwp%2Fv2%2Ftags&post=30139"}],"curies":[{"name":"wp","href":"https:\/\/api.w.org\/{rel}","templated":true}]}}