{"id":30171,"date":"2025-06-30T14:52:54","date_gmt":"2025-06-30T12:52:54","guid":{"rendered":"http:\/\/info.sadowne.pl\/?p=30171"},"modified":"2025-06-30T14:52:54","modified_gmt":"2025-06-30T12:52:54","slug":"kronika-strazacka-23-29-06-2025","status":"publish","type":"post","link":"https:\/\/info.sadowne.pl\/?p=30171","title":{"rendered":"Kronika stra\u017cacka 23 \u2013 29.06.2025"},"content":{"rendered":"<p><strong><a href=\"http:\/\/info.sadowne.pl\/wp-content\/uploads\/2025\/05\/straz1.jpg\"><img loading=\"lazy\" decoding=\"async\" class=\"alignleft size-thumbnail wp-image-30020\" src=\"http:\/\/info.sadowne.pl\/wp-content\/uploads\/2025\/05\/straz1-180x130.jpg\" alt=\"\" width=\"180\" height=\"130\" \/><\/a>W<\/strong><strong> okresie<\/strong><strong> 23 &#8211; 29.06.2025 na<\/strong><strong> terenie<\/strong><strong> powiatu<\/strong><strong> w\u0119growskiego<\/strong><strong> zanotowano: <\/strong><strong>26 zdarze\u0144,<\/strong><strong> przy<\/strong><strong> kt\u00f3rych<\/strong><strong> interweniowa\u0142y<\/strong><strong> jednostki<\/strong><strong> ochrony<\/strong><strong> przeciwpo\u017carowej, w tym:<\/strong><strong> 6 po\u017car\u00f3w, 19 miejscowych zagro\u017ce\u0144, 1 alarm fa\u0142szywy.<\/strong><!--more--><\/p>\n<p><strong>23.06.2025 \u2013 \u0141och\u00f3w, dworzec PKP \u2013 \u00a03 osoby uwi\u0119zione w windzie .<\/strong><\/p>\n<p>Z powodu awarii windy na peronach w \u015brodku zatrza\u015bni\u0119ta jest kobieta m\u0119\u017cczyzna i dziecko. Dzia\u0142ania zast\u0119pu polega\u0142y na zabezpieczeniu miejsca, otwarciu windy przy pomocy klucza do wind. Dzia\u0142ania doprowadzi\u0142y do otwarcia drzwi windy i uwolnieniu 3-osobowej rodziny. Osoby uwolnione nie potrzebowa\u0142y pomocy medycznej.<\/p>\n<p>W DZIA\u0141ANIACH RATOWNICZYCH UDZIA\u0141 BRA\u0141O: 2 zast\u0119py, 10 ratownik\u00f3w.<strong>\u00a0<\/strong><\/p>\n<p><strong>27.06.2025 \u2013 Le\u015bniki, gm. Korytnica \u2013 samoch\u00f3d osobowy uderzy\u0142 w drzewo, ranne dwie osoby.<\/strong><\/p>\n<p>&#8222;Samoch\u00f3d osobowy uderzy\u0142 w drzewo, podr\u00f3\u017cowa\u0142o cztery osoby, jedna z os\u00f3b uskar\u017ca si\u0119 na b\u00f3l g\u0142owy, pozosta\u0142e osoby nie potrzebuj\u0105 pomocy medycznej, pojazd cz\u0119\u015bciowo poza drog\u0105\u201d. Dzia\u0142ania zast\u0119p\u00f3w polega\u0142y na zabezpieczaniu miejsca zdarzenia poprzez od\u0142\u0105czenie akumulatora, wprowadzeniu czasowej organizacji ruchu polegaj\u0105cej na ca\u0142kowitym zamkni\u0119ciu drogi oraz ograniczeniu przy pomocy sorbentu rozlewu p\u0142yn\u00f3w eksploatacyjnych uszkodzonego pojazdu. Jednocze\u015bnie przyst\u0105piono do udzielania KPP osobom uczestnicz\u0105cym w zdarzeniu. Po rozpoznaniu okaza\u0142o si\u0119, i\u017c pomocy wymaga dwie osoby podr\u00f3\u017cuj\u0105ce samochodem osobowym, Po przybyciu na miejsce zdarzenia ZRM przekazano osoby poszkodowane.<\/p>\n<p>W DZIA\u0141ANIACH RATOWNICZYCH UDZIA\u0141 BRA\u0141O: 3 zast\u0119py, 15 ratownik\u00f3w.<\/p>\n<p><strong>28.06.2025 \u2013 Mrozowa Wola, gm. Stoczek \u2013 po\u017car poddasza budynku mieszkalnego<\/strong><strong>.<\/strong><\/p>\n<p>Po\u017carem cz\u0119\u015bciowo obj\u0119ty jest strych budynku, przed przyjazdem jednostek wszyscy mieszka\u0144cy opu\u015bcili budynek oraz wy\u0142\u0105czyli g\u0142\u00f3wne zasilanie. Dzia\u0142ania zast\u0119p\u00f3w polega\u0142y na zabezpieczeniu miejsca zdarzenia, podaniu pr\u0105du wody w natarciu na po\u017car oraz wygaszeniu pieca. Dzia\u0142ania te doprowadzi\u0142y do lokalizacji po\u017caru i w efekcie do jego ugaszenia. Nast\u0119pnie usuni\u0119to trociny ze strychu, a budynek zosta\u0142 przewietrzony i sprawdzony kamer\u0105 termowizyjn\u0105<\/p>\n<p>W DZIA\u0141ANIACH RATOWNICZYCH UDZIA\u0141 BRA\u0141O: 5 zast\u0119p\u00f3w, 25 ratownik\u00f3w.<\/p>\n<p><strong>Ponadto w podanym okresie 12 zdarze\u0144 by\u0142o zwi\u0105zanych z \u00a0silnymi wiatrami, usuwaniem powalonych drzew i ga\u0142\u0119zi.<\/strong><\/p>\n<p><strong>KP PSP W\u0119gr\u00f3w<\/strong><\/p>\n","protected":false},"excerpt":{"rendered":"<p>W okresie 23 &#8211; 29.06.2025 na terenie powiatu w\u0119growskiego zanotowano: 26 zdarze\u0144, przy kt\u00f3rych interweniowa\u0142y jednostki ochrony przeciwpo\u017carowej, w tym: 6 po\u017car\u00f3w, 19 miejscowych zagro\u017ce\u0144, 1 alarm fa\u0142szywy.<\/p>\n","protected":false},"author":1,"featured_media":0,"comment_status":"closed","ping_status":"closed","sticky":false,"template":"","format":"standard","meta":{"footnotes":""},"categories":[5,4,267],"tags":[491,643],"class_list":["post-30171","post","type-post","status-publish","format-standard","hentry","category-newsy","category-policja-straz-pozarna-pogotowie-ratunkowe","category-straz-pozarna-policja-straz-pozarna-pogotowie-ratunkowe","tag-komenda-powiatowa-panstwowej-strazy-pozarnej-w-wegrowie","tag-kronika-strazacka"],"views":1041,"_links":{"self":[{"href":"https:\/\/info.sadowne.pl\/index.php?rest_route=\/wp\/v2\/posts\/30171","targetHints":{"allow":["GET"]}}],"collection":[{"href":"https:\/\/info.sadowne.pl\/index.php?rest_route=\/wp\/v2\/posts"}],"about":[{"href":"https:\/\/info.sadowne.pl\/index.php?rest_route=\/wp\/v2\/types\/post"}],"author":[{"embeddable":true,"href":"https:\/\/info.sadowne.pl\/index.php?rest_route=\/wp\/v2\/users\/1"}],"replies":[{"embeddable":true,"href":"https:\/\/info.sadowne.pl\/index.php?rest_route=%2Fwp%2Fv2%2Fcomments&post=30171"}],"version-history":[{"count":1,"href":"https:\/\/info.sadowne.pl\/index.php?rest_route=\/wp\/v2\/posts\/30171\/revisions"}],"predecessor-version":[{"id":30172,"href":"https:\/\/info.sadowne.pl\/index.php?rest_route=\/wp\/v2\/posts\/30171\/revisions\/30172"}],"wp:attachment":[{"href":"https:\/\/info.sadowne.pl\/index.php?rest_route=%2Fwp%2Fv2%2Fmedia&parent=30171"}],"wp:term":[{"taxonomy":"category","embeddable":true,"href":"https:\/\/info.sadowne.pl\/index.php?rest_route=%2Fwp%2Fv2%2Fcategories&post=30171"},{"taxonomy":"post_tag","embeddable":true,"href":"https:\/\/info.sadowne.pl\/index.php?rest_route=%2Fwp%2Fv2%2Ftags&post=30171"}],"curies":[{"name":"wp","href":"https:\/\/api.w.org\/{rel}","templated":true}]}}