{"id":30173,"date":"2025-07-01T16:34:20","date_gmt":"2025-07-01T14:34:20","guid":{"rendered":"http:\/\/info.sadowne.pl\/?p=30173"},"modified":"2025-07-01T16:34:20","modified_gmt":"2025-07-01T14:34:20","slug":"sadowianki-gajowka-klin","status":"publish","type":"post","link":"https:\/\/info.sadowne.pl\/?p=30173","title":{"rendered":"SADOWIANKI &#8211; GAJ\u00d3WKA KLIN"},"content":{"rendered":"<p><strong><a href=\"http:\/\/info.sadowne.pl\/wp-content\/uploads\/2025\/07\/sad1151.jpg\"><img loading=\"lazy\" decoding=\"async\" class=\"alignleft size-thumbnail wp-image-30174\" src=\"http:\/\/info.sadowne.pl\/wp-content\/uploads\/2025\/07\/sad1151-180x130.jpg\" alt=\"\" width=\"180\" height=\"130\" \/><\/a>29 maja 2023, godz. 20.30.<\/strong><!--more--><\/p>\n<p>W poniedzia\u0142ek wieczorem do\u015b\u0107 liczna grupa wiernych zebra\u0142a si\u0119 w miejscu narodzin B\u0142ogos\u0142awionego Ksi\u0119dza Edwarda Grzyma\u0142y.<\/p>\n<p>Zesp\u00f3\u0142 \u015apiewaczy Sadowianki rozpocz\u0105\u0142 to pi\u0119kne spotkanie pie\u015bni\u0105 o tytule<strong>: ,,Po g\u00f3rach dolinach\u201d .<\/strong><\/p>\n<p>Sadowianki z le\u015bnej drogi wesz\u0142y na polan\u0119 i \u015bpiewaj\u0105c zbli\u017cy\u0142y si\u0119 do obrazu z wizerunkiem Matki Boskiej, kt\u00f3ry zawieszony jest na drzewie, ozdobiony kwiatami i lampeczkami. Tam Sadowianki zatrzyma\u0142y si\u0119 na chwil\u0119, pozdrowi\u0142y Matk\u0119 Bo\u017c\u0105, a nast\u0119pnie zaj\u0119\u0142y miejsce po prawej stronie o\u0142tarza, by swoim \u015bpiewem dalej ubogaca\u0107 msz\u0119 \u015bwi\u0119t\u0105, odprawian\u0105 przez ks. proboszcza Antoniego Kunickiego, w asy\u015bcie pozosta\u0142ych naszych ksi\u0119\u017cy i p. organisty Marcina.<\/p>\n<p><a href=\"http:\/\/info.sadowne.pl\/wp-content\/uploads\/2025\/07\/sad1151.jpg\"><img loading=\"lazy\" decoding=\"async\" class=\"aligncenter size-full wp-image-30174\" src=\"http:\/\/info.sadowne.pl\/wp-content\/uploads\/2025\/07\/sad1151.jpg\" alt=\"\" width=\"608\" height=\"354\" srcset=\"https:\/\/info.sadowne.pl\/wp-content\/uploads\/2025\/07\/sad1151.jpg 608w, https:\/\/info.sadowne.pl\/wp-content\/uploads\/2025\/07\/sad1151-300x175.jpg 300w\" sizes=\"auto, (max-width: 608px) 100vw, 608px\" \/><\/a><\/p>\n<p>Po mszy \u015bwi\u0119tej do <strong>Sadowianek<\/strong> do\u0142\u0105czy\u0142 ks. Krzysztof oraz organista p. Marcin, aby nadal poprzez pie\u015bni s\u0142awi\u0107 Naj\u015bwi\u0119tsz\u0105 Panienk\u0119 oraz miejsce narodzin B\u0142. Ks. Edwarda Grzyma\u0142y. Parafianie ch\u0119tnie \u015bpiewali razem z nami, nikt jako\u015b nie mia\u0142 ochoty odje\u017cd\u017ca\u0107.<\/p>\n<p><a href=\"http:\/\/info.sadowne.pl\/wp-content\/uploads\/2025\/07\/sad1152.jpg\"><img loading=\"lazy\" decoding=\"async\" class=\"aligncenter size-full wp-image-30175\" src=\"http:\/\/info.sadowne.pl\/wp-content\/uploads\/2025\/07\/sad1152.jpg\" alt=\"\" width=\"233\" height=\"103\" \/><\/a><\/p>\n<p>&nbsp;<\/p>\n<p style=\"text-align: center;\"><strong>W\u0118GR\u00d3W<\/strong><\/p>\n<p style=\"text-align: center;\"><strong>30 maja 2023 roku<\/strong><\/p>\n<p style=\"text-align: center;\"><span style=\"color: #339966;\"><strong>Wiceminister RP, Minister Kultury i Dziedzictwa Narodowego<\/strong><\/span><\/p>\n<p><strong> <a href=\"http:\/\/info.sadowne.pl\/wp-content\/uploads\/2025\/07\/sad1153.jpg\"><img loading=\"lazy\" decoding=\"async\" class=\"aligncenter size-full wp-image-30176\" src=\"http:\/\/info.sadowne.pl\/wp-content\/uploads\/2025\/07\/sad1153.jpg\" alt=\"\" width=\"389\" height=\"404\" srcset=\"https:\/\/info.sadowne.pl\/wp-content\/uploads\/2025\/07\/sad1153.jpg 389w, https:\/\/info.sadowne.pl\/wp-content\/uploads\/2025\/07\/sad1153-289x300.jpg 289w\" sizes=\"auto, (max-width: 389px) 100vw, 389px\" \/><\/a><\/strong><\/p>\n<p style=\"text-align: center;\"><span style=\"color: #ff0000;\"><strong>P. <\/strong><\/span><span style=\"color: #ff0000;\"><strong>Piotr Gli<\/strong><strong>\u0144<\/strong><strong>ski<\/strong><\/span><\/p>\n<p style=\"text-align: center;\"><span style=\"color: #ff0000;\"><strong>odwiedzi\u0142 W \u0118 G R \u00d3 W<\/strong><\/span><\/p>\n<p>W Centrum Dialogu Kultur go\u015bci\u0142 <strong>prof. dr hab. Piotr Gli\u0144ski<\/strong> \u2013 Wicepremier, Minister Kultury i Dziedzictwa Narodowego, kt\u00f3ry spotka\u0142 si\u0119 z mieszka\u0144cami powiatu w\u0119growskiego na zaproszenie <strong>Senator RP Marii Koc, Pos\u0142a na Sejm Macieja G\u00f3rskiego i starosty w\u0119growskiego Ewy Besztak<\/strong><strong>.<\/strong><\/p>\n<p>Spotkanie w Centrum Dialogu Kultur odby\u0142o si\u0119 w ramach cyklu <strong>\u201ePrzysz\u0142o\u015b\u0107 to Polska\u201d <\/strong>organizowanego przez Prawo i Sprawiedliwo\u015b\u0107 z przedstawicielami rz\u0105du, instytucji, pos\u0142ami i senatorami. Spotkanie w W\u0119growie po\u015bwi\u0119cone by\u0142o m.in. zagadnieniu kultury w budowaniu polskiej to\u017csamo\u015bci oraz dotyczy\u0142o rozwoju kraju i znaczenia kultury w \u017cyciu lokalnych spo\u0142eczno\u015bci oraz ca\u0142ego narodu.<\/p>\n<p>Zebranych przywita\u0142a <strong>Senator Maria Koc<\/strong> i w skr\u00f3cie przypomnia\u0142a histori\u0119 XVII-wiecznego klasztoru, w kt\u00f3rego wirydarzu odbywa\u0142o si\u0119 spotkanie. Klasztor w W\u0119growie zosta\u0142 podniesiony z ruin dzi\u0119ki \u015brodkom unijnym\/trans granicznym oraz pieni\u0105dzom z Ministerstwa Kultury.<\/p>\n<p><a href=\"http:\/\/info.sadowne.pl\/wp-content\/uploads\/2025\/07\/sad1154.jpg\"><img loading=\"lazy\" decoding=\"async\" class=\"aligncenter size-full wp-image-30177\" src=\"http:\/\/info.sadowne.pl\/wp-content\/uploads\/2025\/07\/sad1154.jpg\" alt=\"\" width=\"608\" height=\"261\" srcset=\"https:\/\/info.sadowne.pl\/wp-content\/uploads\/2025\/07\/sad1154.jpg 608w, https:\/\/info.sadowne.pl\/wp-content\/uploads\/2025\/07\/sad1154-300x129.jpg 300w\" sizes=\"auto, (max-width: 608px) 100vw, 608px\" \/><\/a><\/p>\n<p>W rozmowie uczestniczyli parlamentarzy\u015bci: <strong>senator Maria Koc<\/strong>, pose\u0142 <strong>Maciej G\u00f3rski,<\/strong> pose\u0142 <strong>Daniel Milewski<\/strong>, samorz\u0105dowcy z <strong>Ew\u0105 Besztak<\/strong> \u2013 starost\u0105 powiatu w\u0119growskiego oraz <strong>Marek Zi\u0119dalski<\/strong> \u2013 wicestarosta powiatu garwoli\u0144skiego z delegacj\u0105, przedstawiciele \u015bwiata kultury, Ko\u0142a Gospody\u0144 Wiejskich, Zespo\u0142y Ludowe.<\/p>\n<p><a href=\"http:\/\/info.sadowne.pl\/wp-content\/uploads\/2025\/07\/sad1155.jpg\"><img loading=\"lazy\" decoding=\"async\" class=\"aligncenter size-full wp-image-30178\" src=\"http:\/\/info.sadowne.pl\/wp-content\/uploads\/2025\/07\/sad1155.jpg\" alt=\"\" width=\"605\" height=\"394\" srcset=\"https:\/\/info.sadowne.pl\/wp-content\/uploads\/2025\/07\/sad1155.jpg 605w, https:\/\/info.sadowne.pl\/wp-content\/uploads\/2025\/07\/sad1155-300x195.jpg 300w\" sizes=\"auto, (max-width: 605px) 100vw, 605px\" \/><\/a><\/p>\n<p>Uczestnicy mieli okazj\u0119 zobaczy\u0107 wystaw\u0119 zabytkowych akordeon\u00f3w <strong>Andrzeja Oltona z Sadownego <\/strong>oraz tkanin i wycinanek z op\u0142atka <strong>Ma\u0142gorzaty Pep\u0142owskiej.<\/strong><\/p>\n<p>Wicepremier <strong>Piotr Gli\u0144ski<\/strong> podkre\u015bli\u0142, \u017ce kultura, tak\u017ce w ma\u0142ych o\u015brodkach i wsp\u00f3lnotach jest niezwykle istotna i wymaga nieustannego wsparcia, zar\u00f3wno ze strony instytucji pa\u0144stwowych, jak te\u017c i samorz\u0105dowych. Ministerstwo Kultury i Dziedzictwa Narodowego wspiera kultur\u0119 oraz zabytki na wielu p\u0142aszczyznach. Potrzebni s\u0105 ludzie utalentowani w ka\u017cdym spo\u0142ecze\u0144stwie, nale\u017cy wi\u0119c nagradza\u0107, ka\u017cd\u0105 dzia\u0142alno\u015b\u0107, tych kt\u00f3rzy s\u0105 najlepsi w poszczeg\u00f3lnych kategoriach, kt\u00f3rzy dzia\u0142aj\u0105 i pracuj\u0105 na nasz\u0105 kultur\u0119 i dziedzictwo narodowe.<\/p>\n<p>My jako zesp\u00f3\u0142 r\u00f3wnie\u017c wiemy, \u017ce ka\u017cde nasze spotkanie, to nies\u0142ychanie buduj\u0105ca historia, pi\u0119kne teksty, muzyka, obecno\u015b\u0107 tradycji przekazywanych z pokolenia na pokolenie, wsp\u00f3lny \u015bpiew, rozmowy, to wszystko scala nasz\u0105 grup\u0119. \u015apiewamy nie tylko dla nagr\u00f3d i pochwa\u0142, piel\u0119gnujemy tradycj\u0119 i kultur\u0119 ludow\u0105, przypominamy obrz\u0119dy, kt\u00f3re w niesamowity spos\u00f3b ukazuj\u0105 \u017cycie dawnej wsi. Dzia\u0142aj\u0105c, wiemy, \u017ce \u017cyjemy i czujemy si\u0119 potrzebni.<\/p>\n<p><strong>Na 50-lecie<\/strong> naszej dzia\u0142alno\u015bci otrzymali\u015bmy odznak\u0119 honorow\u0105 od <strong>prof. dr hab. Piotra Gli\u0144skiego <\/strong>\u2013 Wicepremiera, Ministra Kultury i Dziedzictwa Narodowego,<\/p>\n<p><strong> <a href=\"http:\/\/info.sadowne.pl\/wp-content\/uploads\/2025\/07\/sad1156.jpg\"><img loading=\"lazy\" decoding=\"async\" class=\"aligncenter size-full wp-image-30179\" src=\"http:\/\/info.sadowne.pl\/wp-content\/uploads\/2025\/07\/sad1156.jpg\" alt=\"\" width=\"427\" height=\"305\" srcset=\"https:\/\/info.sadowne.pl\/wp-content\/uploads\/2025\/07\/sad1156.jpg 427w, https:\/\/info.sadowne.pl\/wp-content\/uploads\/2025\/07\/sad1156-300x214.jpg 300w, https:\/\/info.sadowne.pl\/wp-content\/uploads\/2025\/07\/sad1156-180x130.jpg 180w\" sizes=\"auto, (max-width: 427px) 100vw, 427px\" \/><\/a><\/strong><\/p>\n<p><a href=\"http:\/\/info.sadowne.pl\/wp-content\/uploads\/2025\/07\/sad1157.jpg\"><img loading=\"lazy\" decoding=\"async\" class=\"aligncenter size-full wp-image-30180\" src=\"http:\/\/info.sadowne.pl\/wp-content\/uploads\/2025\/07\/sad1157.jpg\" alt=\"\" width=\"362\" height=\"315\" srcset=\"https:\/\/info.sadowne.pl\/wp-content\/uploads\/2025\/07\/sad1157.jpg 362w, https:\/\/info.sadowne.pl\/wp-content\/uploads\/2025\/07\/sad1157-300x261.jpg 300w\" sizes=\"auto, (max-width: 362px) 100vw, 362px\" \/><\/a><\/p>\n<p style=\"text-align: center;\"><strong>\u00a0\u00a0 <\/strong><strong>Zesp\u00f3\u0142 \u015apiewaczy Sadowianki <\/strong><\/p>\n<p style=\"text-align: center;\"><strong>,,Zas\u0142u\u017cony Dla Kultury Polskiej\u201d<\/strong><\/p>\n<p><strong>\u00a0<\/strong><\/p>\n<h3 style=\"text-align: center;\"><strong>SADOWNE<\/strong><\/h3>\n<h3 style=\"text-align: center;\"><strong>OSP SADOWNE \/Remiza\/<\/strong><\/h3>\n<h3 style=\"text-align: center;\"><em><span style=\"color: #ff0000;\"><strong>31 maja 2023 roku<\/strong><\/span><\/em><\/h3>\n<h3 style=\"text-align: center;\"><em><span style=\"color: #ff0000;\"><strong>Wizytacja kanoniczna ks. bpa Piotra Sawczuka <\/strong><\/span><\/em><\/h3>\n<h3 style=\"text-align: center;\"><em><span style=\"color: #ff0000;\"><strong>\u2013 Biskupa Drohiczy<\/strong><strong>\u0144<\/strong><strong>skiego<\/strong><\/span><\/em><\/h3>\n<p><strong>Ks. bp Piotr Sawczuk <\/strong>przeprowadzi\u0142 trzydniow\u0105 wizytacj\u0119 kanoniczn\u0105 w parafii \u015bw. Jana Chrzciciela w Sadownem.<\/p>\n<p><strong> <a href=\"http:\/\/info.sadowne.pl\/wp-content\/uploads\/2025\/07\/sad1158.jpg\"><img loading=\"lazy\" decoding=\"async\" class=\"aligncenter size-full wp-image-30181\" src=\"http:\/\/info.sadowne.pl\/wp-content\/uploads\/2025\/07\/sad1158.jpg\" alt=\"\" width=\"451\" height=\"340\" srcset=\"https:\/\/info.sadowne.pl\/wp-content\/uploads\/2025\/07\/sad1158.jpg 451w, https:\/\/info.sadowne.pl\/wp-content\/uploads\/2025\/07\/sad1158-300x226.jpg 300w\" sizes=\"auto, (max-width: 451px) 100vw, 451px\" \/><\/a><\/strong><\/p>\n<p style=\"text-align: center;\"><strong>\u00a0<\/strong><strong>Biskup Drohiczy\u0144ski \u2013\u00a0 Piotr Sawczuk<\/strong><\/p>\n<p>Wizytacja kanoniczna sadowie\u0144skiej Parafii rozpocz\u0119\u0142a si\u0119 w niedziel\u0119 28 maja 2023 roku \u2013 <strong>ks. bp Piotr Sawczuk<\/strong> spotka\u0142 si\u0119 z parafianami w sadowie\u0144skim ko\u015bciele i kaplicy w Mrozowej Woli.<\/p>\n<p><a href=\"http:\/\/info.sadowne.pl\/wp-content\/uploads\/2025\/07\/sad1159.jpg\"><img loading=\"lazy\" decoding=\"async\" class=\"aligncenter size-full wp-image-30182\" src=\"http:\/\/info.sadowne.pl\/wp-content\/uploads\/2025\/07\/sad1159.jpg\" alt=\"\" width=\"609\" height=\"337\" srcset=\"https:\/\/info.sadowne.pl\/wp-content\/uploads\/2025\/07\/sad1159.jpg 609w, https:\/\/info.sadowne.pl\/wp-content\/uploads\/2025\/07\/sad1159-300x166.jpg 300w\" sizes=\"auto, (max-width: 609px) 100vw, 609px\" \/><\/a><\/p>\n<p>Ks. biskup odwiedzi\u0142 r\u00f3wnie\u017c miejsce narodzin B\u0142ogos\u0142awionego Edwarda Grzyma\u0142y.<\/p>\n<p>W dniu 30 maja odby\u0142a si\u0119 msza w kaplicy w Ko\u0142odzi\u0105\u017cu i spotkanie z nauczycielami oraz uczniami NSP w Ko\u0142odzi\u0105\u017cu, Szko\u0142y Podstawowej i Przedszkola w Sadownem, a tak\u017ce Zespo\u0142u Szk\u00f3\u0142 Ponadpodstawowych w Sadownem.<\/p>\n<p><a href=\"http:\/\/info.sadowne.pl\/wp-content\/uploads\/2025\/07\/sad1160.jpg\"><img loading=\"lazy\" decoding=\"async\" class=\"aligncenter size-full wp-image-30183\" src=\"http:\/\/info.sadowne.pl\/wp-content\/uploads\/2025\/07\/sad1160.jpg\" alt=\"\" width=\"427\" height=\"349\" srcset=\"https:\/\/info.sadowne.pl\/wp-content\/uploads\/2025\/07\/sad1160.jpg 427w, https:\/\/info.sadowne.pl\/wp-content\/uploads\/2025\/07\/sad1160-300x245.jpg 300w\" sizes=\"auto, (max-width: 427px) 100vw, 427px\" \/><\/a><\/p>\n<p style=\"text-align: center;\"><strong>Ks. bp Piotr Sawczuk, zast\u0119pca w\u00f3jta p. Marcin Gr\u0119da, <\/strong><strong>w\u00f3jt p. Waldemar Cyran<\/strong><\/p>\n<p>W ostatnim dniu wizytacji, 31 maja, takie spotkania odby\u0142y si\u0119 w kaplicy w Zarzetce oraz Szkole Podstawowej w Grabinach, Centrum Rehabilitacji w Sadolesiu oraz Urz\u0119dzie Gminy w Sadownem, w kt\u00f3rym uczestniczy\u0142 r\u00f3wnie\u017c <strong>Zesp\u00f3\u0142 \u015apiewaczy SADOWIANKI.<\/strong><\/p>\n<p><strong><a href=\"http:\/\/info.sadowne.pl\/wp-content\/uploads\/2025\/07\/sad1161.jpg\"><img loading=\"lazy\" decoding=\"async\" class=\"aligncenter size-full wp-image-30184\" src=\"http:\/\/info.sadowne.pl\/wp-content\/uploads\/2025\/07\/sad1161.jpg\" alt=\"\" width=\"557\" height=\"355\" srcset=\"https:\/\/info.sadowne.pl\/wp-content\/uploads\/2025\/07\/sad1161.jpg 557w, https:\/\/info.sadowne.pl\/wp-content\/uploads\/2025\/07\/sad1161-300x191.jpg 300w\" sizes=\"auto, (max-width: 557px) 100vw, 557px\" \/><\/a>\u00a0<\/strong><\/p>\n<p style=\"text-align: center;\"><strong>Przypadkowe spotkanie z ksi\u0119dzem biskupem przed Urz\u0119dem Gminy <\/strong><strong>w Sadownem<\/strong><\/p>\n<p><strong> <a href=\"http:\/\/info.sadowne.pl\/wp-content\/uploads\/2025\/07\/sad1162.jpg\"><img loading=\"lazy\" decoding=\"async\" class=\"aligncenter size-full wp-image-30185\" src=\"http:\/\/info.sadowne.pl\/wp-content\/uploads\/2025\/07\/sad1162.jpg\" alt=\"\" width=\"608\" height=\"313\" srcset=\"https:\/\/info.sadowne.pl\/wp-content\/uploads\/2025\/07\/sad1162.jpg 608w, https:\/\/info.sadowne.pl\/wp-content\/uploads\/2025\/07\/sad1162-300x154.jpg 300w\" sizes=\"auto, (max-width: 608px) 100vw, 608px\" \/><\/a><\/strong><\/p>\n<p style=\"text-align: center;\"><strong>\u00a0<\/strong><strong>SADOWIANKI<\/strong><\/p>\n<p><strong> <a href=\"http:\/\/info.sadowne.pl\/wp-content\/uploads\/2025\/07\/sad1163.jpg\"><img loading=\"lazy\" decoding=\"async\" class=\"aligncenter size-full wp-image-30186\" src=\"http:\/\/info.sadowne.pl\/wp-content\/uploads\/2025\/07\/sad1163.jpg\" alt=\"\" width=\"603\" height=\"344\" srcset=\"https:\/\/info.sadowne.pl\/wp-content\/uploads\/2025\/07\/sad1163.jpg 603w, https:\/\/info.sadowne.pl\/wp-content\/uploads\/2025\/07\/sad1163-300x171.jpg 300w\" sizes=\"auto, (max-width: 603px) 100vw, 603px\" \/><\/a><\/strong><\/p>\n<p style=\"text-align: center;\"><strong>\u00a0<\/strong><strong>Zbyszek Danaj, Krysia Wetoszka, Hania D\u0119bkowska, Ania Chojecka, Dorotka Olkowska, Basia Wr\u00f3bel<\/strong><\/p>\n<p><strong> <a href=\"http:\/\/info.sadowne.pl\/wp-content\/uploads\/2025\/07\/sad1164.jpg\"><img loading=\"lazy\" decoding=\"async\" class=\"aligncenter size-full wp-image-30187\" src=\"http:\/\/info.sadowne.pl\/wp-content\/uploads\/2025\/07\/sad1164.jpg\" alt=\"\" width=\"607\" height=\"226\" srcset=\"https:\/\/info.sadowne.pl\/wp-content\/uploads\/2025\/07\/sad1164.jpg 607w, https:\/\/info.sadowne.pl\/wp-content\/uploads\/2025\/07\/sad1164-300x112.jpg 300w\" sizes=\"auto, (max-width: 607px) 100vw, 607px\" \/><\/a><\/strong><\/p>\n<p style=\"text-align: center;\"><strong>\u00a0<\/strong><strong>Zesp\u00f3\u0142 \u015apiewaczy Sadowianki przywita\u0142 ks. biskupa swoimi piosenkami<\/strong><\/p>\n<p><strong> <a href=\"http:\/\/info.sadowne.pl\/wp-content\/uploads\/2025\/07\/sad1165.jpg\"><img loading=\"lazy\" decoding=\"async\" class=\"aligncenter size-full wp-image-30188\" src=\"http:\/\/info.sadowne.pl\/wp-content\/uploads\/2025\/07\/sad1165.jpg\" alt=\"\" width=\"607\" height=\"268\" srcset=\"https:\/\/info.sadowne.pl\/wp-content\/uploads\/2025\/07\/sad1165.jpg 607w, https:\/\/info.sadowne.pl\/wp-content\/uploads\/2025\/07\/sad1165-300x132.jpg 300w\" sizes=\"auto, (max-width: 607px) 100vw, 607px\" \/><\/a><\/strong><\/p>\n<p style=\"text-align: center;\"><strong>SADOWIANKI<\/strong><\/p>\n<p><strong><a href=\"http:\/\/info.sadowne.pl\/wp-content\/uploads\/2025\/07\/sad1166.jpg\"><img loading=\"lazy\" decoding=\"async\" class=\"aligncenter size-full wp-image-30189\" src=\"http:\/\/info.sadowne.pl\/wp-content\/uploads\/2025\/07\/sad1166.jpg\" alt=\"\" width=\"605\" height=\"317\" srcset=\"https:\/\/info.sadowne.pl\/wp-content\/uploads\/2025\/07\/sad1166.jpg 605w, https:\/\/info.sadowne.pl\/wp-content\/uploads\/2025\/07\/sad1166-300x157.jpg 300w\" sizes=\"auto, (max-width: 605px) 100vw, 605px\" \/><\/a>\u00a0<\/strong><\/p>\n<p style=\"text-align: center;\"><strong>\u017byczenia dla ks. biskupa za\u015bpiewane przez Sadowianki pod przewodnictwem ks. proboszcza Antoniego Kunickiego<\/strong><\/p>\n<p><a href=\"http:\/\/info.sadowne.pl\/wp-content\/uploads\/2025\/07\/sad1167.jpg\"><img loading=\"lazy\" decoding=\"async\" class=\"aligncenter size-full wp-image-30190\" src=\"http:\/\/info.sadowne.pl\/wp-content\/uploads\/2025\/07\/sad1167.jpg\" alt=\"\" width=\"609\" height=\"312\" srcset=\"https:\/\/info.sadowne.pl\/wp-content\/uploads\/2025\/07\/sad1167.jpg 609w, https:\/\/info.sadowne.pl\/wp-content\/uploads\/2025\/07\/sad1167-300x154.jpg 300w\" sizes=\"auto, (max-width: 609px) 100vw, 609px\" \/><\/a><\/p>\n<p style=\"text-align: center;\"><strong>Wsp\u00f3lne zdj\u0119cie po spotkaniu<\/strong><\/p>\n<p><strong>\u00a0<\/strong><\/p>\n<p>Zgodnie z prawem kanonicznym: \u2013<\/p>\n<p><em><strong>\u201eBiskup diecezjalny poprzez swoj\u0105 pos\u0142ug\u0119 utwierdza lud wierny w wierze, nadziei i mi\u0142o\u015bci. <\/strong><\/em><\/p>\n<p><em><strong>Biskup realizuje te cele w szczeg\u00f3lnym wymiarze w ramach wizytacji kanonicznej. <\/strong><\/em><\/p>\n<p><em><strong>Biskup ma obowi\u0105zek przeprowadzi\u0107 tak\u0105 wizytacj\u0119 zgodnie z norm\u0105 prawn\u0105 Kodeksu Prawa Kanonicznego, raz na pi\u0119\u0107 lat, osobi\u015bcie lub przez swojego biskupa pomocniczego\u201d.<\/strong><\/em><\/p>\n<p><strong><a href=\"http:\/\/info.sadowne.pl\/wp-content\/uploads\/2025\/07\/sad1168.jpg\"><img loading=\"lazy\" decoding=\"async\" class=\"aligncenter size-full wp-image-30191\" src=\"http:\/\/info.sadowne.pl\/wp-content\/uploads\/2025\/07\/sad1168.jpg\" alt=\"\" width=\"608\" height=\"400\" srcset=\"https:\/\/info.sadowne.pl\/wp-content\/uploads\/2025\/07\/sad1168.jpg 608w, https:\/\/info.sadowne.pl\/wp-content\/uploads\/2025\/07\/sad1168-300x197.jpg 300w\" sizes=\"auto, (max-width: 608px) 100vw, 608px\" \/><\/a>\u00a0<\/strong><\/p>\n<p>Wizytacj\u0119 zako\u0144czy\u0142a popo\u0142udniowa msza i bierzmowanie w sadowie\u0144skim ko\u015bciele parafialnym.<\/p>\n<p><a href=\"http:\/\/info.sadowne.pl\/wp-content\/uploads\/2025\/07\/sad1169.jpg\"><img loading=\"lazy\" decoding=\"async\" class=\"aligncenter size-full wp-image-30192\" src=\"http:\/\/info.sadowne.pl\/wp-content\/uploads\/2025\/07\/sad1169.jpg\" alt=\"\" width=\"608\" height=\"253\" srcset=\"https:\/\/info.sadowne.pl\/wp-content\/uploads\/2025\/07\/sad1169.jpg 608w, https:\/\/info.sadowne.pl\/wp-content\/uploads\/2025\/07\/sad1169-300x125.jpg 300w\" sizes=\"auto, (max-width: 608px) 100vw, 608px\" \/><\/a><\/p>\n<p><a href=\"http:\/\/info.sadowne.pl\/wp-content\/uploads\/2025\/07\/sad1170.jpg\"><img loading=\"lazy\" decoding=\"async\" class=\"aligncenter size-full wp-image-30193\" src=\"http:\/\/info.sadowne.pl\/wp-content\/uploads\/2025\/07\/sad1170.jpg\" alt=\"\" width=\"119\" height=\"122\" \/><\/a><\/p>\n<p><strong>\u0179r\u00f3d\u0142o:<\/strong> SADOWIANKI, Barbara Wr\u00f3bel, Sadowne 2025<\/p>\n","protected":false},"excerpt":{"rendered":"<p>29 maja 2023, godz. 20.30.<\/p>\n","protected":false},"author":1,"featured_media":0,"comment_status":"closed","ping_status":"closed","sticky":false,"template":"","format":"standard","meta":{"footnotes":""},"categories":[5,31,1202],"tags":[1218,101,960],"class_list":["post-30173","post","type-post","status-publish","format-standard","hentry","category-newsy","category-historia-gminy","category-zespol-spiewaczy-sadowianki","tag-barbara-wrobel","tag-historia-gminy-sadowne","tag-zespol-spiewaczy-sadowianki"],"views":1178,"_links":{"self":[{"href":"https:\/\/info.sadowne.pl\/index.php?rest_route=\/wp\/v2\/posts\/30173","targetHints":{"allow":["GET"]}}],"collection":[{"href":"https:\/\/info.sadowne.pl\/index.php?rest_route=\/wp\/v2\/posts"}],"about":[{"href":"https:\/\/info.sadowne.pl\/index.php?rest_route=\/wp\/v2\/types\/post"}],"author":[{"embeddable":true,"href":"https:\/\/info.sadowne.pl\/index.php?rest_route=\/wp\/v2\/users\/1"}],"replies":[{"embeddable":true,"href":"https:\/\/info.sadowne.pl\/index.php?rest_route=%2Fwp%2Fv2%2Fcomments&post=30173"}],"version-history":[{"count":2,"href":"https:\/\/info.sadowne.pl\/index.php?rest_route=\/wp\/v2\/posts\/30173\/revisions"}],"predecessor-version":[{"id":30195,"href":"https:\/\/info.sadowne.pl\/index.php?rest_route=\/wp\/v2\/posts\/30173\/revisions\/30195"}],"wp:attachment":[{"href":"https:\/\/info.sadowne.pl\/index.php?rest_route=%2Fwp%2Fv2%2Fmedia&parent=30173"}],"wp:term":[{"taxonomy":"category","embeddable":true,"href":"https:\/\/info.sadowne.pl\/index.php?rest_route=%2Fwp%2Fv2%2Fcategories&post=30173"},{"taxonomy":"post_tag","embeddable":true,"href":"https:\/\/info.sadowne.pl\/index.php?rest_route=%2Fwp%2Fv2%2Ftags&post=30173"}],"curies":[{"name":"wp","href":"https:\/\/api.w.org\/{rel}","templated":true}]}}