{"id":30212,"date":"2025-07-07T14:15:09","date_gmt":"2025-07-07T12:15:09","guid":{"rendered":"http:\/\/info.sadowne.pl\/?p=30212"},"modified":"2025-07-07T14:15:09","modified_gmt":"2025-07-07T12:15:09","slug":"kronika-strazacka-30-06-06-07-2025","status":"publish","type":"post","link":"https:\/\/info.sadowne.pl\/?p=30212","title":{"rendered":"Kronika stra\u017cacka 30.06 &#8211; 06.07.2025"},"content":{"rendered":"<p><strong><a href=\"http:\/\/info.sadowne.pl\/wp-content\/uploads\/2025\/05\/straz1.jpg\" target=\"_blank\" rel=\"noopener\"><img loading=\"lazy\" decoding=\"async\" class=\"alignleft wp-image-30020 size-thumbnail\" src=\"http:\/\/info.sadowne.pl\/wp-content\/uploads\/2025\/05\/straz1-180x130.jpg\" alt=\"\" width=\"180\" height=\"130\" \/><\/a>W okresie 30.06 &#8211; 06.07.2025 na terenie powiatu w\u0119growskiego odnotowano: <\/strong><strong>22 zdarzenia, przy kt\u00f3rych interweniowa\u0142y jednostki ochrony przeciwpo\u017carowej, w tym: <\/strong><strong>5 po\u017car\u00f3w, 16 miejscowych zagro\u017ce\u0144, 1 alarm fa\u0142szywy.<\/strong><!--more--><\/p>\n<p><strong>30.06.2025 \u2013 Jartypory, gm. Liw \u2013 po\u017car \u2013 sklep spo\u017cywczo-przemys\u0142owy.<\/strong><\/p>\n<p>Do SK KP PSP W\u0119gr\u00f3w wp\u0142yn\u0119\u0142o zg\u0142oszenie o tre\u015bci: &#8222;PO\u017bAR SKLEPU&#8221; w miejscowo\u015bci Jartypory. Do zdarzenia zadysponowano trzy zast\u0119py JRG W\u0119gr\u00f3w oraz dwa pobliskie OSP: Ruchana oraz Jartypory. Z uwagi na to, i\u017c budynek sklepu s\u0105siaduje ze stra\u017cnic\u0105 OSP Jartypory, stra\u017cacy byli od razu po przybyciu do stra\u017cnicy obecni na miejscu zdarzenia. Wst\u0119pne informacje otrzymane przez KDR na miejscu akacji potwierdzi\u0142y informacje o po\u017carze jednym z pomieszcze\u0144 sklepu oraz du\u017cym zadymieniu w obiekcie. Po przybyciu na miejsce zdarzenia zast\u0119pu JRG, KDR po wst\u0119pnym rozpoznaniu i wywiadzie z pracownikiem sklepu stwierdzi\u0142, \u017ce w obiekcie sklepu pali si\u0119 pomieszczenie kot\u0142owni, po\u017car rozprzestrzeni\u0142 si\u0119 na strop oraz elewacje, pr\u0105d w pomieszczeniu nie jest od\u0142\u0105czony, panuje du\u017ce zadymienie, brak os\u00f3b poszkodowanych, SIS wystarczaj\u0105ce. Dzia\u0142ania zast\u0119p\u00f3w polega\u0142y na zabezpieczeniu miejsca zdarzenia, podaniu jednego pr\u0105du wody z ty\u0142u budynku do pomieszczenia kot\u0142owni, od\u0142\u0105czeniu pr\u0105du do budynku ze skrzynki energetycznej, ewakuacji kasy fiskalnej oraz przekazaniu \u015brodk\u00f3w pieni\u0119\u017cnych pracownikowi sklepu. Wprowadzono do \u015brodka rot\u0119 stra\u017cak\u00f3w z pr\u0105dem ga\u015bniczym w celu ugaszenia \u017ar\u00f3de\u0142 ognia w pomieszczeniu sklepu. Dzia\u0142ania doprowadzi\u0142y do lokalizacji po\u017caru. Nast\u0119pnie prowadzono w obiekcie wentylacje oraz za pomoc\u0105 drabiny uzyskano dost\u0119p do dachu budynku, kt\u00f3ry zosta\u0142 rozebrany, a nadpalone cz\u0119\u015bci stropu zosta\u0142y dok\u0142adnie przelane. Dzia\u0142ania doprowadzi\u0142y do ca\u0142kowitego ugaszenia po\u017caru. Miejsce zdarzenia przekazano u\u017cytkownikowi obiektu gminy. Na tym dzia\u0142ania zako\u0144czono.<\/p>\n<p>W DZIA\u0141ANIACH RATOWNICZYCH UDZIA\u0141 BRA\u0141O: 5 zast\u0119p\u00f3w, 21 ratownik\u00f3w.<\/p>\n<p><strong>01.07.2025 \u2013 Gwizda\u0142y, gm. \u0141och\u00f3w \u2013 kolizja \u2013 dwa pojazdy.<\/strong><\/p>\n<p>Do SKKP w W\u0119growie wp\u0142yn\u0119\u0142o zdarzenie o tre\u015bci: &#8222;KOLIZJA PRZY KO\u015aCIELE ZA SKZRY\u017bOWANIEM JAD\u0104C W KIERUNKU \u0141OCHOWA, SUBARU XV\u00a0 PO 5WH40, HIUNDAY X30 PK 8176L, BRAK RANNYCH, WYCIEK\u00d3W, ZADYMIE\u0143, KIEROWCY NIE MOG\u0104 ZJECHAC NA POBOCZE PONIEWA\u017b AUTA S\u0104 ZE SOBA PO\u0141\u0104CZONE&#8221;. Dy\u017curny SKKP zadysponowa\u0142 JRG Posterunek Ostr\u00f3wek, JRG SLRt W\u0119gr\u00f3w, OSP Gwizda\u0142y i OSP Pogorzelec. Po doje\u017adzie na miejsce zdarzenia i przeprowadzeniu rozpoznania KDR OSP Gwizda\u0142y stwierdzi\u0142: brak poszkodowanych, kolizja dw\u00f3ch pojazd\u00f3w, Policja na miejscu, pojazdy znajduj\u0105 si\u0119 na poboczu drogi. Po doje\u017adzie JRG Posterunek w Ostr\u00f3wku KDR PSP potwierdzi\u0142 wcze\u015bniejsze informacje, SiS obecne na miejscu zdarzenia s\u0105 wystarczaj\u0105ce. Na tej podstawie dy\u017curny SK zdecydowa\u0142 o zawr\u00f3ceniu z trasy zast\u0119pu JRG SLRt W\u0119gr\u00f3w. Dzia\u0142ania zast\u0119p\u00f3w polega\u0142y na zabezpieczeniu miejsca zdarzenia oraz od\u0142\u0105czeniu akumulator\u00f3w w pojazdach. Po przekazaniu samochod\u00f3w osobowych w\u0142a\u015bcicielom, zast\u0119py zako\u0144czy\u0142y dzia\u0142ania i wr\u00f3ci\u0142y do koszar. Zast\u0119p OSP Pogorzelec nie wyjecha\u0142 do zdarzenia &#8211; brak obsady.<\/p>\n<p>W DZIA\u0141ANIACH RATOWNICZYCH UDZIA\u0141 BRA\u0141O: 3 zast\u0119py, 14 ratownik\u00f3w.<\/p>\n<p><strong>01.07.2025 \u2013 \u0141och\u00f3w, ul. Fabryczna \u2013 po\u017car \u2013 budynek magazynowy.<\/strong><\/p>\n<p>Do SKKP w W\u0119growie wp\u0142yn\u0119\u0142o zdarzenie o tre\u015bci: &#8222;DACH PALI SI\u0118 NA HALI PRODUKCYJNEJ BLASZANEJ BRAK POSZKODOWANYCH&#8221;. Dyspozytor SKKP w W\u0119growie zadysponowa\u0142 zast\u0119py: JRG Posterunek Ostr\u00f3wek, JRG W\u0119gr\u00f3w, dwa zast\u0119py OSP \u0141och\u00f3w, dwa zast\u0119py OSP Ostr\u00f3wek, dwa zast\u0119py OSP \u0141och\u00f3w Fabryczny. Po przybyciu i przeprowadzeniu rozpoznania, KDR JRG stwierdzi\u0142, \u017ce pali si\u0119 dach hali naprzeciwko firmy Styropmin. Dzia\u0142ania JOP polega\u0142y na zabezpieczeniu miejsca zdarzenia oraz podaniu jednego pr\u0105du wody na dach budynku oraz pr\u0105du wody na maszyn\u0119 &#8222;Aglomerator&#8221; w obronie, w celu jej sch\u0142odzenia. Na miejsce zdarzenia przyby\u0142 Komendant Powiatowy PSP w W\u0119growie i przej\u0105\u0142 dowodzenie. Nast\u0119pnie przy pomocy podno\u015bnika kontynuowano podawanie wody na dach budynku, a przy u\u017cyciu sprz\u0119tu burz\u0105cego oraz pi\u0142y spalinowej usuni\u0119to spalone konstrukcje dachu. Dzia\u0142ania te doprowadzi\u0142y do lokalizacji, a nast\u0119pnie do ca\u0142kowitego ugaszenia po\u017caru. Miejsce zdarzenia przekazano pisemnie w\u0142a\u015bcicielowi. Na tym dzia\u0142ania zako\u0144czono i wszystkie jednostki powr\u00f3ci\u0142y do koszar.<\/p>\n<p>W DZIA\u0141ANIACH RATOWNICZYCH UDZIA\u0141 BRA\u0141O: 7 zast\u0119p\u00f3w, 41 ratownik\u00f3w.<\/p>\n<p><strong>02.07.2025 \u2013 Sadowne, gm. Sadowne \u2013 kolizja \u2013 dwa samochody osobowe.<\/strong><\/p>\n<p>Po dotarciu na miejsce zdarzenia i przeprowadzeniu rozpoznania KDR ustali\u0142, \u017ce dosz\u0142o do kolizji dw\u00f3ch samochod\u00f3w osobowych (w chwili przybycia SIS osoby znajdowa\u0142y si\u0119 poza pojazdami), droga by\u0142a przejezdna w jednym kierunku. Dzia\u0142ania przyby\u0142ych zast\u0119p\u00f3w polega\u0142y na zabezpieczeniu miejsca zdarzenia, udzieleniu KPP osob\u0105 poszkodowanym (P1,P2,P3 &#8211; wsparcie psychiczne, P2- ko\u0142nierz ortopedyczny) &#8211; po przybyciu ZRM poszkodowani zostali przekazani ratownikom medycznym. ZRM po przebadaniu os\u00f3b poszkodowanych podj\u0105\u0142 decyzj\u0119 o braku wskaza\u0144 do hospitalizacji. W samochodach uczestnicz\u0105cych w zdarzeniu, od\u0142\u0105czono minusowe klemy akumulatora oraz po zako\u0144czeniu czynno\u015bci przez policj\u0119 samochody zosta\u0142y zepchni\u0119te na pobocze drogi. Cz\u0119\u015bci pojazdu zosta\u0142y usuni\u0119te z drogi. Na tym dzia\u0142ania zako\u0144czono.<\/p>\n<p>W DZIA\u0141ANIACH RATOWNICZYCH UDZIA\u0141 BRA\u0141O: 4 zast\u0119py, 14 ratownik\u00f3w.<\/p>\n<p><strong>04.07.2025 \u2013 \u0141och\u00f3w, ul. Al. \u0141ochowska \u2013 parking \u2013 dziecko w samochodzie.<\/strong><\/p>\n<p>Do SK KP w W\u0119growie wp\u0142yn\u0119\u0142o zdarzenie o tre\u015bci: &#8222;PARKING SKLEPU BIEDRONKA W SAMOCHODZIE ZAMKNI\u0118TE DZIECKO, OKO\u0141O 12 MIESI\u0118CY, P\u0141ACZE OD OK. 30 MIN, SAMOCH\u00d3D OSOBOWY MARKI SUBARU\u00a0 NA UKRAI\u0143SKICH NR&#8221;. Dy\u017curny SK KP w W\u0119growie przedysponowa\u0142 do zdarzenie JRG W\u0119gr\u00f3w Posterunek, kt\u00f3re wraca\u0142o ze zdarzenia w Gwizda\u0142ach. Po przybyciu i zabezpieczenia miejsca zdarzenia KDR JRG przekaza\u0142 do SK: &#8222;Na parkingu sklepu, dw\u00f3jka dzieci w samochodzie, rodzice na miejscu przed przybyciem JOP, Policja doje\u017cd\u017ca,\u00a0 pro\u015bba o zadysponowanie ZRM. SiS wystarczaj\u0105ce&#8221;. Dzia\u0142ania PSP polega\u0142y na udzieleniu wsparcia psychicznego oraz ocenie stanu dzieci, kt\u00f3re rodzice wyj\u0119li z samochodu. Po przyje\u017adzie ZRM przekazano dzieci ratownikom medycznym (lokalizacja medyczna 17:19). Po przebadaniu dzieci przez ratownik\u00f3w medycznych nie stwierdzono potrzeby hospitalizacji, dzieci pozosta\u0142y pod opiek\u0105 rodzic\u00f3w.\u00a0 Na tym dzia\u0142ania zako\u0144czono, a zast\u0119p wr\u00f3ci\u0142 do koszar.<\/p>\n<p>W DZIA\u0141ANIACH RATOWNICZYCH UDZIA\u0141 BRA\u0141O: 1 zast\u0119p, 3 ratownik\u00f3w.<\/p>\n<p><strong>05.07.2025 \u2013 Jarnice, gm. Liw \u2013 rzeka \u2013 m\u0119\u017cczyzna.<\/strong><\/p>\n<p>DO SKKP w W\u0119growie wp\u0142yn\u0119\u0142a formatka o tre\u015bci: &#8222;CH\u0141OIPAK\u00a0 P\u0141YN\u0104\u0141 KAJAKIEM\u00a0 WYWR\u00d3CI\u0141\u00a0 SIE\u00a0 NIE\u00a0 WYP\u0141YN\u0104\u0141\u00a0\u00a0 SA\u00a0 ZA\u00a0 SOWIOA\u00a0 G\u00d3RA\u00a0\u00a0 OK\u00a0 300\u00a0 M&#8221; Dy\u017curny zadysponowa\u0142 na miejsce zdarzenia Zast\u0119py GCBA 5\/32 oraz SLop wraz z \u0142odzi\u0105 motorow\u0105, oraz 1 zast\u0119p OSP Wyszk\u00f3w. Dy\u017curny powiadomi\u0142 r\u00f3wnie\u017c SGRW-N Soko\u0142\u00f3w Podlaski (godz. wyjazdu grupy 17:55). Po przybyciu na miejsce zdarzenia pierwszych SIS, KDR uda\u0142 si\u0119 na rozpoznanie. W jego wyniku stwierdzi\u0142, \u017ce na rzece Liwiec kajakami podr\u00f3\u017cowa\u0142a grupa 7 m\u0119\u017cczyzn. Jeden z nich p\u0142yn\u0105cy pojedynczym kajakiem przewr\u00f3ci\u0142 si\u0119 i wpad\u0142 do wody, m\u0119\u017cczyzna nie mia\u0142 na sobie kamizelki asekuracyjnej. P\u0142yn\u0105cy z nim m\u0119\u017cczy\u017ani podj\u0119li bezskuteczne pr\u00f3by poszukiwania go przed przybyciem na miejsce JOP. Dzia\u0142ania SIS polega\u0142y na zabezpieczeniu miejsca zdarzenia, pieszym dotarciu do miejsca zdarzenia z uwagi na trudny teren oraz r\u00f3wnoleg\u0142ym wodowaniu \u0142odzi \u015brubowej w miejscu to umo\u017cliwiaj\u0105cym. Ze wzgl\u0119du na zagro\u017cenie \u017cycia KDR (posiadaj\u0105cy tytu\u0142 ratownika wodnego oraz znaj\u0105cy zbiornik) pod nadzorem innego ratownika osobi\u015bcie podj\u0105\u0142 pr\u00f3b\u0119 odnalezienia m\u0119\u017cczyzny w czasie wodowania \u0142odzi. Po zwodowaniu \u0142odzi do KDRa do\u0142\u0105czy\u0142a za\u0142oga oraz drugi ratownik wspieraj\u0105c poszukiwania w wodzie. R\u00f3wnolegle do dzia\u0142a\u0144 prowadzonych w wodzie pozosta\u0142e SIS na miejscu zdarzenia przeszukiwa\u0142y teren wok\u00f3\u0142 miejsca zdarzenia. Dzia\u0142ania te nie przynios\u0142y skutku. O godz.18:23 na miejsce zdarzenia przyby\u0142a Specjalistyczna Grupa Wodno-Nurkowa z Soko\u0142owa Podlaskiego. Na miejsce zdarzenia o godz 18:28 przyby\u0142 oficer operacyjny, kt\u00f3ry po zapoznaniu si\u0119 z sytuacj\u0105 przej\u0105\u0142 KDR. Kierownik Prac Podwodnych wprowadzi\u0142 do rzeki jednego nurka o godz. 18:36, kt\u00f3ry o godz.18:52 wydoby\u0142 m\u0119\u017cczyzn\u0119. Pozostali stra\u017cacy pomogli wydoby\u0107 m\u0119\u017cczyzn\u0119 na brzeg i pod nadzorem ZRM rozpocz\u0119li RKO. Po pod\u0142\u0105czeniu aparatury monitoruj\u0105cej Ratownicy Medyczni odst\u0105pili od RKO. Miejsce zdarzenia przekazano pisemnie protoko\u0142em Policji. Na tym dzia\u0142ania ratownicze zosta\u0142y zako\u0144czone, a zast\u0119py OSP Wyszk\u00f3w oraz GBA 5\/32 powr\u00f3ci\u0142y do bazy. Na miejscu pozosta\u0142 jeden zast\u0119p JRG w celu pomocy przy przetransportowaniu cia\u0142a denata do miejsca umo\u017cliwiaj\u0105cego zabranie go.<\/p>\n<p>W DZIA\u0141ANIACH RATOWNICZYCH UDZIA\u0141 BRA\u0141O: 7 zast\u0119p\u00f3w, 16 ratownik\u00f3w.<\/p>\n<p><strong>KP PSP W\u0119gr\u00f3w<\/strong><\/p>\n<p>&nbsp;<\/p>\n","protected":false},"excerpt":{"rendered":"<p>W okresie 30.06 &#8211; 06.07.2025 na terenie powiatu w\u0119growskiego odnotowano: 22 zdarzenia, przy kt\u00f3rych interweniowa\u0142y jednostki ochrony przeciwpo\u017carowej, w tym: 5 po\u017car\u00f3w, 16 miejscowych zagro\u017ce\u0144, 1 alarm fa\u0142szywy.<\/p>\n","protected":false},"author":1,"featured_media":0,"comment_status":"closed","ping_status":"closed","sticky":false,"template":"","format":"standard","meta":{"footnotes":""},"categories":[5,4,267],"tags":[491,643],"class_list":["post-30212","post","type-post","status-publish","format-standard","hentry","category-newsy","category-policja-straz-pozarna-pogotowie-ratunkowe","category-straz-pozarna-policja-straz-pozarna-pogotowie-ratunkowe","tag-komenda-powiatowa-panstwowej-strazy-pozarnej-w-wegrowie","tag-kronika-strazacka"],"views":984,"_links":{"self":[{"href":"https:\/\/info.sadowne.pl\/index.php?rest_route=\/wp\/v2\/posts\/30212","targetHints":{"allow":["GET"]}}],"collection":[{"href":"https:\/\/info.sadowne.pl\/index.php?rest_route=\/wp\/v2\/posts"}],"about":[{"href":"https:\/\/info.sadowne.pl\/index.php?rest_route=\/wp\/v2\/types\/post"}],"author":[{"embeddable":true,"href":"https:\/\/info.sadowne.pl\/index.php?rest_route=\/wp\/v2\/users\/1"}],"replies":[{"embeddable":true,"href":"https:\/\/info.sadowne.pl\/index.php?rest_route=%2Fwp%2Fv2%2Fcomments&post=30212"}],"version-history":[{"count":1,"href":"https:\/\/info.sadowne.pl\/index.php?rest_route=\/wp\/v2\/posts\/30212\/revisions"}],"predecessor-version":[{"id":30213,"href":"https:\/\/info.sadowne.pl\/index.php?rest_route=\/wp\/v2\/posts\/30212\/revisions\/30213"}],"wp:attachment":[{"href":"https:\/\/info.sadowne.pl\/index.php?rest_route=%2Fwp%2Fv2%2Fmedia&parent=30212"}],"wp:term":[{"taxonomy":"category","embeddable":true,"href":"https:\/\/info.sadowne.pl\/index.php?rest_route=%2Fwp%2Fv2%2Fcategories&post=30212"},{"taxonomy":"post_tag","embeddable":true,"href":"https:\/\/info.sadowne.pl\/index.php?rest_route=%2Fwp%2Fv2%2Ftags&post=30212"}],"curies":[{"name":"wp","href":"https:\/\/api.w.org\/{rel}","templated":true}]}}