{"id":30218,"date":"2025-07-11T14:42:21","date_gmt":"2025-07-11T12:42:21","guid":{"rendered":"http:\/\/info.sadowne.pl\/?p=30218"},"modified":"2025-07-11T14:42:21","modified_gmt":"2025-07-11T12:42:21","slug":"mam-sie-nie-martwic","status":"publish","type":"post","link":"https:\/\/info.sadowne.pl\/?p=30218","title":{"rendered":"\u201eMam si\u0119 nie martwi\u0107\u201d"},"content":{"rendered":"<p><a href=\"http:\/\/info.sadowne.pl\/wp-content\/uploads\/2025\/07\/2025.07.11.1.jpg\" target=\"_blank\" rel=\"noopener\"><img loading=\"lazy\" decoding=\"async\" class=\"alignleft wp-image-30219 size-thumbnail\" src=\"http:\/\/info.sadowne.pl\/wp-content\/uploads\/2025\/07\/2025.07.11.1-180x130.jpg\" alt=\"\" width=\"180\" height=\"130\" \/><\/a><\/p>\n<p><strong>Przez kolejne tygodnie b\u0119dziemy Pa\u0144stwu prezentowa\u0107 wiersze znanego na naszym terenie poety \u2013 Kazimierza Kocha\u0144skiego. Polecamy i zapraszamy do odwiedzin w naszym \u201eOkienku poetyckim\u201d. Na pocz\u0105tek wiersz \u201eMam si\u0119 nie martwi\u0107\u201d.<\/strong><\/p>\n<p><!--more--><\/p>\n<p><strong>Kazimierz Kocha\u0144ski<\/strong> &#8211; wiersze publikowa\u0142 m.in. na \u0142amach Miesi\u0119cznika Literackiego, G\u0142osu Nauczycielskiego, \u015awi\u0119tokrzyskiego Kwartalnika Literackiego, Poezji Dzisiaj, na antenie Radia oraz w almanachach. W 12. antologiach Warszawskiej Jesieni Poezji, antologii Poeci Polscy 2016, 2017 i 2018. W antologii Festiwalu Poezji S\u0142owia\u0144skiej, a tak\u017ce dwukrotnie w antologii ASPEKTY.<\/p>\n<p>Autor tekst\u00f3w piosenek &#8211; kol\u0119dy i pastora\u0142ki, piosenek dla dzieci, libretta do wi\u0119kszych form muzycznych. Wyda\u0142 15 zbior\u00f3w poetyckich: wiersze, fraszki i aforyzmy. Opublikowa\u0142 proz\u0105 cykl przypowie\u015bci \u201cKopocowanie\u201d.<\/p>\n<p>By\u0142 przewodnicz\u0105cym G\u0142\u00f3wnej Komisji Rewizyjnej oraz Cz\u0142onkiem Zarz\u0105du G\u0142\u00f3wnego Zwi\u0105zku Literat\u00f3w Polskich. Zas\u0142u\u017cony dla Kultury Polskiej. Zas\u0142u\u017cony Kulturze \u201cGloria Artis\u201d \u2013 Medal Br\u0105zowy.<\/p>\n<p style=\"text-align: center;\"><strong>Mam si\u0119 nie martwi\u0107<\/strong><\/p>\n<p style=\"text-align: center;\"><strong><br \/>\n<\/strong>Zapewniaj\u0105 o zmianach<\/p>\n<p style=\"text-align: center;\">&#8211; alert pogodowy.<\/p>\n<p style=\"text-align: center;\">Za oceanem wiersze;<\/p>\n<p style=\"text-align: center;\">u nas z\u0142ote gody.<\/p>\n<p>&nbsp;<\/p>\n<p style=\"text-align: center;\">Wnuki na Balearach<\/p>\n<p style=\"text-align: center;\">&#8211; tam korpo-rozmowy.<\/p>\n<p style=\"text-align: center;\">Czekamy na ich pierwsze<\/p>\n<p style=\"text-align: center;\">wschody i zachody.<\/p>\n<p>&nbsp;<\/p>\n<p style=\"text-align: center;\">Rozleg\u0142o\u015b\u0107 horyzont\u00f3w<\/p>\n<p style=\"text-align: center;\">(w pieleszach domowych),<\/p>\n<p style=\"text-align: center;\">spok\u00f3j w niezawodno\u015bci<\/p>\n<p style=\"text-align: center;\">kryszta\u0142owej kuli.<\/p>\n<p>&nbsp;<\/p>\n<p style=\"text-align: center;\">I nasze cztery k\u0105ty<\/p>\n<p style=\"text-align: center;\">-b\u0105d\u017a co b\u0105d\u017a pociecha,<\/p>\n<p style=\"text-align: center;\">gdy przyjdzie, bez narkozy,<\/p>\n<p style=\"text-align: center;\">przyj\u0105\u0107 dar natury.<\/p>\n<p style=\"text-align: left;\">\n<strong>Foto:<\/strong> Wies\u0142aw Maliszewski<\/p>\n","protected":false},"excerpt":{"rendered":"<p>Przez kolejne tygodnie b\u0119dziemy Pa\u0144stwu prezentowa\u0107 wiersze znanego na naszym terenie poety \u2013 Kazimierza Kocha\u0144skiego. Polecamy i zapraszamy do odwiedzin w naszym \u201eOkienku poetyckim\u201d. Na pocz\u0105tek wiersz \u201eMam si\u0119 nie martwi\u0107\u201d.<\/p>\n","protected":false},"author":1,"featured_media":0,"comment_status":"closed","ping_status":"closed","sticky":false,"template":"","format":"standard","meta":{"footnotes":""},"categories":[5,48,6,108],"tags":[144,3669,49,51],"class_list":["post-30218","post","type-post","status-publish","format-standard","hentry","category-newsy","category-kacik-literacki","category-kultura-rozrywka-edukacja","category-okienko-poetyckie","tag-kazimierz-kochanski","tag-okienko-poetyckie","tag-wiersze","tag-wieslaw-maliszewski"],"views":1028,"_links":{"self":[{"href":"https:\/\/info.sadowne.pl\/index.php?rest_route=\/wp\/v2\/posts\/30218","targetHints":{"allow":["GET"]}}],"collection":[{"href":"https:\/\/info.sadowne.pl\/index.php?rest_route=\/wp\/v2\/posts"}],"about":[{"href":"https:\/\/info.sadowne.pl\/index.php?rest_route=\/wp\/v2\/types\/post"}],"author":[{"embeddable":true,"href":"https:\/\/info.sadowne.pl\/index.php?rest_route=\/wp\/v2\/users\/1"}],"replies":[{"embeddable":true,"href":"https:\/\/info.sadowne.pl\/index.php?rest_route=%2Fwp%2Fv2%2Fcomments&post=30218"}],"version-history":[{"count":5,"href":"https:\/\/info.sadowne.pl\/index.php?rest_route=\/wp\/v2\/posts\/30218\/revisions"}],"predecessor-version":[{"id":30224,"href":"https:\/\/info.sadowne.pl\/index.php?rest_route=\/wp\/v2\/posts\/30218\/revisions\/30224"}],"wp:attachment":[{"href":"https:\/\/info.sadowne.pl\/index.php?rest_route=%2Fwp%2Fv2%2Fmedia&parent=30218"}],"wp:term":[{"taxonomy":"category","embeddable":true,"href":"https:\/\/info.sadowne.pl\/index.php?rest_route=%2Fwp%2Fv2%2Fcategories&post=30218"},{"taxonomy":"post_tag","embeddable":true,"href":"https:\/\/info.sadowne.pl\/index.php?rest_route=%2Fwp%2Fv2%2Ftags&post=30218"}],"curies":[{"name":"wp","href":"https:\/\/api.w.org\/{rel}","templated":true}]}}