{"id":30225,"date":"2025-07-13T19:19:43","date_gmt":"2025-07-13T17:19:43","guid":{"rendered":"http:\/\/info.sadowne.pl\/?p=30225"},"modified":"2025-07-13T19:19:43","modified_gmt":"2025-07-13T17:19:43","slug":"z-historii-50-lecie-sadowianek","status":"publish","type":"post","link":"https:\/\/info.sadowne.pl\/?p=30225","title":{"rendered":"Z historii &#8211; 50-lecie Sadowianek"},"content":{"rendered":"<p><strong><a href=\"http:\/\/info.sadowne.pl\/wp-content\/uploads\/2025\/07\/sad1182.jpg\"><img loading=\"lazy\" decoding=\"async\" class=\"alignleft size-thumbnail wp-image-30237\" src=\"http:\/\/info.sadowne.pl\/wp-content\/uploads\/2025\/07\/sad1182-180x130.jpg\" alt=\"\" width=\"180\" height=\"130\" \/><\/a>SADOWNE &#8211; <\/strong><strong>3 czerwca 2023 roku.<\/strong><!--more--><\/p>\n<p>&nbsp;<\/p>\n<p>&nbsp;<\/p>\n<p>&nbsp;<\/p>\n<p>&nbsp;<\/p>\n<p>&nbsp;<\/p>\n<p style=\"text-align: center;\"><strong><span style=\"color: #ff0000;\"><em><\/p>\n<p>W tym dniu Serce Mazowsza bi<\/em><\/span><\/strong><span style=\"color: #ff0000;\"><em><strong>\u0142<\/strong><strong>o w Sadownem!!!<\/strong><\/em><\/span><\/p>\n<p style=\"text-align: center;\">*<\/p>\n<p style=\"text-align: center;\"><span style=\"color: #0000ff;\"><em><strong>Pa\u0144stwowy Zesp\u00f3\u0142 Ludowy Pie\u015bni i Ta\u0144ca \u201eMazowsze\u201d<\/strong><\/em><\/span><\/p>\n<p style=\"text-align: center;\"><span style=\"color: #0000ff;\"><em><strong>obchodzi\u0142 75-lecie dzia\u0142alno\u015bci.<\/strong><\/em><\/span><\/p>\n<p style=\"text-align: center;\"><strong>\u00a0*<\/strong><\/p>\n<p style=\"text-align: center;\"><span style=\"color: #339966;\"><em><strong>Zesp\u00f3\u0142 \u015apiewaczy \u201eSadowianki\u201d<\/strong><\/em><\/span><\/p>\n<p style=\"text-align: center;\"><span style=\"color: #339966;\"><em><strong>obchodzi\u0142 50-lecie dzia\u0142alno\u015bci.<\/strong><\/em><\/span><\/p>\n<p style=\"text-align: center;\">*<\/p>\n<p style=\"text-align: center;\"><strong>Zespo\u0142y da\u0142y koncert na scenie usytuowanej przy hali sportowej <\/strong><strong>w Sadownem.<\/strong><\/p>\n<p><strong>\u00a0<\/strong><\/p>\n<p><strong> <a href=\"http:\/\/info.sadowne.pl\/wp-content\/uploads\/2025\/07\/sad1171.jpg\"><img loading=\"lazy\" decoding=\"async\" class=\"aligncenter size-full wp-image-30226\" src=\"http:\/\/info.sadowne.pl\/wp-content\/uploads\/2025\/07\/sad1171.jpg\" alt=\"\" width=\"608\" height=\"853\" srcset=\"https:\/\/info.sadowne.pl\/wp-content\/uploads\/2025\/07\/sad1171.jpg 608w, https:\/\/info.sadowne.pl\/wp-content\/uploads\/2025\/07\/sad1171-214x300.jpg 214w\" sizes=\"auto, (max-width: 608px) 100vw, 608px\" \/><\/a><\/strong><\/p>\n<p><strong> <a href=\"http:\/\/info.sadowne.pl\/wp-content\/uploads\/2025\/07\/sad1172.jpg\"><img loading=\"lazy\" decoding=\"async\" class=\"aligncenter size-full wp-image-30227\" src=\"http:\/\/info.sadowne.pl\/wp-content\/uploads\/2025\/07\/sad1172.jpg\" alt=\"\" width=\"398\" height=\"273\" srcset=\"https:\/\/info.sadowne.pl\/wp-content\/uploads\/2025\/07\/sad1172.jpg 398w, https:\/\/info.sadowne.pl\/wp-content\/uploads\/2025\/07\/sad1172-300x206.jpg 300w\" sizes=\"auto, (max-width: 398px) 100vw, 398px\" \/><\/a><\/strong><\/p>\n<p><a href=\"http:\/\/info.sadowne.pl\/wp-content\/uploads\/2025\/07\/sad1173.jpg\"><img loading=\"lazy\" decoding=\"async\" class=\"aligncenter size-full wp-image-30228\" src=\"http:\/\/info.sadowne.pl\/wp-content\/uploads\/2025\/07\/sad1173.jpg\" alt=\"\" width=\"417\" height=\"272\" srcset=\"https:\/\/info.sadowne.pl\/wp-content\/uploads\/2025\/07\/sad1173.jpg 417w, https:\/\/info.sadowne.pl\/wp-content\/uploads\/2025\/07\/sad1173-300x196.jpg 300w\" sizes=\"auto, (max-width: 417px) 100vw, 417px\" \/><\/a><\/p>\n<p><strong>Zesp\u00f3\u0142 \u015apiewaczy SADOWIANKI <\/strong>otrzyma\u0142 specjalne zaproszenie na koncert Mazowsza.<\/p>\n<p style=\"text-align: center;\"><strong><a href=\"http:\/\/info.sadowne.pl\/wp-content\/uploads\/2025\/07\/sad1174.jpg\"><img loading=\"lazy\" decoding=\"async\" class=\"aligncenter size-full wp-image-30229\" src=\"http:\/\/info.sadowne.pl\/wp-content\/uploads\/2025\/07\/sad1174.jpg\" alt=\"\" width=\"608\" height=\"684\" srcset=\"https:\/\/info.sadowne.pl\/wp-content\/uploads\/2025\/07\/sad1174.jpg 608w, https:\/\/info.sadowne.pl\/wp-content\/uploads\/2025\/07\/sad1174-267x300.jpg 267w\" sizes=\"auto, (max-width: 608px) 100vw, 608px\" \/><\/a>\u00a0<\/strong><\/p>\n<p style=\"text-align: left;\"><strong>Imprez\u0119 poprowadzi\u0142 p. <\/strong><strong>Marcin Gr\u0119da <\/strong><strong>\u2013 Zast\u0119pca W\u00f3jta Gminy Sadowne.<\/strong><\/p>\n<p><strong> <a href=\"http:\/\/info.sadowne.pl\/wp-content\/uploads\/2025\/07\/sad1175.jpg\"><img loading=\"lazy\" decoding=\"async\" class=\"aligncenter size-full wp-image-30230\" src=\"http:\/\/info.sadowne.pl\/wp-content\/uploads\/2025\/07\/sad1175.jpg\" alt=\"\" width=\"607\" height=\"579\" srcset=\"https:\/\/info.sadowne.pl\/wp-content\/uploads\/2025\/07\/sad1175.jpg 607w, https:\/\/info.sadowne.pl\/wp-content\/uploads\/2025\/07\/sad1175-300x286.jpg 300w\" sizes=\"auto, (max-width: 607px) 100vw, 607px\" \/><\/a><\/strong><\/p>\n<p><strong>\u00a0<\/strong><\/p>\n<p style=\"text-align: left;\"><strong>Go\u015bci powitali organizatorzy: p. El\u017cbieta Lanc \u2013 Cz\u0142onek Zarz\u0105du Wojew\u00f3dztwa Mazowieckiego, <\/strong><strong>p. <\/strong><strong>Waldemar Cyran \u2013 W\u00f3jt Gminy Sadowne.<\/strong><\/p>\n<p><strong> <a href=\"http:\/\/info.sadowne.pl\/wp-content\/uploads\/2025\/07\/sad1176.jpg\"><img loading=\"lazy\" decoding=\"async\" class=\"aligncenter size-full wp-image-30231\" src=\"http:\/\/info.sadowne.pl\/wp-content\/uploads\/2025\/07\/sad1176.jpg\" alt=\"\" width=\"488\" height=\"247\" srcset=\"https:\/\/info.sadowne.pl\/wp-content\/uploads\/2025\/07\/sad1176.jpg 488w, https:\/\/info.sadowne.pl\/wp-content\/uploads\/2025\/07\/sad1176-300x152.jpg 300w\" sizes=\"auto, (max-width: 488px) 100vw, 488px\" \/><\/a><\/strong><\/p>\n<p style=\"text-align: left;\"><strong>i oczywi\u015bcie p. Jacek Boniecki \u2013 Dyrektor PZLPiT \u201eMazowsze\u201d.<\/strong><\/p>\n<p><strong> <a href=\"http:\/\/info.sadowne.pl\/wp-content\/uploads\/2025\/07\/sad1177.jpg\"><img loading=\"lazy\" decoding=\"async\" class=\"aligncenter size-full wp-image-30232\" src=\"http:\/\/info.sadowne.pl\/wp-content\/uploads\/2025\/07\/sad1177.jpg\" alt=\"\" width=\"606\" height=\"336\" srcset=\"https:\/\/info.sadowne.pl\/wp-content\/uploads\/2025\/07\/sad1177.jpg 606w, https:\/\/info.sadowne.pl\/wp-content\/uploads\/2025\/07\/sad1177-300x166.jpg 300w\" sizes=\"auto, (max-width: 606px) 100vw, 606px\" \/><\/a><\/strong><\/p>\n<p style=\"text-align: center;\"><strong>\u00a0<\/strong><strong>SADOWIANKI oczekuj\u0105ce na wyst\u0119p<\/strong><\/p>\n<p><strong> <a href=\"http:\/\/info.sadowne.pl\/wp-content\/uploads\/2025\/07\/sad1178.jpg\"><img loading=\"lazy\" decoding=\"async\" class=\"aligncenter size-full wp-image-30233\" src=\"http:\/\/info.sadowne.pl\/wp-content\/uploads\/2025\/07\/sad1178.jpg\" alt=\"\" width=\"604\" height=\"318\" srcset=\"https:\/\/info.sadowne.pl\/wp-content\/uploads\/2025\/07\/sad1178.jpg 604w, https:\/\/info.sadowne.pl\/wp-content\/uploads\/2025\/07\/sad1178-300x158.jpg 300w\" sizes=\"auto, (max-width: 604px) 100vw, 604px\" \/><\/a><\/strong><\/p>\n<p style=\"text-align: center;\"><strong>\u00a0<\/strong><span style=\"color: #339966;\"><strong>p. <\/strong><\/span><strong><span style=\"color: #339966;\">El\u017cbieta Lanc<\/span> &#8211;<\/strong><strong> Cz\u0142onek Zarz\u0105du Wojew\u00f3dztwa Mazowieckiego,<\/strong><\/p>\n<p style=\"text-align: center;\"><span style=\"color: #339966;\"><strong>p. Waldemar Cyran<\/strong><\/span><strong> \u2013 W\u00f3jt Gminy Sadowne<\/strong><\/p>\n<p style=\"text-align: center;\"><strong>\u017cona p. Waldemara &#8211; <span style=\"color: #339966;\">p. Katarzyna Cyran<\/span>,<\/strong><\/p>\n<p style=\"text-align: center;\"><strong><span style=\"color: #339966;\">p. Micha\u0142 Postek<\/span> &#8211; Z<\/strong><strong>ast\u0119pca W\u00f3jta Gminy Izabelin<\/strong><\/p>\n<p style=\"text-align: center;\"><strong><a href=\"http:\/\/info.sadowne.pl\/wp-content\/uploads\/2025\/07\/sad1179.jpg\"><img loading=\"lazy\" decoding=\"async\" class=\"aligncenter size-full wp-image-30234\" src=\"http:\/\/info.sadowne.pl\/wp-content\/uploads\/2025\/07\/sad1179.jpg\" alt=\"\" width=\"606\" height=\"260\" srcset=\"https:\/\/info.sadowne.pl\/wp-content\/uploads\/2025\/07\/sad1179.jpg 606w, https:\/\/info.sadowne.pl\/wp-content\/uploads\/2025\/07\/sad1179-300x129.jpg 300w\" sizes=\"auto, (max-width: 606px) 100vw, 606px\" \/><\/a>\u00a0<\/strong><\/p>\n<p style=\"text-align: left;\"><strong>Pan W\u00f3jt dzi\u0119kuje Zespo\u0142owi za wieloletni\u0105 dzia\u0142alno\u015b\u0107.<\/strong><\/p>\n<p><strong><a href=\"http:\/\/info.sadowne.pl\/wp-content\/uploads\/2025\/07\/sad1180.jpg\"><img loading=\"lazy\" decoding=\"async\" class=\"aligncenter size-full wp-image-30235\" src=\"http:\/\/info.sadowne.pl\/wp-content\/uploads\/2025\/07\/sad1180.jpg\" alt=\"\" width=\"602\" height=\"344\" srcset=\"https:\/\/info.sadowne.pl\/wp-content\/uploads\/2025\/07\/sad1180.jpg 602w, https:\/\/info.sadowne.pl\/wp-content\/uploads\/2025\/07\/sad1180-300x171.jpg 300w\" sizes=\"auto, (max-width: 602px) 100vw, 602px\" \/><\/a>\u00a0<\/strong><\/p>\n<p style=\"text-align: center;\"><strong>\u00a0<\/strong><strong>Pani Marsza\u0142ek wr\u0119cza grawer dla Zespo\u0142u SADOWIANKI<\/strong><\/p>\n<p><strong> <a href=\"http:\/\/info.sadowne.pl\/wp-content\/uploads\/2025\/07\/sad1181.jpg\"><img loading=\"lazy\" decoding=\"async\" class=\"aligncenter size-full wp-image-30236\" src=\"http:\/\/info.sadowne.pl\/wp-content\/uploads\/2025\/07\/sad1181.jpg\" alt=\"\" width=\"448\" height=\"356\" srcset=\"https:\/\/info.sadowne.pl\/wp-content\/uploads\/2025\/07\/sad1181.jpg 448w, https:\/\/info.sadowne.pl\/wp-content\/uploads\/2025\/07\/sad1181-300x238.jpg 300w\" sizes=\"auto, (max-width: 448px) 100vw, 448px\" \/><\/a><\/strong><\/p>\n<p><a href=\"http:\/\/info.sadowne.pl\/wp-content\/uploads\/2025\/07\/sad1182.jpg\"><img loading=\"lazy\" decoding=\"async\" class=\"aligncenter size-full wp-image-30237\" src=\"http:\/\/info.sadowne.pl\/wp-content\/uploads\/2025\/07\/sad1182.jpg\" alt=\"\" width=\"606\" height=\"290\" srcset=\"https:\/\/info.sadowne.pl\/wp-content\/uploads\/2025\/07\/sad1182.jpg 606w, https:\/\/info.sadowne.pl\/wp-content\/uploads\/2025\/07\/sad1182-300x144.jpg 300w\" sizes=\"auto, (max-width: 606px) 100vw, 606px\" \/><\/a><\/p>\n<p><strong>\u00a0<\/strong><strong>Za chwil\u0119 nagrody indywidualne.<\/strong><\/p>\n<p><strong> <a href=\"http:\/\/info.sadowne.pl\/wp-content\/uploads\/2025\/07\/sad1183.jpg\"><img loading=\"lazy\" decoding=\"async\" class=\"aligncenter wp-image-30241 size-full\" src=\"http:\/\/info.sadowne.pl\/wp-content\/uploads\/2025\/07\/sad1183.jpg\" alt=\"\" width=\"601\" height=\"268\" srcset=\"https:\/\/info.sadowne.pl\/wp-content\/uploads\/2025\/07\/sad1183.jpg 601w, https:\/\/info.sadowne.pl\/wp-content\/uploads\/2025\/07\/sad1183-300x134.jpg 300w\" sizes=\"auto, (max-width: 601px) 100vw, 601px\" \/><\/a><\/strong><\/p>\n<p><strong>Grawer dla ka\u017cdego cz\u0142onka zespo\u0142u.<\/strong><\/p>\n<p><strong> <a href=\"http:\/\/info.sadowne.pl\/wp-content\/uploads\/2025\/07\/sad1184.jpg\"><img loading=\"lazy\" decoding=\"async\" class=\"aligncenter size-full wp-image-30242\" src=\"http:\/\/info.sadowne.pl\/wp-content\/uploads\/2025\/07\/sad1184.jpg\" alt=\"\" width=\"603\" height=\"417\" srcset=\"https:\/\/info.sadowne.pl\/wp-content\/uploads\/2025\/07\/sad1184.jpg 603w, https:\/\/info.sadowne.pl\/wp-content\/uploads\/2025\/07\/sad1184-300x207.jpg 300w\" sizes=\"auto, (max-width: 603px) 100vw, 603px\" \/><\/a><\/strong><\/p>\n<p><a href=\"http:\/\/info.sadowne.pl\/wp-content\/uploads\/2025\/07\/sad1185.jpg\"><img loading=\"lazy\" decoding=\"async\" class=\"aligncenter size-full wp-image-30243\" src=\"http:\/\/info.sadowne.pl\/wp-content\/uploads\/2025\/07\/sad1185.jpg\" alt=\"\" width=\"605\" height=\"476\" srcset=\"https:\/\/info.sadowne.pl\/wp-content\/uploads\/2025\/07\/sad1185.jpg 605w, https:\/\/info.sadowne.pl\/wp-content\/uploads\/2025\/07\/sad1185-300x236.jpg 300w\" sizes=\"auto, (max-width: 605px) 100vw, 605px\" \/><\/a><\/p>\n<p style=\"text-align: center;\"><strong>\u00a0<\/strong><strong>Ania Chojecka i Basia Wr\u00f3bel<\/strong><\/p>\n<p><strong> <a href=\"http:\/\/info.sadowne.pl\/wp-content\/uploads\/2025\/07\/sad1186.jpg\"><img loading=\"lazy\" decoding=\"async\" class=\"aligncenter size-full wp-image-30244\" src=\"http:\/\/info.sadowne.pl\/wp-content\/uploads\/2025\/07\/sad1186.jpg\" alt=\"\" width=\"608\" height=\"392\" srcset=\"https:\/\/info.sadowne.pl\/wp-content\/uploads\/2025\/07\/sad1186.jpg 608w, https:\/\/info.sadowne.pl\/wp-content\/uploads\/2025\/07\/sad1186-300x193.jpg 300w\" sizes=\"auto, (max-width: 608px) 100vw, 608px\" \/><\/a><\/strong><\/p>\n<p style=\"text-align: center;\"><strong>Basia Wr\u00f3bel i Bogusia Danaj<\/strong><\/p>\n<p style=\"text-align: center;\"><strong>Drugi rz\u0105d: Hania D\u0119bkowska, Dorotka Olkowska, Tereska W\u00f3jcik<\/strong><\/p>\n<p><strong> <a href=\"http:\/\/info.sadowne.pl\/wp-content\/uploads\/2025\/07\/sad1187.jpg\"><img loading=\"lazy\" decoding=\"async\" class=\"aligncenter size-full wp-image-30245\" src=\"http:\/\/info.sadowne.pl\/wp-content\/uploads\/2025\/07\/sad1187.jpg\" alt=\"\" width=\"606\" height=\"301\" srcset=\"https:\/\/info.sadowne.pl\/wp-content\/uploads\/2025\/07\/sad1187.jpg 606w, https:\/\/info.sadowne.pl\/wp-content\/uploads\/2025\/07\/sad1187-300x149.jpg 300w\" sizes=\"auto, (max-width: 606px) 100vw, 606px\" \/><\/a><\/strong><\/p>\n<p><strong>\u00a0<\/strong><strong>I jeszcze dodatkowe nagrody od Pani Marsza\u0142ek.<\/strong><\/p>\n<p><strong> <a href=\"http:\/\/info.sadowne.pl\/wp-content\/uploads\/2025\/07\/sad1188.jpg\"><img loading=\"lazy\" decoding=\"async\" class=\"aligncenter size-full wp-image-30246\" src=\"http:\/\/info.sadowne.pl\/wp-content\/uploads\/2025\/07\/sad1188.jpg\" alt=\"\" width=\"608\" height=\"491\" srcset=\"https:\/\/info.sadowne.pl\/wp-content\/uploads\/2025\/07\/sad1188.jpg 608w, https:\/\/info.sadowne.pl\/wp-content\/uploads\/2025\/07\/sad1188-300x242.jpg 300w\" sizes=\"auto, (max-width: 608px) 100vw, 608px\" \/><\/a><\/strong><\/p>\n<p style=\"text-align: center;\"><strong>Nasi dwaj panowie Zbyszek Danaj i Piotrek Olkowski<\/strong><\/p>\n<p><strong> <a href=\"http:\/\/info.sadowne.pl\/wp-content\/uploads\/2025\/07\/sad1189.jpg\"><img loading=\"lazy\" decoding=\"async\" class=\"aligncenter size-full wp-image-30247\" src=\"http:\/\/info.sadowne.pl\/wp-content\/uploads\/2025\/07\/sad1189.jpg\" alt=\"\" width=\"608\" height=\"523\" srcset=\"https:\/\/info.sadowne.pl\/wp-content\/uploads\/2025\/07\/sad1189.jpg 608w, https:\/\/info.sadowne.pl\/wp-content\/uploads\/2025\/07\/sad1189-300x258.jpg 300w\" sizes=\"auto, (max-width: 608px) 100vw, 608px\" \/><\/a><\/strong><\/p>\n<p style=\"text-align: center;\"><strong>Akordeonista Andrzej Olton otrzymuje upominek <\/strong><\/p>\n<p style=\"text-align: center;\"><strong>z r\u0105k p. M<\/strong><strong>arsza\u0142ek El\u017cbiety Lanc<\/strong><\/p>\n<p style=\"text-align: left;\"><strong>\u00a0<\/strong><span style=\"color: #ff0000;\"><strong><u>Notatka o Zespole Sadowianki z infosadowne:<\/u><\/strong><\/span><\/p>\n<p><strong>,, Zesp\u00f3\u0142 powsta\u0142 w 1973 roku przy \u00f3wczesnym Kole Gospody\u0144 Wiejskich dzia\u0142aj\u0105cym w Sadownem.<\/strong><\/p>\n<p><strong>\u2013 50 lat, to szmat czasu \u2013 m\u00f3wimy oczywi\u015bcie o jubileuszu<\/strong><strong>\u00a0Zespo\u0142u \u015apiewaczego \u201eSadowianki\u201d. <\/strong><\/p>\n<p><strong>Miejscowi to doceniaj\u0105, a Zesp\u00f3\u0142 nie tylko lokalnie rozs\u0142awia i promuje <\/strong><strong>Ziemi\u0119 Sadowie\u0144sk\u0105. <\/strong><\/p>\n<p><strong>Jego zas\u0142ugi s\u0105 niepodwa\u017calne. St\u0105d pozytywne opinie i nagrody. <\/strong><\/p>\n<p><strong>Cz\u0142onk\u00f3w Zespo\u0142u poproszono na scen\u0119, gdzie otrzymali wyr\u00f3\u017cnienia od organizator\u00f3w tego spotkania za swoj\u0105 aktywno\u015b\u0107 <\/strong><strong>w sferze kultury. <\/strong><\/p>\n<p>Do nagradzaj\u0105cych do\u0142\u0105czy\u0142 <strong>p. Marek Renik<\/strong> \u2013 Wicestarosta W\u0119growski.<\/p>\n<p>Z r\u0105k <strong>p. El\u017cbiety Lanc<\/strong> \u201eSadowianki\u201d otrzyma\u0142y specjalne, grawerowane podzi\u0119kowanie Zarz\u0105du Wojew\u00f3dztwa Mazowieckiego (przypomnijmy, \u017ce medal pami\u0105tkowy<strong> \u201ePro Masovia\u201d <\/strong>Zesp\u00f3\u0142 otrzyma\u0142 <strong>od Marsza\u0142ka Wojew\u00f3dztwa Mazowieckiego w 2019 roku<\/strong>, natomiast <strong>p. Waldemar Cyran<\/strong> przygotowa\u0142 dla cz\u0142onk\u00f3w Zespo\u0142u r\u00f3wnie\u017c grawerowane gratulacje i indywidualne podzi\u0119kowania.<\/p>\n<p><a href=\"http:\/\/info.sadowne.pl\/wp-content\/uploads\/2025\/07\/sad1190.jpg\"><img loading=\"lazy\" decoding=\"async\" class=\"aligncenter size-full wp-image-30248\" src=\"http:\/\/info.sadowne.pl\/wp-content\/uploads\/2025\/07\/sad1190.jpg\" alt=\"\" width=\"448\" height=\"356\" srcset=\"https:\/\/info.sadowne.pl\/wp-content\/uploads\/2025\/07\/sad1190.jpg 448w, https:\/\/info.sadowne.pl\/wp-content\/uploads\/2025\/07\/sad1190-300x238.jpg 300w\" sizes=\"auto, (max-width: 448px) 100vw, 448px\" \/><\/a><\/p>\n<p style=\"text-align: center;\"><strong>Dla Zespo\u0142u<\/strong><\/p>\n<p style=\"text-align: center;\"><a href=\"http:\/\/info.sadowne.pl\/wp-content\/uploads\/2025\/07\/sad1191.jpg\"><img loading=\"lazy\" decoding=\"async\" class=\"aligncenter size-full wp-image-30249\" src=\"http:\/\/info.sadowne.pl\/wp-content\/uploads\/2025\/07\/sad1191.jpg\" alt=\"\" width=\"406\" height=\"357\" srcset=\"https:\/\/info.sadowne.pl\/wp-content\/uploads\/2025\/07\/sad1191.jpg 406w, https:\/\/info.sadowne.pl\/wp-content\/uploads\/2025\/07\/sad1191-300x264.jpg 300w\" sizes=\"auto, (max-width: 406px) 100vw, 406px\" \/><\/a><\/p>\n<p style=\"text-align: center;\"><strong>Dla ka\u017cdego Cz\u0142onka Zespo\u0142u<\/strong><\/p>\n<p>W latach 80-tych Zesp\u00f3\u0142 przy KGW w Sadownem bra\u0142 udzia\u0142 w licznych Wojew\u00f3dzkich Przegl\u0105dach Kultury Ludowej, gdzie wykonywa\u0142 piosenki ludowe podlaskie (r\u00f3wnie\u017c o tematyce wojskowej, czy te\u017c pogrzebowej), zajmuj\u0105c czo\u0142owe miejsca lub zdobywaj\u0105c wyr\u00f3\u017cnienia za autentyczno\u015b\u0107 wykonania. Ko\u0142o Gospody\u0144 Wiejskich w Sadownem przesta\u0142o istnie\u0107, ale <strong>Zesp\u00f3\u0142 \u015apiewaczy pozosta\u0142. <\/strong><\/p>\n<p><strong><u>SADOWIANKI<\/u><\/strong> nadal \u015bpiewaj\u0105, a przy\u015bwieca im ci\u0105gle ta sama my\u015bl przewodnia:<\/p>\n<p><span style=\"color: #ff0000;\"><em><strong>,,Jak umiemy, tak \u00a0<\/strong><strong>\u015b<\/strong><strong>piewamy, z \u00a0piosnk<\/strong><strong>\u0105<\/strong><strong> rado<\/strong><strong>\u015b\u0107<\/strong><strong> zostawiamy\u201d<span style=\"color: #000000;\">.<\/span><\/strong><\/em><\/span><\/p>\n<p>Repertuar zespo\u0142u stanowi\u0105 przede wszystkim tradycyjne piosenki ludowe, ale r\u00f3wnie\u017c jest miejsce na piosenki religijne i kol\u0119dy (Jase\u0142ka), poezj\u0119 klasyczn\u0105 opart\u0105 na uczuciach, w\u0142asnych prze\u017cyciach i doznaniach, poezj\u0119 ludow\u0105, czy komedi\u0119 i dowcip zwi\u0105zany z dawn\u0105 polsk\u0105 tradycj\u0105 (Zapusty).<\/p>\n<p><strong>SADOWIANKI <\/strong>zapraszane s\u0105 do r\u00f3\u017cnych miejscowo\u015bci na festyny, do\u017cynki, przegl\u0105dy artystyczne, imprezy okoliczno\u015bciowe, spotkania z m\u0142odzie\u017c\u0105 szkoln\u0105, kombatantami, jubilatami, itp.<\/p>\n<p><strong>Kierownikiem Zespo\u0142u SADOWIANKI<\/strong> jest <strong>pani Krystyna Wetoszka,<\/strong> kt\u00f3ra pe\u0142ni t\u0119 funkcj\u0119 od 1987 roku.<\/p>\n<p>Zespo\u0142owi akompaniuje akordeonista \u2013 <strong>pan Andrzej Olton<\/strong>.<\/p>\n<p>Nad w\u0142a\u015bciwym brzmieniem piosenek i doborem repertuaru stosownie do okoliczno\u015bci czuwa <strong>pani Barbara Wr\u00f3bel<\/strong>.<\/p>\n<p>Przypomn\u0119 w tym miejscu, i\u017c Zesp\u00f3\u0142 <strong>SADOWIANKI<\/strong> na zaproszenie <strong>p. Anny Kaszuby,<\/strong> obecnej <strong>Radnej Sejmiku Wojew\u00f3dztwa Mazowieckiego<\/strong>, dnia 25 wrze\u015bnia 2022 roku by\u0142 uczestnikiem <strong>Og\u00f3lnopolskiego \u015awi\u0119ta, czyli tradycyjnych do\u017cynek w Ostrowi Mazowieckiej <\/strong>z udzia\u0142em premiera <strong>p. Mateusza Morawieckiego<\/strong>.<\/p>\n<p>Poniewa\u017c kronik\u0119 pisz\u0119 z lekkim op\u00f3\u017anieniem, dodam tu, i\u017c z panem premierem <strong>SADOWIANKI<\/strong> spotka\u0142y si\u0119 jeszcze <strong>w Mi\u0119tnem <\/strong>16 wrze\u015bnia 2023 roku na <strong>Og\u00f3lnopolskich Do\u017cynkach <\/strong><strong>,&#8221;Wdzi\u0119czni Polskiej Wsi&#8221;<\/strong>, gdzie z r\u0105k <strong>p. Mateusza Morawieckiego<\/strong> otrzyma\u0142y<\/p>\n<p style=\"text-align: center;\"><span style=\"color: #ff0000;\"><strong>,,Medal Stulecia Odzyskania Niepodleg\u0142o\u015bci\u201d<\/strong><\/span><\/p>\n<p><a href=\"http:\/\/info.sadowne.pl\/wp-content\/uploads\/2025\/07\/sad1192.jpg\"><img loading=\"lazy\" decoding=\"async\" class=\"aligncenter size-full wp-image-30250\" src=\"http:\/\/info.sadowne.pl\/wp-content\/uploads\/2025\/07\/sad1192.jpg\" alt=\"\" width=\"348\" height=\"345\" srcset=\"https:\/\/info.sadowne.pl\/wp-content\/uploads\/2025\/07\/sad1192.jpg 348w, https:\/\/info.sadowne.pl\/wp-content\/uploads\/2025\/07\/sad1192-300x297.jpg 300w\" sizes=\"auto, (max-width: 348px) 100vw, 348px\" \/><\/a><\/p>\n<p><a href=\"http:\/\/info.sadowne.pl\/wp-content\/uploads\/2025\/07\/sad1193.jpg\"><img loading=\"lazy\" decoding=\"async\" class=\"aligncenter size-full wp-image-30251\" src=\"http:\/\/info.sadowne.pl\/wp-content\/uploads\/2025\/07\/sad1193.jpg\" alt=\"\" width=\"317\" height=\"344\" srcset=\"https:\/\/info.sadowne.pl\/wp-content\/uploads\/2025\/07\/sad1193.jpg 317w, https:\/\/info.sadowne.pl\/wp-content\/uploads\/2025\/07\/sad1193-276x300.jpg 276w\" sizes=\"auto, (max-width: 317px) 100vw, 317px\" \/><\/a><\/p>\n<p>Medal za przyczynianie si\u0119 do budowania i wzmacniania suwerenno\u015bci i niepodleg\u0142o\u015bci, kulturowej to\u017csamo\u015bci i materialnej pomy\u015blno\u015bci Rzeczypospolitej.<\/p>\n<p>Kolejn\u0105 bardzo znacz\u0105c\u0105 nagrod\u0105 \u00a0by\u0142o wyr\u00f3\u017cnienie w postaci <em><strong>Podzi\u0119kowania <\/strong><\/em><strong><em>za szczeg\u00f3lne zaanga\u017cowanie w rozw\u00f3j swojej Ma\u0142ej Ojczyzny poprzez dzia\u0142alno\u015b\u0107 spo\u0142eczn\u0105 popularyzuj\u0105c\u0105 tradycje i kultur\u0119 regionu<\/em>, <\/strong>otrzymane wraz z autografem <strong>Marsza\u0142ek Sejmu p. El\u017cbiety Witek.<\/strong><\/p>\n<p><a href=\"http:\/\/info.sadowne.pl\/wp-content\/uploads\/2025\/07\/sad1194.jpg\"><img loading=\"lazy\" decoding=\"async\" class=\"aligncenter size-full wp-image-30252\" src=\"http:\/\/info.sadowne.pl\/wp-content\/uploads\/2025\/07\/sad1194.jpg\" alt=\"\" width=\"479\" height=\"645\" srcset=\"https:\/\/info.sadowne.pl\/wp-content\/uploads\/2025\/07\/sad1194.jpg 479w, https:\/\/info.sadowne.pl\/wp-content\/uploads\/2025\/07\/sad1194-223x300.jpg 223w\" sizes=\"auto, (max-width: 479px) 100vw, 479px\" \/><\/a><\/p>\n<p style=\"text-align: center;\"><strong>Dla Zespo\u0142u Sadowianki od Marsza\u0142ek Sejmu p. El\u017cbiety Witek<\/strong><\/p>\n<p><a href=\"http:\/\/info.sadowne.pl\/wp-content\/uploads\/2025\/07\/sad1195.jpg\"><img loading=\"lazy\" decoding=\"async\" class=\"aligncenter size-full wp-image-30253\" src=\"http:\/\/info.sadowne.pl\/wp-content\/uploads\/2025\/07\/sad1195.jpg\" alt=\"\" width=\"415\" height=\"295\" srcset=\"https:\/\/info.sadowne.pl\/wp-content\/uploads\/2025\/07\/sad1195.jpg 415w, https:\/\/info.sadowne.pl\/wp-content\/uploads\/2025\/07\/sad1195-300x213.jpg 300w\" sizes=\"auto, (max-width: 415px) 100vw, 415px\" \/><\/a><\/p>\n<p><a href=\"http:\/\/info.sadowne.pl\/wp-content\/uploads\/2025\/07\/sad1196.jpg\"><img loading=\"lazy\" decoding=\"async\" class=\"aligncenter size-full wp-image-30254\" src=\"http:\/\/info.sadowne.pl\/wp-content\/uploads\/2025\/07\/sad1196.jpg\" alt=\"\" width=\"340\" height=\"295\" srcset=\"https:\/\/info.sadowne.pl\/wp-content\/uploads\/2025\/07\/sad1196.jpg 340w, https:\/\/info.sadowne.pl\/wp-content\/uploads\/2025\/07\/sad1196-300x260.jpg 300w\" sizes=\"auto, (max-width: 340px) 100vw, 340px\" \/><\/a><\/p>\n<p>Wcze\u015bniej wspomniana <strong>Odznaka Honorowa \u2013 <\/strong><span style=\"color: #3366ff;\"><strong>,,Zas\u0142u\u017cony Dla Kultury Polskiej\u201d, <\/strong><\/span><strong>nadana Sadowiankom przez Min. Kult. i\u00a0 Dziedzictwa Narodowego &#8211; <\/strong><strong><span style=\"color: #ff0000;\">prof. dr hab. Piotra Gli\u0144skiego<\/span>.<\/strong><\/p>\n<p><strong>A teraz wr\u00f3\u0107my do 3 czerwca 2023 roku w Sadownem. <\/strong>Po otrzymaniu wyr\u00f3\u017cnie\u0144 jako pierwszy na scenie zaprezentowa\u0142 sw\u00f3j repertuar: <strong>Zesp\u00f3\u0142 \u015apiewaczy SADOWIANKI, <\/strong><strong>obchodz\u0105cy w tym roku <\/strong><\/p>\n<h2 style=\"text-align: center;\"><span style=\"color: #ffcc00;\"><strong>\u201eZ\u0142ote Gody\u201d \u2013 <\/strong><strong>\u00a0<\/strong><\/span><\/h2>\n<p><strong> <a href=\"http:\/\/info.sadowne.pl\/wp-content\/uploads\/2025\/07\/sad1197.jpg\"><img loading=\"lazy\" decoding=\"async\" class=\"aligncenter size-full wp-image-30255\" src=\"http:\/\/info.sadowne.pl\/wp-content\/uploads\/2025\/07\/sad1197.jpg\" alt=\"\" width=\"605\" height=\"312\" srcset=\"https:\/\/info.sadowne.pl\/wp-content\/uploads\/2025\/07\/sad1197.jpg 605w, https:\/\/info.sadowne.pl\/wp-content\/uploads\/2025\/07\/sad1197-300x155.jpg 300w\" sizes=\"auto, (max-width: 605px) 100vw, 605px\" \/><\/a><\/strong><\/p>\n<p style=\"text-align: center;\"><strong>\u00a0<\/strong><strong>Zesp\u00f3\u0142 \u015apiewaczy Sadowianki<\/strong><\/p>\n<p><strong> <a href=\"http:\/\/info.sadowne.pl\/wp-content\/uploads\/2025\/07\/sad1198.jpg\"><img loading=\"lazy\" decoding=\"async\" class=\"aligncenter size-full wp-image-30256\" src=\"http:\/\/info.sadowne.pl\/wp-content\/uploads\/2025\/07\/sad1198.jpg\" alt=\"\" width=\"605\" height=\"362\" srcset=\"https:\/\/info.sadowne.pl\/wp-content\/uploads\/2025\/07\/sad1198.jpg 605w, https:\/\/info.sadowne.pl\/wp-content\/uploads\/2025\/07\/sad1198-300x180.jpg 300w\" sizes=\"auto, (max-width: 605px) 100vw, 605px\" \/><\/a><\/strong><\/p>\n<p><a href=\"http:\/\/info.sadowne.pl\/wp-content\/uploads\/2025\/07\/sad1199.jpg\"><img loading=\"lazy\" decoding=\"async\" class=\"aligncenter size-full wp-image-30257\" src=\"http:\/\/info.sadowne.pl\/wp-content\/uploads\/2025\/07\/sad1199.jpg\" alt=\"\" width=\"469\" height=\"474\" srcset=\"https:\/\/info.sadowne.pl\/wp-content\/uploads\/2025\/07\/sad1199.jpg 469w, https:\/\/info.sadowne.pl\/wp-content\/uploads\/2025\/07\/sad1199-297x300.jpg 297w\" sizes=\"auto, (max-width: 469px) 100vw, 469px\" \/><\/a><\/p>\n<p style=\"text-align: center;\"><strong>Andrzej Olton<\/strong><\/p>\n<p><strong> <a href=\"http:\/\/info.sadowne.pl\/wp-content\/uploads\/2025\/07\/sad1200.jpg\"><img loading=\"lazy\" decoding=\"async\" class=\"aligncenter size-full wp-image-30258\" src=\"http:\/\/info.sadowne.pl\/wp-content\/uploads\/2025\/07\/sad1200.jpg\" alt=\"\" width=\"600\" height=\"344\" srcset=\"https:\/\/info.sadowne.pl\/wp-content\/uploads\/2025\/07\/sad1200.jpg 600w, https:\/\/info.sadowne.pl\/wp-content\/uploads\/2025\/07\/sad1200-300x172.jpg 300w\" sizes=\"auto, (max-width: 600px) 100vw, 600px\" \/><\/a><\/strong><\/p>\n<p style=\"text-align: left;\"><span style=\"color: #339966;\"><strong><em>I ju\u017c \u015bpiewamy:<\/em><\/strong><\/span><\/p>\n<ol>\n<li style=\"text-align: left;\"><strong>Na zielonym polu <\/strong><\/li>\n<li style=\"text-align: left;\"><strong>Za\u015bpiewa\u0142 ptaszek w gaiku<\/strong><\/li>\n<li style=\"text-align: left;\"><strong>U jeziora zimna woda <\/strong><\/li>\n<li style=\"text-align: left;\"><strong>Lipka<\/strong><\/li>\n<li style=\"text-align: left;\"><strong>Zagrajcie mi skrzypce<\/strong><\/li>\n<li style=\"text-align: left;\"><strong>Ballada Sadowie\u0144ska<\/strong><\/li>\n<\/ol>\n<p><strong><a href=\"http:\/\/info.sadowne.pl\/wp-content\/uploads\/2025\/07\/sad1201.jpg\"><img loading=\"lazy\" decoding=\"async\" class=\"aligncenter size-full wp-image-30259\" src=\"http:\/\/info.sadowne.pl\/wp-content\/uploads\/2025\/07\/sad1201.jpg\" alt=\"\" width=\"604\" height=\"310\" srcset=\"https:\/\/info.sadowne.pl\/wp-content\/uploads\/2025\/07\/sad1201.jpg 604w, https:\/\/info.sadowne.pl\/wp-content\/uploads\/2025\/07\/sad1201-300x154.jpg 300w\" sizes=\"auto, (max-width: 604px) 100vw, 604px\" \/><\/a><a href=\"http:\/\/info.sadowne.pl\/wp-content\/uploads\/2025\/07\/sad1202.jpg\"><img loading=\"lazy\" decoding=\"async\" class=\"aligncenter size-full wp-image-30260\" src=\"http:\/\/info.sadowne.pl\/wp-content\/uploads\/2025\/07\/sad1202.jpg\" alt=\"\" width=\"603\" height=\"417\" srcset=\"https:\/\/info.sadowne.pl\/wp-content\/uploads\/2025\/07\/sad1202.jpg 603w, https:\/\/info.sadowne.pl\/wp-content\/uploads\/2025\/07\/sad1202-300x207.jpg 300w\" sizes=\"auto, (max-width: 603px) 100vw, 603px\" \/><\/a>\u00a0<\/strong><\/p>\n<p style=\"text-align: center;\"><strong>Zbyszek Danaj w piosence ,,Za\u015bpiewa\u0142 ptaszek w gaiku\u201d<\/strong><\/p>\n<p><a href=\"http:\/\/info.sadowne.pl\/wp-content\/uploads\/2025\/07\/sad1203.jpg\"><img loading=\"lazy\" decoding=\"async\" class=\"aligncenter size-full wp-image-30261\" src=\"http:\/\/info.sadowne.pl\/wp-content\/uploads\/2025\/07\/sad1203.jpg\" alt=\"\" width=\"606\" height=\"228\" srcset=\"https:\/\/info.sadowne.pl\/wp-content\/uploads\/2025\/07\/sad1203.jpg 606w, https:\/\/info.sadowne.pl\/wp-content\/uploads\/2025\/07\/sad1203-300x113.jpg 300w\" sizes=\"auto, (max-width: 606px) 100vw, 606px\" \/><\/a><\/p>\n<p><a href=\"http:\/\/info.sadowne.pl\/wp-content\/uploads\/2025\/07\/sad1204.jpg\"><img loading=\"lazy\" decoding=\"async\" class=\"aligncenter size-full wp-image-30262\" src=\"http:\/\/info.sadowne.pl\/wp-content\/uploads\/2025\/07\/sad1204.jpg\" alt=\"\" width=\"602\" height=\"327\" srcset=\"https:\/\/info.sadowne.pl\/wp-content\/uploads\/2025\/07\/sad1204.jpg 602w, https:\/\/info.sadowne.pl\/wp-content\/uploads\/2025\/07\/sad1204-300x163.jpg 300w\" sizes=\"auto, (max-width: 602px) 100vw, 602px\" \/><\/a><\/p>\n<p style=\"text-align: center;\"><strong>\u00a0<\/strong><strong>Teraz &#8211; <\/strong><em><span style=\"color: #ff0000;\"><strong>,,Zagrajcie mi skrzypce\u201d<\/strong><\/span><\/em><\/p>\n<p><strong> <a href=\"http:\/\/info.sadowne.pl\/wp-content\/uploads\/2025\/07\/sad1205.jpg\"><img loading=\"lazy\" decoding=\"async\" class=\"aligncenter size-full wp-image-30263\" src=\"http:\/\/info.sadowne.pl\/wp-content\/uploads\/2025\/07\/sad1205.jpg\" alt=\"\" width=\"603\" height=\"316\" srcset=\"https:\/\/info.sadowne.pl\/wp-content\/uploads\/2025\/07\/sad1205.jpg 603w, https:\/\/info.sadowne.pl\/wp-content\/uploads\/2025\/07\/sad1205-300x157.jpg 300w\" sizes=\"auto, (max-width: 603px) 100vw, 603px\" \/><\/a><\/strong><\/p>\n<p style=\"text-align: center;\"><strong>A tu wizyt\u00f3wka naszej grupy wspania\u0142a <\/strong><\/p>\n<p style=\"text-align: center;\"><strong><span style=\"color: #ff0000;\">,<\/span><em><span style=\"color: #ff0000;\">,Ballada Sadowie<\/span><\/em><\/strong><em><span style=\"color: #ff0000;\"><strong>\u0144<\/strong><strong>ska\u201d<\/strong><\/span><\/em><strong>, <\/strong><\/p>\n<p style=\"text-align: center;\"><strong>kt\u00f3rej s\u0142owa sympatycy zespo\u0142u znaj\u0105 i wsp\u00f3lnie wyklaskuj\u0105c rytm \u015bpiewaj\u0105.<\/strong><\/p>\n<p style=\"text-align: left;\">Po wyst\u0119pach<strong> SADOWIANEK <\/strong>rozpocz\u0119\u0142o si\u0119 cudowne widowisko naszej dumy narodowej, czyli <strong>Pa\u0144stwowego Zespo\u0142u Ludowego Pie\u015bni i Ta\u0144ca <\/strong><strong>Mazowsze.<\/strong><\/p>\n<p>Tu\u017c po koncercie nast\u0105pi\u0142y podzi\u0119kowania.<\/p>\n<p><a href=\"http:\/\/info.sadowne.pl\/wp-content\/uploads\/2025\/07\/sad1206.jpg\"><img loading=\"lazy\" decoding=\"async\" class=\"aligncenter size-full wp-image-30264\" src=\"http:\/\/info.sadowne.pl\/wp-content\/uploads\/2025\/07\/sad1206.jpg\" alt=\"\" width=\"604\" height=\"427\" srcset=\"https:\/\/info.sadowne.pl\/wp-content\/uploads\/2025\/07\/sad1206.jpg 604w, https:\/\/info.sadowne.pl\/wp-content\/uploads\/2025\/07\/sad1206-300x212.jpg 300w\" sizes=\"auto, (max-width: 604px) 100vw, 604px\" \/><\/a><\/p>\n<p><strong>Basia Wr\u00f3bel<\/strong> \u2013 w imieniu naszego zespo\u0142u z \u017cyczeniami dla Zespo\u0142u Mazowsze, aby doczeka\u0142o nie tylko 100-lecia swej dzia\u0142alno\u015bci, ale, \u017ceby gra\u0142o do ko\u0144ca \u015bwiata i jeszcze d\u0142u\u017cej!!!<\/p>\n<p><a href=\"http:\/\/info.sadowne.pl\/wp-content\/uploads\/2025\/07\/sad1207.jpg\"><img loading=\"lazy\" decoding=\"async\" class=\"aligncenter size-full wp-image-30265\" src=\"http:\/\/info.sadowne.pl\/wp-content\/uploads\/2025\/07\/sad1207.jpg\" alt=\"\" width=\"608\" height=\"320\" srcset=\"https:\/\/info.sadowne.pl\/wp-content\/uploads\/2025\/07\/sad1207.jpg 608w, https:\/\/info.sadowne.pl\/wp-content\/uploads\/2025\/07\/sad1207-300x158.jpg 300w\" sizes=\"auto, (max-width: 608px) 100vw, 608px\" \/><\/a><\/p>\n<p>W\u00f3jt<strong> p. Waldemar Cyran <\/strong>sk\u0142ada podzi\u0119kowanie dyrektorowi zespo\u0142u Mazowsze <strong>p. Jackowi Bonieckiemu.<\/strong><\/p>\n<p><strong> <a href=\"http:\/\/info.sadowne.pl\/wp-content\/uploads\/2025\/07\/sad1208.jpg\"><img loading=\"lazy\" decoding=\"async\" class=\"aligncenter size-full wp-image-30266\" src=\"http:\/\/info.sadowne.pl\/wp-content\/uploads\/2025\/07\/sad1208.jpg\" alt=\"\" width=\"596\" height=\"657\" srcset=\"https:\/\/info.sadowne.pl\/wp-content\/uploads\/2025\/07\/sad1208.jpg 596w, https:\/\/info.sadowne.pl\/wp-content\/uploads\/2025\/07\/sad1208-272x300.jpg 272w\" sizes=\"auto, (max-width: 596px) 100vw, 596px\" \/><\/a><\/strong><\/p>\n<p><strong>Basia Wr\u00f3bel <\/strong>dzi\u0119kuje Dyrektorowi PZLPiT Mazowsze p. <strong>Jackowi Bonieckiemu.<\/strong><\/p>\n<p><strong> <a href=\"http:\/\/info.sadowne.pl\/wp-content\/uploads\/2025\/07\/sad1209.jpg\"><img loading=\"lazy\" decoding=\"async\" class=\"aligncenter size-full wp-image-30267\" src=\"http:\/\/info.sadowne.pl\/wp-content\/uploads\/2025\/07\/sad1209.jpg\" alt=\"\" width=\"602\" height=\"359\" srcset=\"https:\/\/info.sadowne.pl\/wp-content\/uploads\/2025\/07\/sad1209.jpg 602w, https:\/\/info.sadowne.pl\/wp-content\/uploads\/2025\/07\/sad1209-300x179.jpg 300w\" sizes=\"auto, (max-width: 602px) 100vw, 602px\" \/><\/a><\/strong><\/p>\n<p>Pi\u0119kny bukiet dla pani Marsza\u0142ek<strong> El\u017cbiety Lanc <\/strong>od pana w\u00f3jta <strong>Waldemara Cyrana.<\/strong><\/p>\n<p><strong> <a href=\"http:\/\/info.sadowne.pl\/wp-content\/uploads\/2025\/07\/sad1210.jpg\"><img loading=\"lazy\" decoding=\"async\" class=\"aligncenter size-full wp-image-30268\" src=\"http:\/\/info.sadowne.pl\/wp-content\/uploads\/2025\/07\/sad1210.jpg\" alt=\"\" width=\"607\" height=\"398\" srcset=\"https:\/\/info.sadowne.pl\/wp-content\/uploads\/2025\/07\/sad1210.jpg 607w, https:\/\/info.sadowne.pl\/wp-content\/uploads\/2025\/07\/sad1210-300x197.jpg 300w\" sizes=\"auto, (max-width: 607px) 100vw, 607px\" \/><\/a><\/strong><\/p>\n<h3 style=\"text-align: center;\"><span style=\"color: #ff0000;\"><em><strong>I oczywi<\/strong><strong>\u015b<\/strong><strong>cie \u2013 <\/strong><strong>Mazowsze na bis!!!<\/strong><\/em><\/span><\/h3>\n<h3 style=\"text-align: center;\"><span style=\"color: #ff0000;\"><em><strong><a href=\"http:\/\/info.sadowne.pl\/wp-content\/uploads\/2025\/07\/sad1211.jpg\"><img loading=\"lazy\" decoding=\"async\" class=\"aligncenter size-full wp-image-30269\" src=\"http:\/\/info.sadowne.pl\/wp-content\/uploads\/2025\/07\/sad1211.jpg\" alt=\"\" width=\"608\" height=\"259\" srcset=\"https:\/\/info.sadowne.pl\/wp-content\/uploads\/2025\/07\/sad1211.jpg 608w, https:\/\/info.sadowne.pl\/wp-content\/uploads\/2025\/07\/sad1211-300x128.jpg 300w\" sizes=\"auto, (max-width: 608px) 100vw, 608px\" \/><\/a>\u00a0<\/strong><\/em><\/span><\/h3>\n<p><strong> <a href=\"http:\/\/info.sadowne.pl\/wp-content\/uploads\/2025\/07\/sad1212.jpg\"><img loading=\"lazy\" decoding=\"async\" class=\"aligncenter size-full wp-image-30270\" src=\"http:\/\/info.sadowne.pl\/wp-content\/uploads\/2025\/07\/sad1212.jpg\" alt=\"\" width=\"608\" height=\"257\" srcset=\"https:\/\/info.sadowne.pl\/wp-content\/uploads\/2025\/07\/sad1212.jpg 608w, https:\/\/info.sadowne.pl\/wp-content\/uploads\/2025\/07\/sad1212-300x127.jpg 300w\" sizes=\"auto, (max-width: 608px) 100vw, 608px\" \/><\/a><\/strong><\/p>\n<p>&nbsp;<\/p>\n<p><strong> <a href=\"http:\/\/info.sadowne.pl\/wp-content\/uploads\/2025\/07\/sad1213.jpg\"><img loading=\"lazy\" decoding=\"async\" class=\"aligncenter size-full wp-image-30271\" src=\"http:\/\/info.sadowne.pl\/wp-content\/uploads\/2025\/07\/sad1213.jpg\" alt=\"\" width=\"605\" height=\"286\" srcset=\"https:\/\/info.sadowne.pl\/wp-content\/uploads\/2025\/07\/sad1213.jpg 605w, https:\/\/info.sadowne.pl\/wp-content\/uploads\/2025\/07\/sad1213-300x142.jpg 300w\" sizes=\"auto, (max-width: 605px) 100vw, 605px\" \/><\/a><\/strong><\/p>\n<p style=\"text-align: center;\"><strong>\u00a0<\/strong><strong>Orkiestra i dyrygent p. Jacek Boniecki<\/strong><\/p>\n<p><strong> <a href=\"http:\/\/info.sadowne.pl\/wp-content\/uploads\/2025\/07\/sad1214.jpg\"><img loading=\"lazy\" decoding=\"async\" class=\"aligncenter size-full wp-image-30272\" src=\"http:\/\/info.sadowne.pl\/wp-content\/uploads\/2025\/07\/sad1214.jpg\" alt=\"\" width=\"608\" height=\"356\" srcset=\"https:\/\/info.sadowne.pl\/wp-content\/uploads\/2025\/07\/sad1214.jpg 608w, https:\/\/info.sadowne.pl\/wp-content\/uploads\/2025\/07\/sad1214-300x176.jpg 300w\" sizes=\"auto, (max-width: 608px) 100vw, 608px\" \/><\/a><\/strong><\/p>\n<p><strong> <a href=\"http:\/\/info.sadowne.pl\/wp-content\/uploads\/2025\/07\/sad1215.jpg\"><img loading=\"lazy\" decoding=\"async\" class=\"aligncenter size-full wp-image-30273\" src=\"http:\/\/info.sadowne.pl\/wp-content\/uploads\/2025\/07\/sad1215.jpg\" alt=\"\" width=\"604\" height=\"368\" srcset=\"https:\/\/info.sadowne.pl\/wp-content\/uploads\/2025\/07\/sad1215.jpg 604w, https:\/\/info.sadowne.pl\/wp-content\/uploads\/2025\/07\/sad1215-300x183.jpg 300w\" sizes=\"auto, (max-width: 604px) 100vw, 604px\" \/><\/a><\/strong><\/p>\n<h2 style=\"text-align: center;\"><span style=\"color: #ff0000;\"><em><strong>A tu szcz\u0119\u015bliwa publiczno\u015b\u0107, bo takie spotkanie w Sadownem zdarza si\u0119 chyba tylko raz na 50 lat !!!<\/strong><\/em><\/span><\/h2>\n<p><strong>\u0179r\u00f3d\u0142o:<\/strong> SADOWIANKI, Barbara Wr\u00f3bel, Sadowne 2025<\/p>\n","protected":false},"excerpt":{"rendered":"<p>SADOWNE &#8211; 3 czerwca 2023 roku.<\/p>\n","protected":false},"author":1,"featured_media":0,"comment_status":"closed","ping_status":"closed","sticky":false,"template":"","format":"standard","meta":{"footnotes":""},"categories":[5,31,1202],"tags":[1218,101,960],"class_list":["post-30225","post","type-post","status-publish","format-standard","hentry","category-newsy","category-historia-gminy","category-zespol-spiewaczy-sadowianki","tag-barbara-wrobel","tag-historia-gminy-sadowne","tag-zespol-spiewaczy-sadowianki"],"views":1054,"_links":{"self":[{"href":"https:\/\/info.sadowne.pl\/index.php?rest_route=\/wp\/v2\/posts\/30225","targetHints":{"allow":["GET"]}}],"collection":[{"href":"https:\/\/info.sadowne.pl\/index.php?rest_route=\/wp\/v2\/posts"}],"about":[{"href":"https:\/\/info.sadowne.pl\/index.php?rest_route=\/wp\/v2\/types\/post"}],"author":[{"embeddable":true,"href":"https:\/\/info.sadowne.pl\/index.php?rest_route=\/wp\/v2\/users\/1"}],"replies":[{"embeddable":true,"href":"https:\/\/info.sadowne.pl\/index.php?rest_route=%2Fwp%2Fv2%2Fcomments&post=30225"}],"version-history":[{"count":5,"href":"https:\/\/info.sadowne.pl\/index.php?rest_route=\/wp\/v2\/posts\/30225\/revisions"}],"predecessor-version":[{"id":30275,"href":"https:\/\/info.sadowne.pl\/index.php?rest_route=\/wp\/v2\/posts\/30225\/revisions\/30275"}],"wp:attachment":[{"href":"https:\/\/info.sadowne.pl\/index.php?rest_route=%2Fwp%2Fv2%2Fmedia&parent=30225"}],"wp:term":[{"taxonomy":"category","embeddable":true,"href":"https:\/\/info.sadowne.pl\/index.php?rest_route=%2Fwp%2Fv2%2Fcategories&post=30225"},{"taxonomy":"post_tag","embeddable":true,"href":"https:\/\/info.sadowne.pl\/index.php?rest_route=%2Fwp%2Fv2%2Ftags&post=30225"}],"curies":[{"name":"wp","href":"https:\/\/api.w.org\/{rel}","templated":true}]}}