{"id":30276,"date":"2025-07-14T15:09:28","date_gmt":"2025-07-14T13:09:28","guid":{"rendered":"http:\/\/info.sadowne.pl\/?p=30276"},"modified":"2025-07-14T15:09:28","modified_gmt":"2025-07-14T13:09:28","slug":"kronika-strazacka-07-13-07-2025","status":"publish","type":"post","link":"https:\/\/info.sadowne.pl\/?p=30276","title":{"rendered":"Kronika stra\u017cacka 07 \u2013 13.07.2025"},"content":{"rendered":"<p><strong><a href=\"http:\/\/info.sadowne.pl\/wp-content\/uploads\/2025\/05\/straz1.jpg\"><img loading=\"lazy\" decoding=\"async\" class=\"alignleft size-thumbnail wp-image-30020\" src=\"http:\/\/info.sadowne.pl\/wp-content\/uploads\/2025\/05\/straz1-180x130.jpg\" alt=\"\" width=\"180\" height=\"130\" \/><\/a>W okresie 07 &#8211; 13.07.2025 na terenie powiatu w\u0119growskiego odnotowano: 18 zdarze\u0144, przy kt\u00f3rych interweniowa\u0142y jednostki ochrony przeciwpo\u017carowej, w tym: 2 po\u017cary, 16 miejscowych zagro\u017ce\u0144.<\/strong><!--more--><\/p>\n<p><strong>07.07.2025 \u2013 W\u0119gr\u00f3w \u2013 po\u017car samochodu.<\/strong><\/p>\n<p>Do SKKP wp\u0142yn\u0119\u0142a formatka CPR &#8211; po\u017car W\u0119gr\u00f3w o tre\u015bci: ,,POZAR POJAZDU OSOBOWEGO&#8221;. Dy\u017curny SKKP zadysponowa\u0142 2 zast\u0119py ga\u015bnicze z JRG. Po przybyciu na miejsce zdarzenia zast\u0119p\u00f3w, KDR po rozpoznaniu stwierdzi\u0142, \u017ce pali si\u0119 samoch\u00f3d dostawczy (po\u017car kabiny) stoj\u0105cy na poboczu przy drodze, brak os\u00f3b poszkodowanych, SiS wystarczaj\u0105ce. Do najbli\u017cszych budynk\u00f3w by\u0142o kilkadziesi\u0105t metr\u00f3w. Dzia\u0142ania zast\u0119p\u00f3w JRG polega\u0142y na zabezpieczeniu miejsca zdarzenia, a nast\u0119pnie podaniu pr\u0105du ga\u015bniczego piany w natarciu na po\u017car. Dzia\u0142ania te doprowadzi\u0142y do opanowania po\u017caru. Tl\u0105ce si\u0119 elementy samochodu przelano dok\u0142adnie wod\u0105. Doprowadzi\u0142o to do ca\u0142kowitego ugaszenia po\u017caru. Sprawdzono te\u017c cz\u0119\u015b\u0107 \u0142adunkow\u0105 pojazdu (pe\u0142ni\u0105c\u0105 funkcj\u0119 mieszkaln\u0105), kt\u00f3ra nie uleg\u0142a spaleniu. Na miejsce przyby\u0142 w\u0142a\u015bciciel pojazdu i Policja. Po pisemnym przekazaniu pojazdu w\u0142a\u015bcicielowi, zast\u0119py wr\u00f3ci\u0142y do baz.<\/p>\n<p>W DZIA\u0141ANIACH RATOWNICZYCH UDZIA\u0141 BRA\u0141O: 2 zast\u0119py, 6 ratownik\u00f3w.<\/p>\n<p><strong>08.07.2025 \u2013 \u0141och\u00f3w \u2013 stacja paliw &#8211; rozszczelnienie zbiornika gazu.<\/strong><\/p>\n<p>Do SKKP w W\u0119growie wp\u0142yn\u0119\u0142a formatka o tre\u015bci: \u201dSTACJA ORLEN WYCIEK GAZU ZE ZBIORNIKA\u201d. Dy\u017curny zadysponowa\u0142 na miejsce zdarzenia zast\u0119py OSP \u0141och\u00f3w , JRG W\u0119gr\u00f3w oraz JRG Posterunek. Dodatkowo zadysponowano na miejsce zdarzenia Dow\u00f3dc\u0119 JRG oraz Oficera Operacyjnego. Po przybyciu na miejsce zdarzenia pierwszych SiS, KDR po przeprowadzeniu rozpoznania stwierdzi\u0142, \u017ce na stacji paliw w \u0141ochowie dosz\u0142o do wycieku gazu LPG ze zbiornika. Gaz wycieka\u0142 w wyniku uszkodzenia uszczelki pod pokryw\u0105 zbiornika, przez co niemo\u017cliwe by\u0142o zatrzymanie wycieku poprzez zakr\u0119cenie zawor\u00f3w. Wyciek gazu by\u0142 niewielki i ogranicza\u0142 si\u0119 do wn\u0119trza studzienki, w kt\u00f3rej znajdowa\u0142a si\u0119 pokrywa. Wszyscy pracownicy stacji ewakuowali si\u0119 do miejsca bezpiecznego, na terenie stacji nie by\u0142o \u017cadnych\u00a0 os\u00f3b postronnych. R\u00f3wnolegle z JOP obs\u0142uga stacji powiadomi\u0142a grup\u0119 serwisow\u0105 Orlen S.A, kt\u00f3ra stacjonuje w Warszawie oraz technika stacji z Mi\u0144ska Mazowieckiego. Dzia\u0142ania SiS na miejscu zdarzenia polega\u0142y na zabezpieczeniu miejsca zdarzenia, wyznaczeniu strefy niebezpiecznej przy pomocy miernika gaz\u00f3w wybuchowych Ventis MX 4. Prewencyjnie wygrodzono teren w promieniu ok. 50 m od miejsca wycieku oraz na bie\u017c\u0105co monitorowano stref\u0119. Po przybyciu grupy serwisowej, KDR przekaza\u0142 miejsce zdarzenia Technikowi, kt\u00f3ry nadzorowa\u0142 wykonywane prace przez grup\u0119 serwisow\u0105. Na tym dzia\u0142ania zako\u0144czono. Zast\u0119py powr\u00f3ci\u0142y do bazy.<\/p>\n<p>W DZIA\u0141ANIACH RATOWNICZYCH UDZIA\u0141 BRA\u0141O: 4 zast\u0119py, 16 ratownik\u00f3w.<\/p>\n<p><strong>09.07.2025 \u2013 Stoczek \u2013 droga powiatowa &#8211; pompowanie.<\/strong><\/p>\n<p>Do SKKP w W\u0119growie wp\u0142yn\u0119\u0142a formatka CPR o tre\u015bci: &#8222;zalana ca\u0142a ulica, woda wlewa si\u0119 do sklepu Topaz ,&#8221;. Do zdarzenia zadysponowano zast\u0119p Posterunek Ostr\u00f3wek oraz OSP Stoczek. Po doje\u017adzie na miejsce zdarzenia i przeprowadzeniu rozpoznania, KDR stwierdzi\u0142, \u017ce cz\u0119\u015bciowo zalana jest ulica i teren obok sklepu Topaz (do wn\u0119trza sklepu woda nie wtargn\u0119\u0142a), SiS wystarczaj\u0105ce. Dzia\u0142ania zast\u0119p\u00f3w polega\u0142y na rozstawieniu pomp szlamowych i wypompowaniu wody z pobliskich row\u00f3w, kt\u00f3re zbieraj\u0105 wod\u0119 z ulicy na tereny, kt\u00f3re s\u0105 znacznie oddalone od miejsca zdarzenia. Na tym dzia\u0142ania zako\u0144czono, a zast\u0119py powr\u00f3ci\u0142y do bazy.<\/p>\n<p>W DZIA\u0141ANIACH RATOWNICZYCH UDZIA\u0141 BRA\u0141O: 2 zast\u0119py, 9 ratownik\u00f3w.<\/p>\n<p><strong>10.07.2025 \u2013 W\u0119gr\u00f3w \u2013 droga &#8211; drzewo.<\/strong><\/p>\n<p>Do SKKP w W\u0119growie, wp\u0142yn\u0119\u0142o telefoniczne zg\u0142oszenie ze Stra\u017cy Miejskiej: ,,z\u0142amane drzewo wisi nad drog\u0105 i lini\u0105 o\u015bwietlenia ulicznego, grozi upadkiem na jezdni\u0119, lasek na wysoko\u015bci parafii ewangelickiej na miejscu jest Stra\u017c miejska zabezpiecza&#8221;. SK zadysponowa\u0142 zast\u0119py JRG SLRr i SH25. Po przybyciu na miejsce zdarzenia zast\u0119p\u00f3w, KDR stwierdzi\u0142, \u017ce nad drog\u0105 i lini\u0105 o\u015bwietlenia miejskiego cz\u0119\u015bciowo wisi z\u0142amane suche drzewo &#8211; stwarzaj\u0105c zagro\u017cenie. Pr\u0105d zosta\u0142 od\u0142\u0105czony przez osob\u0119 maj\u0105c\u0105 nadz\u00f3r nad lini\u0105 elektryczn\u0105. Zast\u0119py JRG zabezpieczy\u0142y miejsce zdarzenia, a nast\u0119pnie przy pomocy pi\u0142y spalinowej z podno\u015bnika poci\u0119to drzewo i usuni\u0119to poza drog\u0119. Na tym dzia\u0142ania zako\u0144czono.<\/p>\n<p>W DZIA\u0141ANIACH RATOWNICZYCH UDZIA\u0141 BRA\u0141O: 2 zast\u0119py, 3 ratownik\u00f3w.<\/p>\n<p><strong>11.07.2025 \u2013 \u0141och\u00f3w \u2013 wypadek komunikacyjny.<\/strong><\/p>\n<p>Do SKKP w W\u0119growie wp\u0142yn\u0119\u0142a formatka o tre\u015bci: &#8222;DK 62 266 KM W KIERUNKU KAMIONNEJ JAD\u0104C OD \u0141OCHOWA WYPADEK ZDERZENIE 2 OSOB\u00d3WEK I CI\u0118\u017bAR\u00d3WKI 1 OSOBA ZAKLESZCZONA, NIEPRZYTOMNA&#8221;. Dy\u017curny SKKP w W\u0119growie zadysponowa\u0142 na miejsce zdarzenia 2 zast\u0119py JRG W\u0119gr\u00f3w oraz OSP \u0141och\u00f3w Al. W\u0119growska i OSP \u0141och\u00f3w ul. Fabryczna. Po przybyciu na miejsce zdarzenia pierwszych SIS, KDR po przeprowadzeniu rozpoznania przekaza\u0142, \u017ce w zdarzeniu bra\u0142y udzia\u0142 2 samochody osobowe &#8211; BMW, Hyundai oraz ci\u0105gnik samochodowy z naczep\u0105. W chwili przybycia na miejsce JOP na miejscu by\u0142 ju\u017c ZRM. Podr\u00f3\u017cuj\u0105cy BMW oraz samochodem ci\u0119\u017carowym samodzielnie opu\u015bcili pojazdy, nie odnie\u015bli \u017cadnych obra\u017ce\u0144. W Hyundaiu podr\u00f3\u017cowa\u0142o dwie osoby \u2013 pasa\u017cerka by\u0142a zaopatrywana przez ZRM, natomiast u kieruj\u0105cej &#8211; ratownik medyczny rozpozna\u0142 zgon. Dzia\u0142ania SiS na miejscu zdarzenia polega\u0142y na zabezpieczeniu miejsca zdarzenia (zablokowanie DK 62) oraz od\u0142\u0105czeniu akumulator\u00f3w. Przyby\u0142y na miejsce zdarzenia zarz\u0105dca drogi, przy pomocy sorbentu usun\u0105\u0142 wycieki znajduj\u0105ce si\u0119 na jezdni oraz elementy pojazd\u00f3w bior\u0105cych udzia\u0142 w zdarzeniu. Miejsce zosta\u0142o przekazane policji. Po zako\u0144czonych czynno\u015bciach zast\u0119py powr\u00f3ci\u0142y do bazy.<\/p>\n<p>W DZIA\u0141ANIACH RATOWNICZYCH UDZIA\u0141 BRA\u0141O: 5 zast\u0119p\u00f3w, 22 ratownik\u00f3w.<\/p>\n<p><strong>12.07.2025 \u2013 W\u0119gr\u00f3w \u2013 zdarzenie drogowe.<\/strong><\/p>\n<p>Dy\u017curny SK KP PSP W\u0119growie podczas pe\u0142nienia s\u0142u\u017cby zauwa\u017cy\u0142, \u017ce przy stra\u017cnicy uleg\u0142a wypadkowi osoba poruszaj\u0105ca si\u0119 hulajnog\u0105 elektryczn\u0105. M\u0119\u017cczyzna jad\u0105cy hulajnog\u0105 le\u017cy na chodniku, nie mo\u017ce wsta\u0107, s\u0105 przy nim dwie osoby, kt\u00f3re nadjecha\u0142y samochodem chwil\u0119 p\u00f3\u017aniej. Do zdarzenia zosta\u0142o zadysponowane JRG W\u0119gr\u00f3w, ZRM i Policja. Po przybyciu na miejsce zdarzenia stra\u017cak\u00f3w JRG W\u0119gr\u00f3w i przeprowadzeniu rozpoznania, KDR stwierdzi\u0142, \u017ce w wyniku upadku z hulajnogi osoba dozna\u0142a obra\u017ce\u0144 cia\u0142a. Dzia\u0142ania zast\u0119pu polega\u0142y na zabezpieczeniu miejsca zdarzenia, udzieleniu KPP (kontrola ABC, stabilizacja odcinka szyjnego kr\u0119gos\u0142upa, badanie urazowe, wykonywanie opatrunk\u00f3w os\u0142aniaj\u0105cych i wsparcie psychiczne). Nast\u0119pnie przekazano poszkodowanego przyby\u0142emu ZRM. Przyby\u0142y patrol Policji rozpocz\u0105\u0142 czynno\u015bci dochodzeniowe. Na tym dzia\u0142ania zako\u0144czono, a zast\u0119p JRG wr\u00f3ci\u0142 do koszar.<\/p>\n<p>W DZIA\u0141ANIACH RATOWNICZYCH UDZIA\u0141 BRA\u0141O: 1 zast\u0119p, 6 ratownik\u00f3w.<\/p>\n<p><strong>KP PSP W\u0119gr\u00f3w<\/strong><\/p>\n","protected":false},"excerpt":{"rendered":"<p>W okresie 07 &#8211; 13.07.2025 na terenie powiatu w\u0119growskiego odnotowano: 18 zdarze\u0144, przy kt\u00f3rych interweniowa\u0142y jednostki ochrony przeciwpo\u017carowej, w tym: 2 po\u017cary, 16 miejscowych zagro\u017ce\u0144.<\/p>\n","protected":false},"author":1,"featured_media":0,"comment_status":"closed","ping_status":"closed","sticky":false,"template":"","format":"standard","meta":{"footnotes":""},"categories":[5,4,267],"tags":[491,643],"class_list":["post-30276","post","type-post","status-publish","format-standard","hentry","category-newsy","category-policja-straz-pozarna-pogotowie-ratunkowe","category-straz-pozarna-policja-straz-pozarna-pogotowie-ratunkowe","tag-komenda-powiatowa-panstwowej-strazy-pozarnej-w-wegrowie","tag-kronika-strazacka"],"views":1052,"_links":{"self":[{"href":"https:\/\/info.sadowne.pl\/index.php?rest_route=\/wp\/v2\/posts\/30276","targetHints":{"allow":["GET"]}}],"collection":[{"href":"https:\/\/info.sadowne.pl\/index.php?rest_route=\/wp\/v2\/posts"}],"about":[{"href":"https:\/\/info.sadowne.pl\/index.php?rest_route=\/wp\/v2\/types\/post"}],"author":[{"embeddable":true,"href":"https:\/\/info.sadowne.pl\/index.php?rest_route=\/wp\/v2\/users\/1"}],"replies":[{"embeddable":true,"href":"https:\/\/info.sadowne.pl\/index.php?rest_route=%2Fwp%2Fv2%2Fcomments&post=30276"}],"version-history":[{"count":1,"href":"https:\/\/info.sadowne.pl\/index.php?rest_route=\/wp\/v2\/posts\/30276\/revisions"}],"predecessor-version":[{"id":30277,"href":"https:\/\/info.sadowne.pl\/index.php?rest_route=\/wp\/v2\/posts\/30276\/revisions\/30277"}],"wp:attachment":[{"href":"https:\/\/info.sadowne.pl\/index.php?rest_route=%2Fwp%2Fv2%2Fmedia&parent=30276"}],"wp:term":[{"taxonomy":"category","embeddable":true,"href":"https:\/\/info.sadowne.pl\/index.php?rest_route=%2Fwp%2Fv2%2Fcategories&post=30276"},{"taxonomy":"post_tag","embeddable":true,"href":"https:\/\/info.sadowne.pl\/index.php?rest_route=%2Fwp%2Fv2%2Ftags&post=30276"}],"curies":[{"name":"wp","href":"https:\/\/api.w.org\/{rel}","templated":true}]}}