{"id":30301,"date":"2025-07-25T15:52:50","date_gmt":"2025-07-25T13:52:50","guid":{"rendered":"http:\/\/info.sadowne.pl\/?p=30301"},"modified":"2025-07-25T15:52:50","modified_gmt":"2025-07-25T13:52:50","slug":"przeglosy","status":"publish","type":"post","link":"https:\/\/info.sadowne.pl\/?p=30301","title":{"rendered":"Przeg\u0142osy"},"content":{"rendered":"<p><strong><a href=\"http:\/\/info.sadowne.pl\/wp-content\/uploads\/2025\/07\/2025.07.25.1.jpg\" target=\"_blank\" rel=\"noopener\"><img loading=\"lazy\" decoding=\"async\" class=\"alignleft wp-image-30302 size-thumbnail\" src=\"http:\/\/info.sadowne.pl\/wp-content\/uploads\/2025\/07\/2025.07.25.1-180x130.jpg\" alt=\"\" width=\"180\" height=\"130\" \/><\/a>Kazimierz Kocha\u0144ski \u2013 wiersz nr 3.<\/strong><!--more--><\/p>\n<p><strong>\u00a0<\/strong><\/p>\n<p>&nbsp;<\/p>\n<p>&nbsp;<\/p>\n<p>&nbsp;<\/p>\n<p style=\"text-align: center;\"><strong><br \/>\nPrzeg\u0142osy<\/strong><\/p>\n<p>&nbsp;<\/p>\n<p style=\"text-align: center;\">Sam sobie pi\u0119ty depcz\u0119,<\/p>\n<p style=\"text-align: center;\">klucz\u0119 za kluczami,<\/p>\n<p style=\"text-align: center;\">\u017ale guziki zapinam\u2026<\/p>\n<p style=\"text-align: center;\">Jestem \u017caglem na wietrze<\/p>\n<p style=\"text-align: center;\">&#8211; mo\u017ce ci\u0119 to bawi &#8211;<\/p>\n<p style=\"text-align: center;\">p\u0142yn\u0119. Tak si\u0119 p\u0142ywa!<\/p>\n<p>&nbsp;<\/p>\n<p style=\"text-align: center;\">Z pami\u0119ci m\u00f3wi\u0119 wiersze,<\/p>\n<p style=\"text-align: center;\">s\u0142ucham Vivaldiego\u2026<\/p>\n<p style=\"text-align: center;\">S\u0105siad \u017cal ma do \u015bciany.<\/p>\n<p style=\"text-align: center;\">Troch\u0119 \u017ale znosz\u0119 deszcze<\/p>\n<p style=\"text-align: center;\">&#8211; sm\u0119ci kropel echo.<\/p>\n<p style=\"text-align: center;\">S\u0105cz\u0119 z czary.<\/p>\n<p>&nbsp;<\/p>\n<p><strong>Foto:<\/strong> Wies\u0142aw Maliszewski<\/p>\n","protected":false},"excerpt":{"rendered":"<p>Kazimierz Kocha\u0144ski \u2013 wiersz nr 3.<\/p>\n","protected":false},"author":1,"featured_media":0,"comment_status":"closed","ping_status":"closed","sticky":false,"template":"","format":"standard","meta":{"footnotes":""},"categories":[5,48,6,108],"tags":[144,3669,4283,51],"class_list":["post-30301","post","type-post","status-publish","format-standard","hentry","category-newsy","category-kacik-literacki","category-kultura-rozrywka-edukacja","category-okienko-poetyckie","tag-kazimierz-kochanski","tag-okienko-poetyckie","tag-wiersz-przeglosy","tag-wieslaw-maliszewski"],"views":1032,"_links":{"self":[{"href":"https:\/\/info.sadowne.pl\/index.php?rest_route=\/wp\/v2\/posts\/30301","targetHints":{"allow":["GET"]}}],"collection":[{"href":"https:\/\/info.sadowne.pl\/index.php?rest_route=\/wp\/v2\/posts"}],"about":[{"href":"https:\/\/info.sadowne.pl\/index.php?rest_route=\/wp\/v2\/types\/post"}],"author":[{"embeddable":true,"href":"https:\/\/info.sadowne.pl\/index.php?rest_route=\/wp\/v2\/users\/1"}],"replies":[{"embeddable":true,"href":"https:\/\/info.sadowne.pl\/index.php?rest_route=%2Fwp%2Fv2%2Fcomments&post=30301"}],"version-history":[{"count":2,"href":"https:\/\/info.sadowne.pl\/index.php?rest_route=\/wp\/v2\/posts\/30301\/revisions"}],"predecessor-version":[{"id":30304,"href":"https:\/\/info.sadowne.pl\/index.php?rest_route=\/wp\/v2\/posts\/30301\/revisions\/30304"}],"wp:attachment":[{"href":"https:\/\/info.sadowne.pl\/index.php?rest_route=%2Fwp%2Fv2%2Fmedia&parent=30301"}],"wp:term":[{"taxonomy":"category","embeddable":true,"href":"https:\/\/info.sadowne.pl\/index.php?rest_route=%2Fwp%2Fv2%2Fcategories&post=30301"},{"taxonomy":"post_tag","embeddable":true,"href":"https:\/\/info.sadowne.pl\/index.php?rest_route=%2Fwp%2Fv2%2Ftags&post=30301"}],"curies":[{"name":"wp","href":"https:\/\/api.w.org\/{rel}","templated":true}]}}