{"id":30306,"date":"2025-07-28T16:04:12","date_gmt":"2025-07-28T14:04:12","guid":{"rendered":"http:\/\/info.sadowne.pl\/?p=30306"},"modified":"2025-07-28T16:04:12","modified_gmt":"2025-07-28T14:04:12","slug":"kronika-strazacka-21-27-07-2025","status":"publish","type":"post","link":"https:\/\/info.sadowne.pl\/?p=30306","title":{"rendered":"Kronika stra\u017cacka 21 \u2013 27.07.2025"},"content":{"rendered":"<p><strong><a href=\"http:\/\/info.sadowne.pl\/wp-content\/uploads\/2025\/05\/straz1.jpg\"><img loading=\"lazy\" decoding=\"async\" class=\"alignleft size-thumbnail wp-image-30020\" src=\"http:\/\/info.sadowne.pl\/wp-content\/uploads\/2025\/05\/straz1-180x130.jpg\" alt=\"\" width=\"180\" height=\"130\" \/><\/a>W<\/strong><strong> okresie<\/strong><strong> od<\/strong><strong> \u00a021.07-27.07.2025 na<\/strong><strong> terenie<\/strong><strong> powiatu<\/strong><strong> w\u0119growskiego<\/strong><strong> zanotowano: <\/strong><strong>16 zdarze\u0144,<\/strong><strong> przy<\/strong><strong> kt\u00f3rych<\/strong><strong> interweniowa\u0142y<\/strong><strong> jednostki<\/strong><strong> ochrony<\/strong><strong> przeciwpo\u017carowej, w tym:<\/strong><strong> 5 po\u017car\u00f3w, 10 miejscowych zagro\u017ce\u0144 i 1 alarm fa\u0142szywy.<\/strong><strong>\u00a0<\/strong><!--more--><\/p>\n<p><strong>24.07.2025 \u2013 Szaruty, gm. Liw\u2013 kobieta po\u017c\u0105dlona przez pszczo\u0142y.<\/strong><\/p>\n<p>W budynku mieszkalnym na poddaszu bytowa\u0142 r\u00f3j pszcz\u00f3\u0142 &#8211; pszczo\u0142y wielokrotnie u\u017c\u0105dli\u0142y w\u0142a\u015bcicielk\u0119 budynku. Na miejsce przyby\u0142 ZRM, kt\u00f3ry zajmowa\u0142 si\u0119 osob\u0105 poszkodowan\u0105. Kobieta ostatecznie odm\u00f3wi\u0142a hospitalizacji i pozosta\u0142a w miejscu zamieszkania. Ze wzgl\u0119du na w\/w fakt zast\u0119py podj\u0119\u0142y dzia\u0142ania w celu umo\u017cliwienia kobiecie bezpiecznego wej\u015bcia do budynku. Agresywne owady unieszkodliwiono za pomoc\u0105 ga\u015bnicy (\u015brodek owadob\u00f3jczy), a gniazdo fizycznie usuni\u0119to z budynku.<\/p>\n<p>W DZIA\u0141ANIACH RATOWNICZYCH UDZIA\u0141 BRA\u0141O: 2 zast\u0119py, 8 ratownik\u00f3w.<\/p>\n<p><strong>25.07.2025 \u2013 Ossolin, gm. Liw \u2013 po\u017car kombajnu i s\u0142omy podczas prac polowych.<\/strong><\/p>\n<p>Na polu podczas prac dosz\u0142o do zapalenia si\u0119 elementu kombajnu zbo\u017cowego i s\u0142omy. Osoby obecne na miejscu podj\u0119\u0142y skuteczne dzia\u0142ania ga\u015bnicze (przy pomocy dost\u0119pnego na miejscu sprz\u0119tu). Dzia\u0142ania ratownik\u00f3w polega\u0142y na zabezpieczeniu miejsca zdarzenia, a nast\u0119pnie podaniu pr\u0105du wody w natarciu na tl\u0105c\u0105 si\u0119 s\u0142om\u0119. Doprowadzi\u0142o to do lokalizacji po\u017caru. Tl\u0105c\u0105 si\u0119 s\u0142om\u0119 przelano wod\u0105. Skontrolowano temperatur\u0119 rozgrzanych element\u00f3w kombajnu przy pomocy kamery. Dzia\u0142ania te doprowadzi\u0142y do ugaszenia po\u017caru.<\/p>\n<p>W DZIA\u0141ANIACH RATOWNICZYCH UDZIA\u0141 BRA\u0141O: 3 zast\u0119py, 14 ratownik\u00f3w.<\/p>\n<p>Uleg\u0142o zniszczeniu lub spaleniu: pokos oraz r\u017cysko po uprawie owsa (2 ary), uszkodzone \u0142o\u017cysko ko\u0142a pasowego kombajnu BIZON.<strong>\u00a0<\/strong><\/p>\n<p><strong>26.07.202 <\/strong>\u2013<strong> Mrozowa Wola, gm. Stoczek \u2013 NZK kobieta 81l.<\/strong><\/p>\n<p>&#8222;KOBIETA LAT 81, NIEPRZYTOMNA, NIE ODDYCHA Brak dost\u0119pnego ZRM &#8211; NSZZ &#8222;. Dy\u017curny SKKP na miejsce zdarzenia zadysponowa\u0142 zast\u0119p Posterunku JRG oraz OSP Mrozowa Wola i Top\u00f3r. Po doje\u017adzie na miejsce zdarzenia zast\u0119p\u00f3w, KDR po przeprowadzeniu rozpoznania stwierdzi\u0142, \u017ce na pod\u0142odze w budynku mieszkalnym le\u017cy kobieta. Z informacji uzyskanych od cz\u0142onk\u00f3w rodziny wynika\u0142o, \u017ce kobieta od jakiego\u015b czasu \u017ale si\u0119 poczu\u0142a. Dzia\u0142ania przyby\u0142ych ratownik\u00f3w polega\u0142y na zabezpieczeniu miejsca zdarzenia, udzieleniu kwalifikowanej pierwszej pomocy (brak funkcji \u017cyciowych, zabezpieczenie dr\u00f3g oddechowych rurk\u0105 UG, RKO, AED &#8211; brak wskaza\u0144 do defibrylacji). Poszkodowan\u0105 przekazano ZRM. Lekarz\u00a0 ZRM stwierdzi\u0142 zgon.<\/p>\n<p>DZIA\u0141ANIACH RATOWNICZYCH UDZIA\u0141 BRA\u0141O: 3 zast\u0119py, 14 ratownik\u00f3w.<\/p>\n<p><strong>KP PSP W\u0119gr\u00f3w<\/strong><\/p>\n","protected":false},"excerpt":{"rendered":"<p>W okresie od \u00a021.07-27.07.2025 na terenie powiatu w\u0119growskiego zanotowano: 16 zdarze\u0144, przy kt\u00f3rych interweniowa\u0142y jednostki ochrony przeciwpo\u017carowej, w tym: 5 po\u017car\u00f3w, 10 miejscowych zagro\u017ce\u0144 i 1 alarm fa\u0142szywy.\u00a0<\/p>\n","protected":false},"author":1,"featured_media":0,"comment_status":"closed","ping_status":"closed","sticky":false,"template":"","format":"standard","meta":{"footnotes":""},"categories":[5,4,267],"tags":[491,643],"class_list":["post-30306","post","type-post","status-publish","format-standard","hentry","category-newsy","category-policja-straz-pozarna-pogotowie-ratunkowe","category-straz-pozarna-policja-straz-pozarna-pogotowie-ratunkowe","tag-komenda-powiatowa-panstwowej-strazy-pozarnej-w-wegrowie","tag-kronika-strazacka"],"views":905,"_links":{"self":[{"href":"https:\/\/info.sadowne.pl\/index.php?rest_route=\/wp\/v2\/posts\/30306","targetHints":{"allow":["GET"]}}],"collection":[{"href":"https:\/\/info.sadowne.pl\/index.php?rest_route=\/wp\/v2\/posts"}],"about":[{"href":"https:\/\/info.sadowne.pl\/index.php?rest_route=\/wp\/v2\/types\/post"}],"author":[{"embeddable":true,"href":"https:\/\/info.sadowne.pl\/index.php?rest_route=\/wp\/v2\/users\/1"}],"replies":[{"embeddable":true,"href":"https:\/\/info.sadowne.pl\/index.php?rest_route=%2Fwp%2Fv2%2Fcomments&post=30306"}],"version-history":[{"count":1,"href":"https:\/\/info.sadowne.pl\/index.php?rest_route=\/wp\/v2\/posts\/30306\/revisions"}],"predecessor-version":[{"id":30307,"href":"https:\/\/info.sadowne.pl\/index.php?rest_route=\/wp\/v2\/posts\/30306\/revisions\/30307"}],"wp:attachment":[{"href":"https:\/\/info.sadowne.pl\/index.php?rest_route=%2Fwp%2Fv2%2Fmedia&parent=30306"}],"wp:term":[{"taxonomy":"category","embeddable":true,"href":"https:\/\/info.sadowne.pl\/index.php?rest_route=%2Fwp%2Fv2%2Fcategories&post=30306"},{"taxonomy":"post_tag","embeddable":true,"href":"https:\/\/info.sadowne.pl\/index.php?rest_route=%2Fwp%2Fv2%2Ftags&post=30306"}],"curies":[{"name":"wp","href":"https:\/\/api.w.org\/{rel}","templated":true}]}}