{"id":30310,"date":"2025-07-31T17:14:12","date_gmt":"2025-07-31T15:14:12","guid":{"rendered":"http:\/\/info.sadowne.pl\/?p=30310"},"modified":"2025-07-31T17:14:12","modified_gmt":"2025-07-31T15:14:12","slug":"podlascy-unici-trwaja-przy-wierze-przodkow","status":"publish","type":"post","link":"https:\/\/info.sadowne.pl\/?p=30310","title":{"rendered":"Podlascy unici trwaj\u0105 przy wierze przodk\u00f3w,"},"content":{"rendered":"<p><strong><a href=\"http:\/\/info.sadowne.pl\/wp-content\/uploads\/2025\/07\/Brok238.jpg\" target=\"_blank\" rel=\"noopener\"><img loading=\"lazy\" decoding=\"async\" class=\"alignleft wp-image-30311 size-thumbnail\" src=\"http:\/\/info.sadowne.pl\/wp-content\/uploads\/2025\/07\/Brok238-180x130.jpg\" alt=\"\" width=\"180\" height=\"130\" \/><\/a>\u2026wa\u0142y w Wilczog\u0119bach, skrwawiony balon spad\u0142 pod Trzciank\u0105, nowe fakty o zbrodni pod Ma\u0142kini\u0105.<\/strong><!--more--><\/p>\n<p>Carat wyda\u0142 grekokatolikom wojn\u0119 religijn\u0105. Symbolem obrony wiary przez unit\u00f3w s\u0105 wydarzenia w Pratulinie nad Bugiem, gdzie od kul rosyjskich poleg\u0142o 12 obro\u0144c\u00f3w unickiej \u015bwi\u0105tyni. Dr Adam Jarosi\u0144ski opowiada o bohaterskiej postawie grekokatolik\u00f3w \u017cyj\u0105cych w okolicach Sterdyni.<\/p>\n<p>Mieszka\u0144cy wsi Wilczog\u0119by zako\u0144czyli wsp\u00f3lnymi si\u0142ami prace przy wa\u0142ach chroni\u0105cych ich \u017cycie i dobytek.<\/p>\n<p>Feliks Fija\u0142kowski, obywatel z wioski Trzcianka, powracaj\u0105c noc\u0105 do domu, podni\u00f3s\u0142 wzrok ku g\u00f3rze i ujrza\u0142 zbli\u017caj\u0105cy si\u0119 ku ziemi sporych rozmiar\u00f3w obiekt. Nie by\u0142a to kometa ani Ufo, ale balon z napisem \u201eBraune Messe\u201d. Brak gondoli, \u015blady krwi na linach wskazywa\u0142y, \u017ce doj\u015b\u0107 musia\u0142o do tragedii. Smaczku wydarzeniu dodaje fakt, \u017ce \u201eBraune Messe\u201d, czyli po polsku \u201eBrunatne Jarmarki\u201d, by\u0142 imprezami organizowanymi od roku 1933 w ca\u0142ej Rzeszy przez NSDAP we wsp\u00f3\u0142pracy z lokalnymi w\u0142adzami, a s\u0142u\u017cy\u0107 mia\u0142y umacnianiu niemiecko\u015bci i upowszechnianiu idei narodowosocjalistycznych. Na prze\u0142omie sierpnia i wrze\u015bnia 1935 impreza taka odbywa\u0142a si\u0119 w Gliwicach. Kierunek przelotu wskazuje jednak, \u017ce balon wylecia\u0142 z Prus Wschodnich.<\/p>\n<p>Pewien czas temu informowali\u015bmy o zamordowaniu dyrektora Fabryki Narz\u0119dzi Rolniczych w Zawistach Dzikich pod Ma\u0142kini\u0105. Spieszymy z publikacj\u0105 nowych fakt\u00f3w tycz\u0105cych tych tragicznych wydarze\u0144.<\/p>\n<p><strong>Wi\u0119cej na stronie <span style=\"color: #0000ff;\"><a style=\"color: #0000ff;\" href=\"https:\/\/madzelan.cba.pl\/podlascy-unici-trwaja-przy-wierze-przodkow-waly-w-wilczogebach-skrwawiony-balon-spadl-pod-trzcianka-nowe-fakty-o-zbrodni-pod-malkinia\/\" target=\"_blank\" rel=\"noopener\">https:\/\/madzelan.cba.pl\/podlascy-unici-trwaja-przy-wierze-przodkow-waly-w-wilczogebach-skrwawiony-balon-spadl-pod-trzcianka-nowe-fakty-o-zbrodni-pod-malkinia\/<\/a><\/span><\/strong><\/p>\n","protected":false},"excerpt":{"rendered":"<p>\u2026wa\u0142y w Wilczog\u0119bach, skrwawiony balon spad\u0142 pod Trzciank\u0105, nowe fakty o zbrodni pod Ma\u0142kini\u0105.<\/p>\n","protected":false},"author":1,"featured_media":0,"comment_status":"closed","ping_status":"closed","sticky":false,"template":"","format":"standard","meta":{"footnotes":""},"categories":[5,3436,31],"tags":[3004,2956],"class_list":["post-30310","post","type-post","status-publish","format-standard","hentry","category-newsy","category-opowiesci-historie-legendy-brokowskie-i-nie-tylko","category-historia-gminy","tag-jerzy-madzelan","tag-opowiesci-historie-legendy-brokowskie-i-nie-tylko"],"views":1100,"_links":{"self":[{"href":"https:\/\/info.sadowne.pl\/index.php?rest_route=\/wp\/v2\/posts\/30310","targetHints":{"allow":["GET"]}}],"collection":[{"href":"https:\/\/info.sadowne.pl\/index.php?rest_route=\/wp\/v2\/posts"}],"about":[{"href":"https:\/\/info.sadowne.pl\/index.php?rest_route=\/wp\/v2\/types\/post"}],"author":[{"embeddable":true,"href":"https:\/\/info.sadowne.pl\/index.php?rest_route=\/wp\/v2\/users\/1"}],"replies":[{"embeddable":true,"href":"https:\/\/info.sadowne.pl\/index.php?rest_route=%2Fwp%2Fv2%2Fcomments&post=30310"}],"version-history":[{"count":1,"href":"https:\/\/info.sadowne.pl\/index.php?rest_route=\/wp\/v2\/posts\/30310\/revisions"}],"predecessor-version":[{"id":30312,"href":"https:\/\/info.sadowne.pl\/index.php?rest_route=\/wp\/v2\/posts\/30310\/revisions\/30312"}],"wp:attachment":[{"href":"https:\/\/info.sadowne.pl\/index.php?rest_route=%2Fwp%2Fv2%2Fmedia&parent=30310"}],"wp:term":[{"taxonomy":"category","embeddable":true,"href":"https:\/\/info.sadowne.pl\/index.php?rest_route=%2Fwp%2Fv2%2Fcategories&post=30310"},{"taxonomy":"post_tag","embeddable":true,"href":"https:\/\/info.sadowne.pl\/index.php?rest_route=%2Fwp%2Fv2%2Ftags&post=30310"}],"curies":[{"name":"wp","href":"https:\/\/api.w.org\/{rel}","templated":true}]}}