{"id":30323,"date":"2025-08-03T21:00:53","date_gmt":"2025-08-03T19:00:53","guid":{"rendered":"http:\/\/info.sadowne.pl\/?p=30323"},"modified":"2025-08-03T22:08:37","modified_gmt":"2025-08-03T20:08:37","slug":"xi-retro-moto-show-w-sadownem","status":"publish","type":"post","link":"https:\/\/info.sadowne.pl\/?p=30323","title":{"rendered":"XI Retro Moto Show w Sadownem"},"content":{"rendered":"<p><a href=\"http:\/\/info.sadowne.pl\/wp-content\/uploads\/2025\/08\/202508.03.1.jpg\" target=\"_blank\" rel=\"noopener\"><img loading=\"lazy\" decoding=\"async\" class=\"alignleft wp-image-30324 size-thumbnail\" src=\"http:\/\/info.sadowne.pl\/wp-content\/uploads\/2025\/08\/202508.03.1-180x130.jpg\" alt=\"\" width=\"180\" height=\"130\" \/><\/a><\/p>\n<p><strong>Ju\u017c po raz jedenasty w Sadownem odby\u0142o si\u0119 Retro Moto Show. Impreza, jak zwykle, cieszy\u0142a si\u0119 ogromnym zainteresowaniem mi\u0142o\u015bnik\u00f3w motoryzacji.<\/strong><!--more--><\/p>\n<p><strong>Uczestnicy sadowie\u0144skiego Zlotu pojazd\u00f3w zabytkowych ju\u017c znaj\u0105 sta\u0142e miejsce imprezy o nazwie \u201eRetro Moto Show w Sadownem\u201d<\/strong> &#8211; jest to poka\u017anych rozmiar\u00f3w plac targowy za ko\u015bcio\u0142em. I tu w\u0142a\u015bnie 3 sierpnia 2025 roku odby\u0142a si\u0119 kolejna, ju\u017c jedenasta, edycja tej imprezy.\u00a0 Pomys\u0142odawc\u0105 Zlotu i jego wsp\u00f3\u0142organizatorem jest p. Tomasz Ga\u0142\u0105zka, a patronat nad imprez\u0105 ka\u017cdego roku obejmuje W\u00f3jt Gminy Sadowne p. Waldemar Cyran. Wsp\u00f3\u0142organizatorami s\u0105 te\u017c: Gmina Sadowne, Gminny O\u015brodek Kultury w Sadownem oraz Stowarzyszenie na Rzecz Rozwoju Gminy Sadowne, a partnerem wydarzenia \u2013 Samorz\u0105d Wojew\u00f3dztwa Mazowieckiego. Patronat medialny sprawuje Portal Info Sadowne.<\/p>\n<p><strong>Sadowie\u0144skie Retro Moto Show jest ju\u017c dobrze znane w\u015br\u00f3d fan\u00f3w motoryzacji<\/strong>, a szczeg\u00f3lnie tej zabytkowej jej odmiany. Liczba uczestnik\u00f3w i pojazd\u00f3w odbywaj\u0105cego si\u0119 w Sadownem spotkania z roku na rok zwi\u0119ksza si\u0119, a Organizatorzy nie kryj\u0105 swojego zadowolenia z tego powodu, przygotowuj\u0105c za ka\u017cdym razem wiele atrakcji. Obliczono, i\u017c w tegorocznym Zlocie wzi\u0119\u0142o udzia\u0142 ponad 400 pojazd\u00f3w mechanicznych r\u00f3\u017cnego: typu, marki, wieku\u2026 Jest to sukces organizacyjny.<\/p>\n<p><strong>W tym roku atrakcj\u0105 Zlotu sta\u0142 si\u0119 go\u015b\u0107 specjalny, a by\u0142 nim znany wszystkim aktor p. Mieczys\u0142aw Hryniewicz<\/strong>, kt\u00f3ry przyby\u0142 na spotkanie swoj\u0105 kultow\u0105, \u017c\u00f3\u0142t\u0105 taks\u00f3wk\u0105 z serialu telewizyjnego pt. \u201eZmiennicy\u201d. Kilka s\u0142\u00f3w o naszym Go\u015bciu z Wikipedii (w skr\u00f3cie):<\/p>\n<p>&#8211; Mieczys\u0142aw Hryniewicz &#8211; polski aktor teatralny, filmowy i dubbingowy. By\u0142 zwi\u0105zany z warszawskimi teatrami: Narodowym (do 1980) i Studio (1982\u20131988) oraz pozna\u0144skim Teatrem Polskim (1998\u20132000), go\u015bcinnie wyst\u0119powa\u0142 tak\u017ce w Teatrze Ochoty i Teatrze Adekwatnym. W telewizji zadebiutowa\u0142 w 1973 w serialu \u201eDroga\u201d, nast\u0119pnie zagra\u0142 w filmie Andrzeja Trzosa-Rastawieckiego \u201eZapis zbrodni\u201d (1974). Rozg\u0142os przynios\u0142a mu rola taks\u00f3wkarza Jacka \u017bytkiewicza w serialu Stanis\u0142awa Barei \u201eZmiennicy\u201d (1986). Przez kolejne lata grywa\u0142 g\u0142\u00f3wnie w teatrze oraz w drugoplanowych i epizodycznych rolach filmowych. Od 2003 wyst\u0119puje jako W\u0142odzimierz Zi\u0119ba, jeden z g\u0142\u00f3wnych bohater\u00f3w serialu TVN \u201eNa Wsp\u00f3lnej\u201d.<\/p>\n<p><strong>W niedzielne przedpo\u0142udnie 3 sierpnia, tu\u017c po otwarciu Zlotu i przedstawieniu Go\u015bcia specjalnego, komisja dokona\u0142a oceny pojazd\u00f3w w kilku kategoriach.<\/strong> Odby\u0142y si\u0119 te\u017c konkursy dla dzieci i doros\u0142ych uczestnik\u00f3w tego spotkania \u2013 oczywi\u015bcie z nagrodami, natomiast policjanci z Komisariatu Policji w \u0141ochowie znakowali rowery ch\u0119tnym cyklistom, a Fundacja Akomodacja zach\u0119ca\u0142a m.in. do skorzystania z okular\u00f3w VR symuluj\u0105cych specyficzne sytuacje na drodze. Na \u201ezainteresowanych\u201d czeka\u0142y te\u017c stoiska gastronomiczne, w tym przygotowane przez Ko\u0142a Gospody\u0144 Wiejskich z P\u0142atkownicy i Zalesia, a na wszystkich \u2013 oczywi\u015bcie pojazdy i ich w\u0142a\u015bciciele, kt\u00f3rzy przybyli na Zlot z r\u00f3\u017cnych stron Polski. Przed parad\u0105 pojazd\u00f3w przeprowadzono konkurs dla doros\u0142ych pod nazw\u0105 \u201ePrzeci\u0105ganie malucha\u201d, a tu\u017c po niej konkursy \u201eRzut opon\u0105\u201d i \u201ePowolna jazda spalinowym jedno\u015bladem\u201d. Na zako\u0144czenie odby\u0142o si\u0119 te\u017c losowanie drobnych upomink\u00f3w dla zarejestrowanych uczestnik\u00f3w Zlotu \u2013 g\u0142\u00f3wna nagroda to voucher na przelot motoparalotni\u0105.<\/p>\n<p><strong>Zaraz po godz. 13.00 pojazdy ruszy\u0142y w tradycyjny korow\u00f3d ulicami Sadownego<\/strong>, a po ich powrocie wr\u0119czono wyr\u00f3\u017cnionym statuetki XI-go Zlotu i drobne upominki \u2013 obowi\u0105zki gospodarzy pe\u0142nili: p. Waldemar Cyran, p. Tomasz Ga\u0142\u0105zka i p. Ewa Pi\u00f3rkowska, a wspomaga\u0142 ich Go\u015b\u0107 Specjalny p. Mieczys\u0142aw Hryniewicz.<\/p>\n<p><strong>Statuetki otrzymali finali\u015bci konkursu \u201ePrzeci\u0105ganie malucha\u201d:<\/strong><\/p>\n<p>&#8211; I miejsce \u2013 Mateusz W\u0105sik<\/p>\n<p>&#8211; II miejsce \u2013 Tomasz Ga\u0142\u0105zka<\/p>\n<p>&#8211; III miejsce \u2013 Marcin G\u0119sina<\/p>\n<p><strong>Tak\u017ce konkursu pn. \u201ePowolna jazda spalinowym jedno\u015bladem\u201d:<\/strong><\/p>\n<p>\u2013 I miejsce \u2013 Piotr Podg\u00f3rski<\/p>\n<p>\u2013 II miejsce \u2013 Artur Szyma\u0144ski<\/p>\n<p>\u2013 III miejsce \u2013 Rados\u0142aw Gnys<\/p>\n<p><strong>R\u00f3wnie\u017c konkursu \u201eRzut opon\u0105\u201d:<\/strong><\/p>\n<p><strong>Kategoria &#8211; do lat 10<\/strong><\/p>\n<p>&#8211; I miejsce \u2013 Wiktor D\u0119bek<\/p>\n<p>&#8211; II miejsce \u2013 Nikodem Sobol<\/p>\n<p>&#8211; III miejsce \u2013 Nikola Mr\u00f3z<\/p>\n<p><strong>Kategoria \u2013 do lat 16<\/strong><\/p>\n<p>&#8211; I miejsce \u2013 Mateusz Karpi\u0144ski<\/p>\n<p>&#8211; II miejsce \u2013 Igor Siwi\u0144ski<\/p>\n<p>&#8211; III miejsce \u2013 Alan Kulesza<\/p>\n<p><strong>Kategoria \u2013 Doro\u015bli, Kobiety<\/strong><\/p>\n<p>&#8211; I miejsce \u2013 Monika K\u0105dziela<\/p>\n<p>&#8211; II miejsce \u2013 Klaudia Legacka<\/p>\n<p>&#8211; III miejsce \u2013 Paulina Spinek<\/p>\n<p><strong>Kategoria \u2013 Doro\u015bli, M\u0119\u017cczy\u017ani<\/strong><\/p>\n<p>&#8211; I miejsce \u2013 Mateusz W\u0105sik<\/p>\n<p>&#8211; II miejsce \u2013 Kamil Spinek<\/p>\n<p>&#8211; III miejsce \u2013 Micha\u0142 Morawski<\/p>\n<p><strong>Statuetkami wyr\u00f3\u017cniono w kategoriach:<\/strong><\/p>\n<p>\u2013 Najstarszy motocykl Zlotu \u2013 BMW R12 \u2013 wersja cywilna z 1938 r. \u2013 w\u0142. Roman Banaszek<\/p>\n<p>\u2013 Najstarszy samoch\u00f3d Zlotu \u2013 Ford A z 1930 r. \u2013 w\u0142. Adam Rogala<\/p>\n<p>\u2013 Motocykl Zlotu \u2013 Gazela M-17 z 1969 r. \u2013 w\u0142. Jaros\u0142aw Siwek<\/p>\n<p>&#8211; Samoch\u00f3d Zlotu \u2013 Ford Mustang z 1968 r. \u2013 w\u0142. Krzysztof J\u00f3\u017awiak<\/p>\n<p>&#8211; Traktor Zlotu \u2013 Traktor Andoria z 1981 r. \u2013 w\u0142. Zygmunt Krawczykowski<\/p>\n<p>\u2013 Posta\u0107 Zlotu \u2013 Pawe\u0142 Szyma\u0144ski z samochodem Polonez Truck z 2001 r.<\/p>\n<p>\u2013 Kolekcjoner Zlotu \u2013 Jaros\u0142aw G\u00f3ral<\/p>\n<p>\u2013 Klasyk Gminy \u2013 motocykl OSA \u2013 w\u0142. S\u0142awomir J\u00f3\u017awik<\/p>\n<p>\u2013 Nagroda Publiczno\u015bci \u2013 Syrena R-20 z 1980 r. \u2013 w\u0142. Jakub Bujnicki<\/p>\n<p>\u2013 Nagroda Specjalna Go\u015bcia Specjalnego \u2013 Fiat 125p. \u2013 w\u0142. Hubert W\u00f3jcik<\/p>\n<p>Organizatorzy dzi\u0119kuj\u0105 wszystkim uczestnikom Zlotu i ju\u017c teraz zapraszaj\u0105 na kolejny, kt\u00f3ry odb\u0119dzie si\u0119 za rok w Sadownem. Szczeg\u00f3lne podzi\u0119kowania kieruj\u0105 te\u017c do druh\u00f3w z OSP Morzyczyn W\u0142\u00f3ki i OSP Wilczog\u0119by, kt\u00f3rzy brali udzia\u0142 w przygotowaniu i zabezpieczeniu tegorocznego Zlotu.<\/p>\n<p><strong>Impreza by si\u0119 nie odby\u0142a bez sponsor\u00f3w<\/strong> \u2013 serdeczne im dzi\u0119ki. W tym roku Retro Moto Show wsparli w\u0142a\u015bciciele serwis\u00f3w i sklep\u00f3w motoryzacyjnych gminy Sadowne:<\/p>\n<p>\u2013 AUTONAPRAWA, Krzysztof Kobyli\u0144ski<\/p>\n<p>\u2013 AUTO CZ\u0118\u015aCI \u201eKOWALCZYK\u201d<\/p>\n<p>&#8211; Serwis \u2013 Sprzeda\u017c MICROWORLD, Jakub Bujniak<\/p>\n<p>&#8211; LOTY HUSAROFLY<\/p>\n<p>&#8211; Fundacja AKOMODACJA \u2013 okulary VR<\/p>\n<p>&#8211; Komisariat Policji w \u0141ochowie \u2013 znakowanie rower\u00f3w<\/p>\n<p>&#8211; Ko\u0142o Gospody\u0144 Wiejskich w P\u0142atkownicy<\/p>\n<p>&#8211; Ko\u0142o Gospody\u0144 Wiejskich w Zalesiu<\/p>\n<p><strong>XI Retro Moto Show w Sadownem zosta\u0142o dofinansowane ze \u015brodk\u00f3w z bud\u017cetu Wojew\u00f3dztwa Mazowieckiego.<\/strong><\/p>\n<p><span style=\"color: #0000ff;\"><strong><a style=\"color: #0000ff;\" href=\"https:\/\/photos.app.goo.gl\/2XqUzQeiPvNrf6fx8\" target=\"_blank\" rel=\"noopener\">Zdj\u0119cia w galerii Google&gt;&gt;&gt;<\/a><\/strong><\/span><\/p>\n<p><span style=\"color: #0000ff;\"><a style=\"color: #0000ff;\" href=\"https:\/\/www.facebook.com\/infosadowne\" target=\"_blank\" rel=\"noopener\"><strong>Filmy na Facebooku&gt;&gt;&gt;<\/strong><\/a><\/span><\/p>\n<p><strong>Tekst\/foto:<\/strong> S\u0142awek Chyli\u0144ski<\/p>\n","protected":false},"excerpt":{"rendered":"<p>Ju\u017c po raz jedenasty w Sadownem odby\u0142o si\u0119 Retro Moto Show. Impreza, jak zwykle, cieszy\u0142a si\u0119 ogromnym zainteresowaniem mi\u0142o\u015bnik\u00f3w motoryzacji.<\/p>\n","protected":false},"author":1,"featured_media":0,"comment_status":"closed","ping_status":"closed","sticky":false,"template":"","format":"standard","meta":{"footnotes":""},"categories":[5,91,6],"tags":[169,4285,1033,4273,3399],"class_list":["post-30323","post","type-post","status-publish","format-standard","hentry","category-newsy","category-gminny-osrodek-kultury","category-kultura-rozrywka-edukacja","tag-gminny-osrodek-kultury-w-sadownem","tag-mieczyslaw-hryniewicz","tag-waldemar-cyran","tag-xi-retro-moto-show-w-sadownem","tag-zlot-pojazdow-zabytkowych"],"views":1588,"_links":{"self":[{"href":"https:\/\/info.sadowne.pl\/index.php?rest_route=\/wp\/v2\/posts\/30323","targetHints":{"allow":["GET"]}}],"collection":[{"href":"https:\/\/info.sadowne.pl\/index.php?rest_route=\/wp\/v2\/posts"}],"about":[{"href":"https:\/\/info.sadowne.pl\/index.php?rest_route=\/wp\/v2\/types\/post"}],"author":[{"embeddable":true,"href":"https:\/\/info.sadowne.pl\/index.php?rest_route=\/wp\/v2\/users\/1"}],"replies":[{"embeddable":true,"href":"https:\/\/info.sadowne.pl\/index.php?rest_route=%2Fwp%2Fv2%2Fcomments&post=30323"}],"version-history":[{"count":3,"href":"https:\/\/info.sadowne.pl\/index.php?rest_route=\/wp\/v2\/posts\/30323\/revisions"}],"predecessor-version":[{"id":30327,"href":"https:\/\/info.sadowne.pl\/index.php?rest_route=\/wp\/v2\/posts\/30323\/revisions\/30327"}],"wp:attachment":[{"href":"https:\/\/info.sadowne.pl\/index.php?rest_route=%2Fwp%2Fv2%2Fmedia&parent=30323"}],"wp:term":[{"taxonomy":"category","embeddable":true,"href":"https:\/\/info.sadowne.pl\/index.php?rest_route=%2Fwp%2Fv2%2Fcategories&post=30323"},{"taxonomy":"post_tag","embeddable":true,"href":"https:\/\/info.sadowne.pl\/index.php?rest_route=%2Fwp%2Fv2%2Ftags&post=30323"}],"curies":[{"name":"wp","href":"https:\/\/api.w.org\/{rel}","templated":true}]}}