{"id":30331,"date":"2025-08-04T19:53:50","date_gmt":"2025-08-04T17:53:50","guid":{"rendered":"http:\/\/info.sadowne.pl\/?p=30331"},"modified":"2025-08-04T19:53:50","modified_gmt":"2025-08-04T17:53:50","slug":"z-historii-sadowianki-zlote-gody","status":"publish","type":"post","link":"https:\/\/info.sadowne.pl\/?p=30331","title":{"rendered":"Z historii \u2013 Sadowianki \u2013 \u201eZ\u0142ote Gody\u201d"},"content":{"rendered":"<p><strong><a href=\"http:\/\/info.sadowne.pl\/wp-content\/uploads\/2025\/08\/sad1225.jpg\"><img loading=\"lazy\" decoding=\"async\" class=\"alignleft size-thumbnail wp-image-30341\" src=\"http:\/\/info.sadowne.pl\/wp-content\/uploads\/2025\/08\/sad1225-180x130.jpg\" alt=\"\" width=\"180\" height=\"130\" \/><\/a>OCI\u0118TE &#8211; 6 czerwca 2023 roku &#8211; <\/strong><strong>WYPIEKANIE S<\/strong><strong>\u0118<\/strong><strong>KACZA.<\/strong><!--more--><\/p>\n<p>W tym dniu w Oci\u0119tem w Gospodarstwie Agroturystycznym u kol. Piotra Olkowskiego odby\u0142a si\u0119 pr\u00f3ba zespo\u0142u Sadowianek. \u015apiewali\u015bmy repertuar piosenek przygotowany na<\/p>\n<p style=\"text-align: center;\"><span style=\"color: #ffcc00;\"><strong>Z\u0141OTE GODY <\/strong><\/span><\/p>\n<p>ma\u0142\u017ce\u0144stw obchodz\u0105cych to \u015bwi\u0119to 7 czerwca 2023 roku,\u00a0 zorganizowane przez p. Renat\u0119 Urbankowsk\u0105 \u2013 kier. Urz\u0119du Stanu Cywilnego w Sadownem.<\/p>\n<p>Na t\u0119 okoliczno\u015b\u0107 Piotr, jak to zwykle, mia\u0142 dla zespo\u0142u niespodziank\u0119, czyli ciasto s\u0119kacz wypiekane przez p. Hann\u0119 Sobolewsk\u0105.<\/p>\n<p><a href=\"http:\/\/info.sadowne.pl\/wp-content\/uploads\/2025\/08\/sad1216.jpg\"><img loading=\"lazy\" decoding=\"async\" class=\"aligncenter size-full wp-image-30332\" src=\"http:\/\/info.sadowne.pl\/wp-content\/uploads\/2025\/08\/sad1216.jpg\" alt=\"\" width=\"528\" height=\"620\" srcset=\"https:\/\/info.sadowne.pl\/wp-content\/uploads\/2025\/08\/sad1216.jpg 528w, https:\/\/info.sadowne.pl\/wp-content\/uploads\/2025\/08\/sad1216-255x300.jpg 255w\" sizes=\"auto, (max-width: 528px) 100vw, 528px\" \/><\/a><\/p>\n<p style=\"text-align: center;\">Pieczenia s\u0119kacza<\/p>\n<p><a href=\"http:\/\/info.sadowne.pl\/wp-content\/uploads\/2025\/08\/sad1217.jpg\"><img loading=\"lazy\" decoding=\"async\" class=\"aligncenter size-full wp-image-30333\" src=\"http:\/\/info.sadowne.pl\/wp-content\/uploads\/2025\/08\/sad1217.jpg\" alt=\"\" width=\"588\" height=\"328\" srcset=\"https:\/\/info.sadowne.pl\/wp-content\/uploads\/2025\/08\/sad1217.jpg 588w, https:\/\/info.sadowne.pl\/wp-content\/uploads\/2025\/08\/sad1217-300x167.jpg 300w\" sizes=\"auto, (max-width: 588px) 100vw, 588px\" \/><\/a><\/p>\n<p style=\"text-align: center;\">Ka\u017cdy mia\u0142 jakie\u015b zaj\u0119cie<\/p>\n<p><a href=\"http:\/\/info.sadowne.pl\/wp-content\/uploads\/2025\/08\/sad1218.jpg\"><img loading=\"lazy\" decoding=\"async\" class=\"aligncenter size-full wp-image-30334\" src=\"http:\/\/info.sadowne.pl\/wp-content\/uploads\/2025\/08\/sad1218.jpg\" alt=\"\" width=\"603\" height=\"646\" srcset=\"https:\/\/info.sadowne.pl\/wp-content\/uploads\/2025\/08\/sad1218.jpg 603w, https:\/\/info.sadowne.pl\/wp-content\/uploads\/2025\/08\/sad1218-280x300.jpg 280w\" sizes=\"auto, (max-width: 603px) 100vw, 603px\" \/><\/a><\/p>\n<p style=\"text-align: center;\"><strong>SADOWIANKI <\/strong>tak po roboczemu asystuj\u0105ce przy pieczeniu s\u0119kacza<\/p>\n<p>Ca\u0142a pr\u00f3ba zespo\u0142u przebieg\u0142a w bardzo mi\u0142ej i weso\u0142ej atmosferze przy herbatce i oczywi\u015bcie degustacji wypieczonego s\u0119kacza.<\/p>\n<p><a href=\"http:\/\/info.sadowne.pl\/wp-content\/uploads\/2025\/08\/sad1219.jpg\"><img loading=\"lazy\" decoding=\"async\" class=\"aligncenter size-full wp-image-30335\" src=\"http:\/\/info.sadowne.pl\/wp-content\/uploads\/2025\/08\/sad1219.jpg\" alt=\"\" width=\"85\" height=\"111\" \/><\/a><\/p>\n<p>&nbsp;<\/p>\n<h3 style=\"text-align: center;\"><strong>SADOWNE<\/strong><\/h3>\n<h3 style=\"text-align: center;\"><strong>7 czerwca 2023<\/strong><\/h3>\n<p><strong> <a href=\"http:\/\/info.sadowne.pl\/wp-content\/uploads\/2025\/08\/sad1220.jpg\"><img loading=\"lazy\" decoding=\"async\" class=\"aligncenter size-full wp-image-30336\" src=\"http:\/\/info.sadowne.pl\/wp-content\/uploads\/2025\/08\/sad1220.jpg\" alt=\"\" width=\"494\" height=\"107\" srcset=\"https:\/\/info.sadowne.pl\/wp-content\/uploads\/2025\/08\/sad1220.jpg 494w, https:\/\/info.sadowne.pl\/wp-content\/uploads\/2025\/08\/sad1220-300x65.jpg 300w\" sizes=\"auto, (max-width: 494px) 100vw, 494px\" \/><\/a><\/strong><\/p>\n<p style=\"text-align: center;\"><strong>W tym roku 19 par ma\u0142\u017ce\u0144skich z terenu gminy Sadowne uroczy\u015bcie obchodzi\u0142o tzw. \u201eZ\u0142ote Gody\u201d.<\/strong><\/p>\n<p>Prezydent RP przyznaje medale \u201eZa d\u0142ugoletnie po\u017cycie ma\u0142\u017ce\u0144skie\u201d ma\u0142\u017conkom, kt\u00f3rzy mog\u0105 pochwali\u0107 si\u0119 ponad pi\u0119\u0107dziesi\u0119cioletnim \u201esta\u017cem\u201d w ma\u0142\u017ce\u0144stwie.<\/p>\n<p style=\"text-align: center;\">A Jubilatami byli mi\u0119dzy innymi nasza kole\u017canka z zespo\u0142u<\/p>\n<p style=\"text-align: center;\"><strong>Hania D\u0119bkowska z m\u0119\u017cem Janem.<\/strong><\/p>\n<p><a href=\"http:\/\/info.sadowne.pl\/wp-content\/uploads\/2025\/08\/sad1221.jpg\"><img loading=\"lazy\" decoding=\"async\" class=\"aligncenter size-full wp-image-30337\" src=\"http:\/\/info.sadowne.pl\/wp-content\/uploads\/2025\/08\/sad1221.jpg\" alt=\"\" width=\"604\" height=\"453\" srcset=\"https:\/\/info.sadowne.pl\/wp-content\/uploads\/2025\/08\/sad1221.jpg 604w, https:\/\/info.sadowne.pl\/wp-content\/uploads\/2025\/08\/sad1221-300x225.jpg 300w\" sizes=\"auto, (max-width: 604px) 100vw, 604px\" \/><\/a><\/p>\n<p><a href=\"http:\/\/info.sadowne.pl\/wp-content\/uploads\/2025\/08\/sad1222.jpg\"><img loading=\"lazy\" decoding=\"async\" class=\"aligncenter size-full wp-image-30338\" src=\"http:\/\/info.sadowne.pl\/wp-content\/uploads\/2025\/08\/sad1222.jpg\" alt=\"\" width=\"404\" height=\"517\" srcset=\"https:\/\/info.sadowne.pl\/wp-content\/uploads\/2025\/08\/sad1222.jpg 404w, https:\/\/info.sadowne.pl\/wp-content\/uploads\/2025\/08\/sad1222-234x300.jpg 234w\" sizes=\"auto, (max-width: 404px) 100vw, 404px\" \/><\/a><\/p>\n<p>Uroczysto\u015b\u0107 specjalnie dla naszych Jubilat\u00f3w przygotowa\u0142 <strong>Urz\u0105d Stanu Cywilnego w Sadownem<\/strong>, a poprzedzi\u0142a j\u0105 msza \u015bw., odprawiona w miejscowym ko\u015bciele parafialnym. Podczas uroczystego spotkania w Restauracji\u00a0<em><strong>Za\u015bcianek<\/strong><\/em><strong>\u00a0<\/strong>w Sadownem Jubilaci zostali przyj\u0119ci \u00a0marszem weselnym w wykonaniu <strong>p. Andrzeja Oltona <\/strong>oraz lampk\u0105 szampana.<\/p>\n<p>Nast\u0119pnie, po oficjalnym powitaniu, w imieniu Prezydenta RP Andrzeja Dudy parom ma\u0142\u017ce\u0144skim medale wr\u0119czyli:<\/p>\n<p><a href=\"http:\/\/info.sadowne.pl\/wp-content\/uploads\/2025\/08\/sad1223.jpg\"><img loading=\"lazy\" decoding=\"async\" class=\"aligncenter size-full wp-image-30339\" src=\"http:\/\/info.sadowne.pl\/wp-content\/uploads\/2025\/08\/sad1223.jpg\" alt=\"\" width=\"476\" height=\"412\" srcset=\"https:\/\/info.sadowne.pl\/wp-content\/uploads\/2025\/08\/sad1223.jpg 476w, https:\/\/info.sadowne.pl\/wp-content\/uploads\/2025\/08\/sad1223-300x260.jpg 300w\" sizes=\"auto, (max-width: 476px) 100vw, 476px\" \/><\/a><\/p>\n<p style=\"text-align: center;\">W\u00f3jt Gminy Sadowne <strong>p.<\/strong> <strong>Waldemar Cyran<\/strong> z ma\u0142\u017conk\u0105 <strong>Katarzyn\u0105<\/strong>,<\/p>\n<p><a href=\"http:\/\/info.sadowne.pl\/wp-content\/uploads\/2025\/08\/sad1224.jpg\"><img loading=\"lazy\" decoding=\"async\" class=\"aligncenter size-full wp-image-30340\" src=\"http:\/\/info.sadowne.pl\/wp-content\/uploads\/2025\/08\/sad1224.jpg\" alt=\"\" width=\"607\" height=\"438\" srcset=\"https:\/\/info.sadowne.pl\/wp-content\/uploads\/2025\/08\/sad1224.jpg 607w, https:\/\/info.sadowne.pl\/wp-content\/uploads\/2025\/08\/sad1224-300x216.jpg 300w, https:\/\/info.sadowne.pl\/wp-content\/uploads\/2025\/08\/sad1224-180x130.jpg 180w\" sizes=\"auto, (max-width: 607px) 100vw, 607px\" \/><\/a><\/p>\n<p style=\"text-align: center;\">W tak uroczystej chwili Jubilatom towarzyszyli najbli\u017csi, tu nasza Hania z m\u0119\u017cem i rodzin\u0105.<\/p>\n<p><a href=\"http:\/\/info.sadowne.pl\/wp-content\/uploads\/2025\/08\/sad1225.jpg\"><img loading=\"lazy\" decoding=\"async\" class=\"aligncenter size-full wp-image-30341\" src=\"http:\/\/info.sadowne.pl\/wp-content\/uploads\/2025\/08\/sad1225.jpg\" alt=\"\" width=\"608\" height=\"286\" srcset=\"https:\/\/info.sadowne.pl\/wp-content\/uploads\/2025\/08\/sad1225.jpg 608w, https:\/\/info.sadowne.pl\/wp-content\/uploads\/2025\/08\/sad1225-300x141.jpg 300w\" sizes=\"auto, (max-width: 608px) 100vw, 608px\" \/><\/a><\/p>\n<p>Opraw\u0119 muzyczn\u0105 przygotowa\u0142 <strong>,,niezast\u0105piony\u201d<\/strong> <strong>Zesp\u00f3\u0142 \u015apiewaczy Sadowianki<\/strong>, jak to o nas wypowiada si\u0119 ,,<strong>Nieoficjalny Portal Informacyjny <\/strong><strong>o Gminie\u201d<\/strong>, kt\u00f3rego Redaktorem Naczelnym jest nasz wspania\u0142y <strong>kolega S\u0142awomir Chyli\u0144ski.<\/strong><\/p>\n<p>Po dekoracji nie oby\u0142o si\u0119 bez \u017cycze\u0144, lampki szampana, s\u0142odkiego pocz\u0119stunku i oczywi\u015bcie\u2026 specjalnie przygotowanego na t\u0119 okoliczno\u015b\u0107 tortu.<\/p>\n<p><a href=\"http:\/\/info.sadowne.pl\/wp-content\/uploads\/2025\/08\/sad1226.jpg\"><img loading=\"lazy\" decoding=\"async\" class=\"aligncenter size-full wp-image-30342\" src=\"http:\/\/info.sadowne.pl\/wp-content\/uploads\/2025\/08\/sad1226.jpg\" alt=\"\" width=\"601\" height=\"359\" srcset=\"https:\/\/info.sadowne.pl\/wp-content\/uploads\/2025\/08\/sad1226.jpg 601w, https:\/\/info.sadowne.pl\/wp-content\/uploads\/2025\/08\/sad1226-300x179.jpg 300w\" sizes=\"auto, (max-width: 601px) 100vw, 601px\" \/><\/a><\/p>\n<p style=\"text-align: center;\"><strong>SADOWIANKI<\/strong><\/p>\n<p><a href=\"http:\/\/info.sadowne.pl\/wp-content\/uploads\/2025\/08\/sad1227.jpg\"><img loading=\"lazy\" decoding=\"async\" class=\"aligncenter size-full wp-image-30343\" src=\"http:\/\/info.sadowne.pl\/wp-content\/uploads\/2025\/08\/sad1227.jpg\" alt=\"\" width=\"601\" height=\"361\" srcset=\"https:\/\/info.sadowne.pl\/wp-content\/uploads\/2025\/08\/sad1227.jpg 601w, https:\/\/info.sadowne.pl\/wp-content\/uploads\/2025\/08\/sad1227-300x180.jpg 300w\" sizes=\"auto, (max-width: 601px) 100vw, 601px\" \/><\/a><\/p>\n<p style=\"text-align: center;\">Andrzej Olton, Piotrek Olkowski, Krysia Wetoszka, Ania Chojecka<\/p>\n<p><a href=\"http:\/\/info.sadowne.pl\/wp-content\/uploads\/2025\/08\/sad1228.jpg\"><img loading=\"lazy\" decoding=\"async\" class=\"aligncenter size-full wp-image-30344\" src=\"http:\/\/info.sadowne.pl\/wp-content\/uploads\/2025\/08\/sad1228.jpg\" alt=\"\" width=\"608\" height=\"378\" srcset=\"https:\/\/info.sadowne.pl\/wp-content\/uploads\/2025\/08\/sad1228.jpg 608w, https:\/\/info.sadowne.pl\/wp-content\/uploads\/2025\/08\/sad1228-300x187.jpg 300w\" sizes=\"auto, (max-width: 608px) 100vw, 608px\" \/><\/a><\/p>\n<p style=\"text-align: center;\">Basia Wr\u00f3bel, Tereska Biernat, Basia Decyk, Tereska W\u00f3jcik, Tereska Piwek, Wiesia Steplikowska, Henia Kibart<\/p>\n<p><a href=\"http:\/\/info.sadowne.pl\/wp-content\/uploads\/2025\/08\/sad1229.jpg\"><img loading=\"lazy\" decoding=\"async\" class=\"aligncenter size-full wp-image-30345\" src=\"http:\/\/info.sadowne.pl\/wp-content\/uploads\/2025\/08\/sad1229.jpg\" alt=\"\" width=\"607\" height=\"352\" srcset=\"https:\/\/info.sadowne.pl\/wp-content\/uploads\/2025\/08\/sad1229.jpg 607w, https:\/\/info.sadowne.pl\/wp-content\/uploads\/2025\/08\/sad1229-300x174.jpg 300w\" sizes=\"auto, (max-width: 607px) 100vw, 607px\" \/><\/a><\/p>\n<p style=\"text-align: center;\">Zbyszek Danaj, Krysia Wetoszka, Gabrysia Siewiera, Ania Chojecka, Dorotka Olkowska, Basia Wr\u00f3bel, Tereska Biernat, Basia Decyk, Tereska W\u00f3jcik.<\/p>\n<p><a href=\"http:\/\/info.sadowne.pl\/wp-content\/uploads\/2025\/08\/sad1230.jpg\"><img loading=\"lazy\" decoding=\"async\" class=\"aligncenter size-full wp-image-30346\" src=\"http:\/\/info.sadowne.pl\/wp-content\/uploads\/2025\/08\/sad1230.jpg\" alt=\"\" width=\"607\" height=\"368\" srcset=\"https:\/\/info.sadowne.pl\/wp-content\/uploads\/2025\/08\/sad1230.jpg 607w, https:\/\/info.sadowne.pl\/wp-content\/uploads\/2025\/08\/sad1230-300x182.jpg 300w\" sizes=\"auto, (max-width: 607px) 100vw, 607px\" \/><\/a><\/p>\n<p style=\"text-align: center;\">Dorota Olkowska, Basia Wr\u00f3bel, Tereska Biernat, Basia Decyk, Tereska W\u00f3jcik, Tereska Piwek, Wiesia Steplikowska, Henia Kibart<\/p>\n<p><a href=\"http:\/\/info.sadowne.pl\/wp-content\/uploads\/2025\/08\/sad1231.jpg\"><img loading=\"lazy\" decoding=\"async\" class=\"aligncenter size-full wp-image-30347\" src=\"http:\/\/info.sadowne.pl\/wp-content\/uploads\/2025\/08\/sad1231.jpg\" alt=\"\" width=\"600\" height=\"284\" srcset=\"https:\/\/info.sadowne.pl\/wp-content\/uploads\/2025\/08\/sad1231.jpg 600w, https:\/\/info.sadowne.pl\/wp-content\/uploads\/2025\/08\/sad1231-300x142.jpg 300w\" sizes=\"auto, (max-width: 600px) 100vw, 600px\" \/><\/a><\/p>\n<p style=\"text-align: center;\"><strong>SADOWIANKI<\/strong><\/p>\n<p style=\"text-align: center;\">Andrzej Olton, Zbyszek Danaj, Piotrek Olkowski, Krysia Wetoszka, Gabrysia Siewiera, Ania Chojecka, Dorotka Olkowska, Basia Wr\u00f3bel, Tereska Biernat, Basia Decyk, Tereska W\u00f3jcik, Tereska Piwek, Wiesia Steplikowska, Henia Kibart<\/p>\n<p style=\"text-align: center;\"><strong>A to ju\u017c prywatne migawki<\/strong><\/p>\n<p><a href=\"http:\/\/info.sadowne.pl\/wp-content\/uploads\/2025\/08\/sad1232.jpg\"><img loading=\"lazy\" decoding=\"async\" class=\"aligncenter size-full wp-image-30348\" src=\"http:\/\/info.sadowne.pl\/wp-content\/uploads\/2025\/08\/sad1232.jpg\" alt=\"\" width=\"524\" height=\"414\" srcset=\"https:\/\/info.sadowne.pl\/wp-content\/uploads\/2025\/08\/sad1232.jpg 524w, https:\/\/info.sadowne.pl\/wp-content\/uploads\/2025\/08\/sad1232-300x237.jpg 300w\" sizes=\"auto, (max-width: 524px) 100vw, 524px\" \/><\/a><\/p>\n<p style=\"text-align: center;\"><strong>Henia Kibart i Gabrysia Siewiera<\/strong><\/p>\n<p><strong> <a href=\"http:\/\/info.sadowne.pl\/wp-content\/uploads\/2025\/08\/sad1233.jpg\"><img loading=\"lazy\" decoding=\"async\" class=\"aligncenter size-full wp-image-30349\" src=\"http:\/\/info.sadowne.pl\/wp-content\/uploads\/2025\/08\/sad1233.jpg\" alt=\"\" width=\"532\" height=\"341\" srcset=\"https:\/\/info.sadowne.pl\/wp-content\/uploads\/2025\/08\/sad1233.jpg 532w, https:\/\/info.sadowne.pl\/wp-content\/uploads\/2025\/08\/sad1233-300x192.jpg 300w\" sizes=\"auto, (max-width: 532px) 100vw, 532px\" \/><\/a><\/strong><\/p>\n<p style=\"text-align: center;\"><strong>\u00a0<\/strong><strong>Hania D\u0119bkowska, Gabrysia Siewiera, Henia Kibart<\/strong><\/p>\n<p><strong> <a href=\"http:\/\/info.sadowne.pl\/wp-content\/uploads\/2025\/08\/sad1234.jpg\"><img loading=\"lazy\" decoding=\"async\" class=\"aligncenter size-full wp-image-30350\" src=\"http:\/\/info.sadowne.pl\/wp-content\/uploads\/2025\/08\/sad1234.jpg\" alt=\"\" width=\"600\" height=\"318\" srcset=\"https:\/\/info.sadowne.pl\/wp-content\/uploads\/2025\/08\/sad1234.jpg 600w, https:\/\/info.sadowne.pl\/wp-content\/uploads\/2025\/08\/sad1234-300x159.jpg 300w\" sizes=\"auto, (max-width: 600px) 100vw, 600px\" \/><\/a><\/strong><\/p>\n<p style=\"text-align: center;\"><strong>Zbyszek Danaj, Wiesia Steplikowska, Ania Chojecka<\/strong><\/p>\n<p><strong> <a href=\"http:\/\/info.sadowne.pl\/wp-content\/uploads\/2025\/08\/sad1235.jpg\"><img loading=\"lazy\" decoding=\"async\" class=\"aligncenter size-full wp-image-30351\" src=\"http:\/\/info.sadowne.pl\/wp-content\/uploads\/2025\/08\/sad1235.jpg\" alt=\"\" width=\"529\" height=\"324\" srcset=\"https:\/\/info.sadowne.pl\/wp-content\/uploads\/2025\/08\/sad1235.jpg 529w, https:\/\/info.sadowne.pl\/wp-content\/uploads\/2025\/08\/sad1235-300x184.jpg 300w\" sizes=\"auto, (max-width: 529px) 100vw, 529px\" \/><\/a><\/strong><\/p>\n<p style=\"text-align: center;\"><strong>Zbyszek Danaj i Wiesia Steplikowska<\/strong><\/p>\n<p><strong> <a href=\"http:\/\/info.sadowne.pl\/wp-content\/uploads\/2025\/08\/sad1236.jpg\"><img loading=\"lazy\" decoding=\"async\" class=\"aligncenter size-full wp-image-30352\" src=\"http:\/\/info.sadowne.pl\/wp-content\/uploads\/2025\/08\/sad1236.jpg\" alt=\"\" width=\"600\" height=\"431\" srcset=\"https:\/\/info.sadowne.pl\/wp-content\/uploads\/2025\/08\/sad1236.jpg 600w, https:\/\/info.sadowne.pl\/wp-content\/uploads\/2025\/08\/sad1236-300x216.jpg 300w, https:\/\/info.sadowne.pl\/wp-content\/uploads\/2025\/08\/sad1236-180x130.jpg 180w\" sizes=\"auto, (max-width: 600px) 100vw, 600px\" \/><\/a><\/strong><\/p>\n<p style=\"text-align: center;\"><strong>Dorotka Olkowska, Zbyszek Danaj i Wiesia Steplikowska<\/strong><\/p>\n<p><strong><a href=\"http:\/\/info.sadowne.pl\/wp-content\/uploads\/2025\/08\/sad1237.jpg\"><img loading=\"lazy\" decoding=\"async\" class=\"aligncenter size-full wp-image-30353\" src=\"http:\/\/info.sadowne.pl\/wp-content\/uploads\/2025\/08\/sad1237.jpg\" alt=\"\" width=\"600\" height=\"631\" srcset=\"https:\/\/info.sadowne.pl\/wp-content\/uploads\/2025\/08\/sad1237.jpg 600w, https:\/\/info.sadowne.pl\/wp-content\/uploads\/2025\/08\/sad1237-285x300.jpg 285w\" sizes=\"auto, (max-width: 600px) 100vw, 600px\" \/><\/a>\u00a0<\/strong><\/p>\n<p style=\"text-align: center;\"><strong>Nasze wspania\u0142e kole\u017canki doje\u017cd\u017caj\u0105ce z Wo\u0142omina Gabrysia Siewiera <\/strong><strong>i Wiesia Steplikowska<\/strong><\/p>\n<p><strong> <a href=\"http:\/\/info.sadowne.pl\/wp-content\/uploads\/2025\/08\/sad1238.jpg\"><img loading=\"lazy\" decoding=\"async\" class=\"aligncenter size-full wp-image-30354\" src=\"http:\/\/info.sadowne.pl\/wp-content\/uploads\/2025\/08\/sad1238.jpg\" alt=\"\" width=\"608\" height=\"364\" srcset=\"https:\/\/info.sadowne.pl\/wp-content\/uploads\/2025\/08\/sad1238.jpg 608w, https:\/\/info.sadowne.pl\/wp-content\/uploads\/2025\/08\/sad1238-300x180.jpg 300w\" sizes=\"auto, (max-width: 608px) 100vw, 608px\" \/><\/a><\/strong><\/p>\n<p style=\"text-align: center;\"><strong>Ania Chojecka, Basia Wr\u00f3bel, Andrzej Olton<\/strong><\/p>\n<p><strong> <a href=\"http:\/\/info.sadowne.pl\/wp-content\/uploads\/2025\/08\/sad1239.jpg\"><img loading=\"lazy\" decoding=\"async\" class=\"aligncenter size-full wp-image-30355\" src=\"http:\/\/info.sadowne.pl\/wp-content\/uploads\/2025\/08\/sad1239.jpg\" alt=\"\" width=\"604\" height=\"678\" srcset=\"https:\/\/info.sadowne.pl\/wp-content\/uploads\/2025\/08\/sad1239.jpg 604w, https:\/\/info.sadowne.pl\/wp-content\/uploads\/2025\/08\/sad1239-267x300.jpg 267w\" sizes=\"auto, (max-width: 604px) 100vw, 604px\" \/><\/a><\/strong><\/p>\n<p style=\"text-align: center;\"><strong>W przepi\u0119knej scenerii nasze trzy TERESKI: <\/strong><strong>Tereska Piwek, Tereska Biernat i Tereska W\u00f3jcik<\/strong><\/p>\n<p><strong>Podzi\u0119kowanie dla Organizator\u00f3w przepi\u0119knej uroczysto\u015bci <\/strong><strong>Jubileuszu Ma\u0142\u017ce\u0144stw <\/strong><strong>w imieniu Jubilat\u00f3w z\u0142o\u017cy\u0142a pani Maria Kalbarczyk.<\/strong><\/p>\n<p><strong><a href=\"http:\/\/info.sadowne.pl\/wp-content\/uploads\/2025\/08\/sad1240.jpg\"><img loading=\"lazy\" decoding=\"async\" class=\"aligncenter size-full wp-image-30356\" src=\"http:\/\/info.sadowne.pl\/wp-content\/uploads\/2025\/08\/sad1240.jpg\" alt=\"\" width=\"600\" height=\"423\" srcset=\"https:\/\/info.sadowne.pl\/wp-content\/uploads\/2025\/08\/sad1240.jpg 600w, https:\/\/info.sadowne.pl\/wp-content\/uploads\/2025\/08\/sad1240-300x212.jpg 300w\" sizes=\"auto, (max-width: 600px) 100vw, 600px\" \/><\/a>\u00a0<\/strong><\/p>\n<p style=\"text-align: center;\"><strong>Pani Maria Kalbarczyk<\/strong><\/p>\n<p><strong> <a href=\"http:\/\/info.sadowne.pl\/wp-content\/uploads\/2025\/08\/sad1241.jpg\"><img loading=\"lazy\" decoding=\"async\" class=\"aligncenter size-full wp-image-30357\" src=\"http:\/\/info.sadowne.pl\/wp-content\/uploads\/2025\/08\/sad1241.jpg\" alt=\"\" width=\"608\" height=\"246\" srcset=\"https:\/\/info.sadowne.pl\/wp-content\/uploads\/2025\/08\/sad1241.jpg 608w, https:\/\/info.sadowne.pl\/wp-content\/uploads\/2025\/08\/sad1241-300x121.jpg 300w\" sizes=\"auto, (max-width: 608px) 100vw, 608px\" \/><\/a><\/strong><\/p>\n<p style=\"text-align: center;\"><strong>Do <\/strong><strong>Sadowianek <\/strong>do\u0142\u0105czy\u0142 ks. proboszcz<strong> Antoni Kunicki <\/strong>oraz kol.<strong> Hania D\u0119bkowska<\/strong><\/p>\n<h3 style=\"text-align: center;\">Za\u015bpiewali\u015bmy dla Jubilat\u00f3w:<\/h3>\n<h3 style=\"text-align: center;\"><em><span style=\"color: #339966;\"><strong>,,Wszystkiego dobrego <\/strong><strong>\u017c<\/strong><strong>yczymy, <\/strong><strong>\u017c<\/strong><strong>yczymy\u201d<\/strong><\/span><\/em><\/h3>\n<p><strong> <a href=\"http:\/\/info.sadowne.pl\/wp-content\/uploads\/2025\/08\/sad1242.jpg\"><img loading=\"lazy\" decoding=\"async\" class=\"aligncenter size-full wp-image-30358\" src=\"http:\/\/info.sadowne.pl\/wp-content\/uploads\/2025\/08\/sad1242.jpg\" alt=\"\" width=\"221\" height=\"84\" \/><\/a><\/strong><\/p>\n<p><strong>\u0179r\u00f3d\u0142o: SADOWIANKI, Barbara Wr\u00f3bel, Sadowne 2025<\/strong><\/p>\n","protected":false},"excerpt":{"rendered":"<p>OCI\u0118TE &#8211; 6 czerwca 2023 roku &#8211; WYPIEKANIE S\u0118KACZA.<\/p>\n","protected":false},"author":1,"featured_media":0,"comment_status":"closed","ping_status":"closed","sticky":false,"template":"","format":"standard","meta":{"footnotes":""},"categories":[5,31,1202],"tags":[1218,101,960],"class_list":["post-30331","post","type-post","status-publish","format-standard","hentry","category-newsy","category-historia-gminy","category-zespol-spiewaczy-sadowianki","tag-barbara-wrobel","tag-historia-gminy-sadowne","tag-zespol-spiewaczy-sadowianki"],"views":1125,"_links":{"self":[{"href":"https:\/\/info.sadowne.pl\/index.php?rest_route=\/wp\/v2\/posts\/30331","targetHints":{"allow":["GET"]}}],"collection":[{"href":"https:\/\/info.sadowne.pl\/index.php?rest_route=\/wp\/v2\/posts"}],"about":[{"href":"https:\/\/info.sadowne.pl\/index.php?rest_route=\/wp\/v2\/types\/post"}],"author":[{"embeddable":true,"href":"https:\/\/info.sadowne.pl\/index.php?rest_route=\/wp\/v2\/users\/1"}],"replies":[{"embeddable":true,"href":"https:\/\/info.sadowne.pl\/index.php?rest_route=%2Fwp%2Fv2%2Fcomments&post=30331"}],"version-history":[{"count":1,"href":"https:\/\/info.sadowne.pl\/index.php?rest_route=\/wp\/v2\/posts\/30331\/revisions"}],"predecessor-version":[{"id":30359,"href":"https:\/\/info.sadowne.pl\/index.php?rest_route=\/wp\/v2\/posts\/30331\/revisions\/30359"}],"wp:attachment":[{"href":"https:\/\/info.sadowne.pl\/index.php?rest_route=%2Fwp%2Fv2%2Fmedia&parent=30331"}],"wp:term":[{"taxonomy":"category","embeddable":true,"href":"https:\/\/info.sadowne.pl\/index.php?rest_route=%2Fwp%2Fv2%2Fcategories&post=30331"},{"taxonomy":"post_tag","embeddable":true,"href":"https:\/\/info.sadowne.pl\/index.php?rest_route=%2Fwp%2Fv2%2Ftags&post=30331"}],"curies":[{"name":"wp","href":"https:\/\/api.w.org\/{rel}","templated":true}]}}