{"id":30368,"date":"2025-08-12T13:02:44","date_gmt":"2025-08-12T11:02:44","guid":{"rendered":"http:\/\/info.sadowne.pl\/?p=30368"},"modified":"2025-08-12T13:02:44","modified_gmt":"2025-08-12T11:02:44","slug":"kronika-strazacka-04-10-08-2025","status":"publish","type":"post","link":"https:\/\/info.sadowne.pl\/?p=30368","title":{"rendered":"Kronika stra\u017cacka 04 \u2013 10.08.2025"},"content":{"rendered":"<p><strong><a href=\"http:\/\/info.sadowne.pl\/wp-content\/uploads\/2025\/05\/straz1.jpg\"><img loading=\"lazy\" decoding=\"async\" class=\"alignleft size-thumbnail wp-image-30020\" src=\"http:\/\/info.sadowne.pl\/wp-content\/uploads\/2025\/05\/straz1-180x130.jpg\" alt=\"\" width=\"180\" height=\"130\" \/><\/a>W okresie 04 &#8211; 10.08.2025 na terenie powiatu w\u0119growskiego zanotowano: 31 zdarze\u0144, przy kt\u00f3rych interweniowa\u0142y jednostki ochrony przeciwpo\u017carowej, w tym: 4 po\u017cary, 26 miejscowych zagro\u017ce\u0144 i 1 alarm fa\u0142szywy.<\/strong><!--more--><\/p>\n<p><strong>10.08.2025 \u2013 Trzebucza, gm. Gr\u0119bk\u00f3w<\/strong><\/p>\n<p>Po doje\u017adzie na miejsce zdarzenia zast\u0119pu, KDR po przeprowadzeniu rozpoznania stwierdzi\u0142, \u017ce LPR w\u0142a\u015bnie wyl\u0105dowa\u0142 w pobli\u017cu miejsca zdarzenia, ZRM prowadzi reanimacj\u0119 m\u0119\u017cczyzny wyci\u0105gni\u0119tego z wody. Dzia\u0142ania zast\u0119p\u00f3w polega\u0142y na zabezpieczeniu miejsca zdarzenia. Czynno\u015bci podj\u0119te przez LPR i ZRM doprowadzi\u0142y do powrotu funkcji \u017cyciowych m\u0119\u017cczyzny &#8211; poszkodowanego przetransportowano do szpitala. Zast\u0119py pomog\u0142y przenie\u015b\u0107 m\u0119\u017cczyzn\u0119 do \u015bmig\u0142owca, zabezpieczono start LPR, na tym dzia\u0142ania zako\u0144czono.<strong>\u00a0<\/strong><\/p>\n<p><strong>10.08.2025 \u2013 Gmina Wierzbno\/Gmina Liw<\/strong><\/p>\n<p>W wyniku przej\u015bcia nawa\u0142nicy w dniu 10.08.2025 odnotowano 11 zdarze\u0144 zwi\u0105zanych<br \/>\nz silnymi wiatrami. Drzewa na drodze oraz zerwany w po\u0142owie dach na budynku mieszalnym drewnianym w miejscowo\u015bci Krypy, gm. Wierzbno. W wyniku braku zasilania w miejscowo\u015bci Czerwonka, gm. Wierzbno, zast\u0119p OSP Czerwonka zabezpiecza\u0142 podtrzymywa\u0142 zasilania w koncentratorze tlenu u osoby z chorob\u0105 p\u0142uc.<\/p>\n<p><strong>09.08.2025 &#8211; Szczur\u00f3w, Gmina Korytnica &#8211; Po\u017car r\u017cyska oraz prasy beluj\u0105cej.<\/strong><\/p>\n<p>Po\u017car ok 1 ha r\u017cyska i pokosu s\u0142omy, prasa beluj\u0105ca. \u00a0Dzia\u0142ania zast\u0119p\u00f3w JRG i OSP Czerwonka w pierwszej fazie polega\u0142y na zabezpieczeniu miejsca zdarzenia oraz podaniu trzech pr\u0105d\u00f3w wody na pal\u0105c\u0105 si\u0119 pras\u0119 oraz r\u017cysko. Silne podmuchy wiatru powodowa\u0142y szybkie rozprzestrzenianie si\u0119 ognia, po\u017car obj\u0105\u0142 oko\u0142o 3ha. Po przybyciu na miejsce zdarzenia kolejnych zadysponowanych zast\u0119p\u00f3w, polecono utworzenie punktu uzupe\u0142niania \u015brodka ga\u015bniczego Dzia\u0142ania zast\u0119p\u00f3w doprowadzi\u0142y do lokalizacji, a nast\u0119pnie ugaszenia po\u017caru. Na tym dzia\u0142ania zako\u0144czono, a zast\u0119py powr\u00f3ci\u0142y do koszar.<\/p>\n<p><strong>09.08.2025 &#8211; Mrozowa Wola, gm. Stoczek<\/strong><\/p>\n<p>M\u0119\u017cczyzna spad\u0142 z rusztowania. Zabezpieczono miejsce zdarzenia, udzielano kwalifikowanej pierwszej pomocy (resuscytacja) oraz zabezpieczono l\u0105dowanie \u015bmig\u0142owca LPR.<\/p>\n<p><strong>08.08.2025 W\u0119gr\u00f3w, ul. S\u0142owackiego<\/strong><\/p>\n<p>KDR po przeprowadzonym rozpoznaniu stwierdzi\u0142, \u017ce na DW637 w pobli\u017cu skrzy\u017cowania z ul. Mickiewicza dosz\u0142o do zdarzenia drogowego z udzia\u0142em skutera i samochodu dostawczego. Wobec poszkodowanego prowadzona by\u0142a RKO przez \u015bwiadka zdarzenia. Dzia\u0142ania zast\u0119p\u00f3w JRG i OSP W\u0119gr\u00f3w polega\u0142y na zabezpieczeniu i oznakowaniu miejsca zdarzenia oraz udzieleniu poszkodowanemu kwalifikowanej pierwszej pomocy kontynuowano RKO. W trakcie tych czynno\u015bci m\u0119\u017cczyzna odzyska\u0142 funkcje \u017cyciowe. ZRM jecha\u0142 z miejscowo\u015bci Mokobody oraz \u015bmig\u0142owiec LPR z Soko\u0142owa Podlaskiego. Dalsze dzia\u0142ania JOP polega\u0142y na zabezpieczaniu miejsca zdarzenia, pomocy ZRM przy osobie poszkodowanej i pomocy Policji w zabezpieczeniu ruchu drogowego. Zabezpieczano te\u017c l\u0105dowanie i start \u015bmig\u0142owca LPR.<\/p>\n<p><strong>06.08.2025 Zawady, gm. Liw &#8211; Zderzenie samochodu ci\u0119\u017carowego z osobowym.<\/strong><\/p>\n<p>Do zdarzenia zadysponowano trzy zast\u0119py JRG oraz jeden zast\u0119p OSP. Po przyje\u017adzie na miejsce zdarzenia Zast\u0119p\u00f3w JRG i OSP\u00a0 potwierdzono informacje zawarte w zg\u0142oszeniu zderzenie 2 pojazd\u00f3w. W wyniku zdarzenia poszkodowana zosta\u0142a jedna osoba. Dzia\u0142ania zast\u0119p\u00f3w polega\u0142y na zabezpieczeniu miejsca zdarzenia, od\u0142\u0105czeniu akumulator\u00f3w w pojazdach, zakr\u0119cenia zaworu gazu, udzieleniu KPP poszkodowanej. Na miejsce zdarzenia przyby\u0142 ZRM, kt\u00f3remu przekazano poszkodowanego wraz z kart\u0105 udzielonej KPP oraz policja.<\/p>\n<p><strong>KP PSP W\u0119gr\u00f3w<\/strong><\/p>\n<p>&nbsp;<\/p>\n","protected":false},"excerpt":{"rendered":"<p>W okresie 04 &#8211; 10.08.2025 na terenie powiatu w\u0119growskiego zanotowano: 31 zdarze\u0144, przy kt\u00f3rych interweniowa\u0142y jednostki ochrony przeciwpo\u017carowej, w tym: 4 po\u017cary, 26 miejscowych zagro\u017ce\u0144 i 1 alarm fa\u0142szywy.<\/p>\n","protected":false},"author":1,"featured_media":0,"comment_status":"closed","ping_status":"closed","sticky":false,"template":"","format":"standard","meta":{"footnotes":""},"categories":[5,4,267],"tags":[491,643],"class_list":["post-30368","post","type-post","status-publish","format-standard","hentry","category-newsy","category-policja-straz-pozarna-pogotowie-ratunkowe","category-straz-pozarna-policja-straz-pozarna-pogotowie-ratunkowe","tag-komenda-powiatowa-panstwowej-strazy-pozarnej-w-wegrowie","tag-kronika-strazacka"],"views":1039,"_links":{"self":[{"href":"https:\/\/info.sadowne.pl\/index.php?rest_route=\/wp\/v2\/posts\/30368","targetHints":{"allow":["GET"]}}],"collection":[{"href":"https:\/\/info.sadowne.pl\/index.php?rest_route=\/wp\/v2\/posts"}],"about":[{"href":"https:\/\/info.sadowne.pl\/index.php?rest_route=\/wp\/v2\/types\/post"}],"author":[{"embeddable":true,"href":"https:\/\/info.sadowne.pl\/index.php?rest_route=\/wp\/v2\/users\/1"}],"replies":[{"embeddable":true,"href":"https:\/\/info.sadowne.pl\/index.php?rest_route=%2Fwp%2Fv2%2Fcomments&post=30368"}],"version-history":[{"count":1,"href":"https:\/\/info.sadowne.pl\/index.php?rest_route=\/wp\/v2\/posts\/30368\/revisions"}],"predecessor-version":[{"id":30369,"href":"https:\/\/info.sadowne.pl\/index.php?rest_route=\/wp\/v2\/posts\/30368\/revisions\/30369"}],"wp:attachment":[{"href":"https:\/\/info.sadowne.pl\/index.php?rest_route=%2Fwp%2Fv2%2Fmedia&parent=30368"}],"wp:term":[{"taxonomy":"category","embeddable":true,"href":"https:\/\/info.sadowne.pl\/index.php?rest_route=%2Fwp%2Fv2%2Fcategories&post=30368"},{"taxonomy":"post_tag","embeddable":true,"href":"https:\/\/info.sadowne.pl\/index.php?rest_route=%2Fwp%2Fv2%2Ftags&post=30368"}],"curies":[{"name":"wp","href":"https:\/\/api.w.org\/{rel}","templated":true}]}}