{"id":30371,"date":"2025-08-14T15:00:14","date_gmt":"2025-08-14T13:00:14","guid":{"rendered":"http:\/\/info.sadowne.pl\/?p=30371"},"modified":"2025-08-14T15:00:14","modified_gmt":"2025-08-14T13:00:14","slug":"odwiedziny-cara","status":"publish","type":"post","link":"https:\/\/info.sadowne.pl\/?p=30371","title":{"rendered":"Odwiedziny cara"},"content":{"rendered":"<p><strong><a href=\"http:\/\/info.sadowne.pl\/wp-content\/uploads\/2025\/08\/Brok240.jpg\" target=\"_blank\" rel=\"noopener\"><img loading=\"lazy\" decoding=\"async\" class=\"alignleft wp-image-30372 size-thumbnail\" src=\"http:\/\/info.sadowne.pl\/wp-content\/uploads\/2025\/08\/Brok240-180x130.jpg\" alt=\"\" width=\"180\" height=\"130\" \/><\/a>\u2026i upami\u0119tnienie tej wizyty pod \u015aniadowem, dramat w \u201ePrzytulisku dla weteran\u00f3w\u201d, pod Ostrowi\u0105 sprali sk\u00f3r\u0119 Moskalom, a \u017co\u0142dacy spalili w odwecie wiosk\u0119, spisek mniemany w Sterdyni.<\/strong><!--more--><\/p>\n<p>W roku 1897 car Miko\u0142aj II z\u0142o\u017cy\u0142 wizyt\u0119 w Kr\u00f3lestwie Polskim. W podzi\u0119ce za okazan\u0105 \u0142ask\u0119 zaszczyceni poddani odwdzi\u0119czyli si\u0119 darem w postaci miliona rubli. Samodzier\u017cawca dar przyj\u0105\u0142, za co pi\u0119knie podzi\u0119kowano. Tym, kt\u00f3rzy ogl\u0105dali i tym, kt\u00f3rzy nie mieli okazji, by obejrze\u0107 film Matylda, nale\u017cy si\u0119 informacja, \u017ce w \u015bwicie carskiej by\u0142 Feliks Adam Krzesi\u0144ski, ojciec tytu\u0142owej bohaterki, a polskiej tancerki, kt\u00f3ra przesz\u0142a do historii jako kochanka imperatora.<\/p>\n<p>Car odwiedzi\u0142 tak\u017ce nasz szeroko poj\u0119ty region, gdzie obserwowa\u0142 zakrojone na wielk\u0105 skal\u0119 manewry. Okazuje si\u0119, \u017ce w\u0142adca nawiedzi\u0142 wiosk\u0119 Olszewo pod \u015aniadowem. Na miejscu u\u015bwi\u0119conym stop\u0105 cara stan\u0105\u0142 rych\u0142o pomnik, o czym z niesmakiem donosi pismo wychodz\u0105ce w Krakowie.<\/p>\n<p>Jaki\u015b czas temu zamieszczono na tych \u0142amach opowie\u015b\u0107 po\u015bwi\u0119con\u0105 wydarzeniom Powstania Styczniowego w regionie. Ilustracj\u0119 wyr\u00f3\u017cniaj\u0105c\u0105 tamten artyku\u0142 stanowi\u0142a fotografia prezentuj\u0105ca weteran\u00f3w Powstania, kt\u00f3ry znale\u017ali dach nad g\u0142ow\u0105 i wikt w krakowskim \u201ePrzytulisku\u201d. Na fotografii uwiecznieni zostali m.in. powsta\u0144cy z okolicy \u2013 Piotr Derlatka i Karol Wrona. Cieszy\u0142o nas, \u017ce ci dwaj dzielni, um\u0119czeni ludzie znale\u017ali opiek\u0119 na staro\u015b\u0107. W pi\u015bmie wychodz\u0105cym we Lwowie, natrafili\u015bmy jednak na artyku\u0142 opisuj\u0105cy nader krytycznie warunki panuj\u0105ce w owym \u201ePrzytulisku\u201d, kt\u00f3re dla niekt\u00f3rych pensjonariuszy sta\u0142o si\u0119 miejscem wr\u0119cz m\u0119ki.<\/p>\n<p><strong>Wi\u0119cej na stronie <span style=\"color: #0000ff;\"><a style=\"color: #0000ff;\" href=\"https:\/\/madzelan.cba.pl\/odwiedziny-cara-i-upamietnienie-tej-wizyty-pod-sniadowem-dramat-w-przytulisku-dla-weteranow-pod-ostrowia-sprali-skore-moskalom-a-zoldacy-spalili-w-odwecie-wioske-spisek-mniemany\/\" target=\"_blank\" rel=\"noopener\">https:\/\/madzelan.cba.pl\/odwiedziny-cara-i-upamietnienie-tej-wizyty-pod-sniadowem-dramat-w-przytulisku-dla-weteranow-pod-ostrowia-sprali-skore-moskalom-a-zoldacy-spalili-w-odwecie-wioske-spisek-mniemany\/<\/a><\/span><\/strong><\/p>\n","protected":false},"excerpt":{"rendered":"<p>\u2026i upami\u0119tnienie tej wizyty pod \u015aniadowem, dramat w \u201ePrzytulisku dla weteran\u00f3w\u201d, pod Ostrowi\u0105 sprali sk\u00f3r\u0119 Moskalom, a \u017co\u0142dacy spalili w odwecie wiosk\u0119, spisek mniemany w Sterdyni.<\/p>\n","protected":false},"author":1,"featured_media":0,"comment_status":"closed","ping_status":"closed","sticky":false,"template":"","format":"standard","meta":{"footnotes":""},"categories":[5,3436,31],"tags":[101,3004,2956],"class_list":["post-30371","post","type-post","status-publish","format-standard","hentry","category-newsy","category-opowiesci-historie-legendy-brokowskie-i-nie-tylko","category-historia-gminy","tag-historia-gminy-sadowne","tag-jerzy-madzelan","tag-opowiesci-historie-legendy-brokowskie-i-nie-tylko"],"views":1089,"_links":{"self":[{"href":"https:\/\/info.sadowne.pl\/index.php?rest_route=\/wp\/v2\/posts\/30371","targetHints":{"allow":["GET"]}}],"collection":[{"href":"https:\/\/info.sadowne.pl\/index.php?rest_route=\/wp\/v2\/posts"}],"about":[{"href":"https:\/\/info.sadowne.pl\/index.php?rest_route=\/wp\/v2\/types\/post"}],"author":[{"embeddable":true,"href":"https:\/\/info.sadowne.pl\/index.php?rest_route=\/wp\/v2\/users\/1"}],"replies":[{"embeddable":true,"href":"https:\/\/info.sadowne.pl\/index.php?rest_route=%2Fwp%2Fv2%2Fcomments&post=30371"}],"version-history":[{"count":1,"href":"https:\/\/info.sadowne.pl\/index.php?rest_route=\/wp\/v2\/posts\/30371\/revisions"}],"predecessor-version":[{"id":30373,"href":"https:\/\/info.sadowne.pl\/index.php?rest_route=\/wp\/v2\/posts\/30371\/revisions\/30373"}],"wp:attachment":[{"href":"https:\/\/info.sadowne.pl\/index.php?rest_route=%2Fwp%2Fv2%2Fmedia&parent=30371"}],"wp:term":[{"taxonomy":"category","embeddable":true,"href":"https:\/\/info.sadowne.pl\/index.php?rest_route=%2Fwp%2Fv2%2Fcategories&post=30371"},{"taxonomy":"post_tag","embeddable":true,"href":"https:\/\/info.sadowne.pl\/index.php?rest_route=%2Fwp%2Fv2%2Ftags&post=30371"}],"curies":[{"name":"wp","href":"https:\/\/api.w.org\/{rel}","templated":true}]}}