{"id":30374,"date":"2025-08-16T03:35:12","date_gmt":"2025-08-16T01:35:12","guid":{"rendered":"http:\/\/info.sadowne.pl\/?p=30374"},"modified":"2025-08-18T15:26:14","modified_gmt":"2025-08-18T13:26:14","slug":"dozynki-2025-w-sadownem","status":"publish","type":"post","link":"https:\/\/info.sadowne.pl\/?p=30374","title":{"rendered":"Do\u017cynki 2025 w Sadownem"},"content":{"rendered":"<p><a href=\"http:\/\/info.sadowne.pl\/wp-content\/uploads\/2025\/08\/2025.08.15.1.jpg\" target=\"_blank\" rel=\"noopener\"><img loading=\"lazy\" decoding=\"async\" class=\"alignleft wp-image-30375 size-thumbnail\" src=\"http:\/\/info.sadowne.pl\/wp-content\/uploads\/2025\/08\/2025.08.15.1-180x130.jpg\" alt=\"\" width=\"180\" height=\"130\" \/><\/a><\/p>\n<p><strong>15 sierpnia 2025 roku w Sadownem pod has\u0142em \u201eRolnik \u2013 pielgrzymem wiary, nadziei i chleba\u201d odby\u0142y si\u0119 Gminno\u2013Parafialno\u2013Powiatowe Do\u017cynki.<\/strong><!--more--><\/p>\n<p><strong>15 sierpnia br. w \u015awi\u0119to Matki Boskiej Zielnej obchodzimy r\u00f3wnie\u017c 105. rocznic\u0119 \u201eCudu nad Wis\u0142\u0105\u201d i \u015awi\u0119to Wojska Polskiego.<\/strong> Z uwagi na to postanowiono tego dnia uczci\u0107 pami\u0119\u0107 \u017co\u0142nierzy Wojska Polskiego poleg\u0142ych w obronie Ojczyzny. Przed uroczysto\u015bciami do\u017cynkowymi na grobie poleg\u0142ego na naszym terenie w 1920 roku nieznanego \u017co\u0142nierza Wojska Polskiego przedstawiciele Organizator\u00f3w z\u0142o\u017cyli wi\u0105zanki kwiat\u00f3w i zapalili symboliczne znicze. Wart\u0119 przy grobie wystawi\u0142a 123 Dru\u017cyna Harcerska \u201eW\u0142\u00f3czykije\u201d z Sadownego.<\/p>\n<p><strong>W samo po\u0142udnie w ko\u015bciele parafialnym w Sadownem, pod przewodnictwem biskupa drohiczy\u0144skiego ks. Piotra Sawczuka, odby\u0142a si\u0119 uroczysta msza \u015bw. w intencji rolnik\u00f3w, sadownik\u00f3w, ogrodnik\u00f3w, pszczelarzy oraz wszystkich parafian. <\/strong>Po mszy korow\u00f3d z wie\u0144cami do\u017cynkowymi przemaszerowa\u0142 na przyko\u015bcielny plac targowy, gdzie dalsz\u0105 cz\u0119\u015b\u0107 uroczysto\u015bci poprowadzi\u0142 konferansjer p. Aleksander Sadomski z warszawskiej Firmy AS Active. Poinformowa\u0142, i\u017c Gospodarzem tegorocznych Do\u017cynek Gminno-Parafialnych by\u0142o so\u0142ectwo Ra\u017cny, a Starostami Pa\u0144stwo Aleksandra i Mateusz Zas\u0142onowie.<\/p>\n<p><strong>Gospodarze uroczysto\u015bci:<\/strong> Starosta W\u0119growski p. Ewa Besztak i W\u00f3jt Gminy Sadowne p. Waldemar Cyran powitali uczestnik\u00f3w Do\u017cynek, a do\u017cynkowe obrz\u0119dy i ceremonia\u0142 wykona\u0142, jak co roku, Zesp\u00f3\u0142 \u015apiewaczy \u201eSadowianki\u201d.<\/p>\n<p>Starostowie Do\u017cynek wr\u0119czyli Gospodarzom bochen chleba upieczony z m\u0105ki pochodz\u0105cej z ostatnich zbior\u00f3w i kosz kwiat\u00f3w, a zwie\u0144czeniem obrz\u0119du by\u0142o dzielenie si\u0119 chlebem.<\/p>\n<p><strong>W dalszej cz\u0119\u015bci uroczysto\u015bci nast\u0105pi\u0142o wr\u0119czenie odznacze\u0144 \u201eZas\u0142u\u017cony dla rolnictwa\u201d.<\/strong> Otrzymali je pp.: \u0141ukasz Biernat z Wilczog\u0105b, gm. Sadowne, \u00a0Krzysztof Nozderka z Sadownego, Mariusz Jaczewski z \u017belazowa, gm. Korytnica, Robert Ksi\u0119\u017copolski z \u017belazowa, gm. Korytnica, Miros\u0142aw \u015awi\u0119tochowski ze Starego \u015awi\u0119tochowa, gm. Korytnica, Pawe\u0142 Roguski z Po\u0142azia \u015awi\u0119tochowskiego, gm. Korytnica, Dariusz Cholewa, Marek Pogorzelski z \u017bele\u017anik, gm. Miedzna, Marcin Knap z Liwa, Mateusz Gral z K\u00f3zek, gm. Gr\u0119bk\u00f3w i Grzegorz Biernat z W\u0119growa.<\/p>\n<p><strong>Po zabraniu g\u0142osu<\/strong> przez p. Mari\u0119 Koc \u2013 Pos\u0142a na Sejm RP, p. Alicj\u0119 Cicho\u0144 \u2013 Kierownika Delegatury w Siedlcach Mazowieckiego Urz\u0119du Wojew\u00f3dzkiego i p. Waldemara Cyrana \u2013 W\u00f3jta Gminy Sadowne, rozstrzygni\u0119to konkurs na najpi\u0119kniejszy wieniec do\u017cynkowy gminy Sadowne i parafii Sadowne. Oceny dokona\u0142a Komisja w sk\u0142adzie: ks. Piotr P\u0119dzich \u2013 wikariusz parafii Sadowne, p. Agnieszka Nowak \u2013 dyrektor Gminnej Biblioteki Publicznej w Stoczku, p. Danuta Rasi\u0144ska \u2013 artystka, malarka, specjalizuj\u0105ca si\u0119 w malarstwie na porcelanie i p. Ewa Pi\u00f3rkowska \u2013 dyrektor Gminnego O\u015brodka Kultury w Sadownem. A oto wyniki:<\/p>\n<p><strong>W kategorii wie\u0144c\u00f3w tradycyjnych<\/strong><\/p>\n<p>I miejsce \u2013 Sadole\u015b<\/p>\n<p>II miejsce \u2013 Sojk\u00f3wek<\/p>\n<p>III miejsce \u2013 P\u0142atkownica<\/p>\n<p>Wyr\u00f3\u017cnienia: KGW Morzyczyn W\u0142\u00f3ki i Krupi\u0144skie<\/p>\n<p>Niezale\u017cn\u0105 od kategorii nagrod\u0119 proboszcza parafii Sadowne ks. Antoniego Kunickiego otrzyma\u0142 wieniec So\u0142ectwa Bojewo.<\/p>\n<p><strong>W kategorii wie\u0144c\u00f3w nowoczesnych<\/strong><\/p>\n<p>I miejsce \u2013 Ra\u017cny<\/p>\n<p>II miejsce \u2013 Szynkarzyzna<\/p>\n<p>III miejsce \u2013 Wilczog\u0119by i KGW Sadowne<\/p>\n<p>Wyr\u00f3\u017cnienie: Mrozowa Wola<\/p>\n<p><strong>Wybrano tak\u017ce naj\u0142adniejsze wie\u0144ce do\u017cynkowe powiatu w\u0119growskiego.<\/strong> W konkursie Komisja w sk\u0142adzie pp.: Marek Renik \u2013 Wicestarosta W\u0119growski, Agnieszka Marciniak \u2013 Zast\u0119pca Naczelnika Wydzia\u0142u \u015arodowiska, Rolnictwa i Le\u015bnictwa Starostwa Powiatowego w W\u0119growie oraz ks. Piotr P\u0119dzich \u2013 wikariusz parafii Sadowne, oceni\u0142a 8 wie\u0144c\u00f3w (po jednym z ka\u017cdej gminy powiatu). Sponsorami nagr\u00f3d w konkursie byli: Firma MP System oraz Firma Wikrusz. Oto wyniki:<\/p>\n<p>I miejsce \u2013 Miedzna (So\u0142ectwo \u017bele\u017aniki)<\/p>\n<p>II miejsce \u2013 Sadowne (So\u0142ectwo Sadole\u015b)<\/p>\n<p>III miejsce \u2013 Liw (parafia Ruchna i Ruchenka)<\/p>\n<p>Wyr\u00f3\u017cnienia: Korytnica (KGW \u201eJaczewianki\u201d z Jaczewa), \u0141och\u00f3w (So\u0142ectwo Twarogi), Stoczek, Wierzbno i Gr\u0119bk\u00f3w. Specjalne podzi\u0119kowanie przyznano przedstawicielom Zespo\u0142u \u201eW\u0119growianie\u201d, reprezentuj\u0105cego miasto W\u0119gr\u00f3w.<\/p>\n<p><strong>Nast\u0119pnie wr\u0119czono nagrody wcze\u015bniej rozstrzygni\u0119tego konkursu \u201eNajpi\u0119kniejszy ogr\u00f3d gminy Sadowne 2025\u201d.<\/strong> Przypominamy wyniki:<\/p>\n<p>I miejsce: Ma\u0142gorzata i Krzysztof Danaj z Ziele\u0144ca<\/p>\n<p>II miejsce: Andrzej Decyk z Morzyczyna W\u0142o\u015bcia\u0144skiego<\/p>\n<p>III miejsce: Agata Ch\u0105dzy\u0144ska z Sadownego<\/p>\n<p>Wyr\u00f3\u017cnienie \u201eOgr\u00f3d w zgodzie z natur\u0105\u201d &#8211; Ma\u0142gorzata i Krzysztof Danaj z Ziele\u0144ca<\/p>\n<p>Laureaci konkurs\u00f3w odebrali puchary, dyplomy i nagrody pieni\u0119\u017cne z r\u0105k przedstawicieli Organizator\u00f3w i sponsor\u00f3w. Nagrody rzeczowe w konkursie \u201eNajpi\u0119kniejszy ogr\u00f3d gminy Sadowne 2025\u201d ufundowali: PSB Mr\u00f3wka Sadowne (miejsca I\u2013III) oraz Sklep Ogrodniczy AGAWA II (wyr\u00f3\u017cnienie).<\/p>\n<p><strong>Po rozstrzygni\u0119ciu tych konkurs\u00f3w odby\u0142 si\u0119 pierwszy z wyst\u0119p\u00f3w artystycznych.<\/strong> Scen\u0105 zaw\u0142adn\u0105\u0142 Zesp\u00f3\u0142 Taneczny ORKAN z Zespo\u0142u Szk\u00f3\u0142 Ponadpodstawowych w Sadownem. I, prosz\u0119 uwierzy\u0107, by\u0142o co ogl\u0105da\u0107\u2026<\/p>\n<p><strong>Kolejny konkurs i kolejne nagrody.<\/strong> Tym razem wyniki konkursu z zakresu bezpiecze\u0144stwa pracy w rolnictwie og\u0142osi\u0142 p. Jaros\u0142aw Gago \u2013 Kierownik Plac\u00f3wki Terenowej KRUS w W\u0119growie. W konkursie wiedzy pod has\u0142em \u201ePracuj bezpiecznie\u201d wzi\u0119\u0142o udzia\u0142 12-tu rolnik\u00f3w, a sze\u015bciu z nich zdoby\u0142o najwy\u017csz\u0105 liczb\u0119 punkt\u00f3w. Losowanie rozstrzygn\u0119\u0142o klasyfikacj\u0119. Wyniki:<\/p>\n<p>&#8211; I miejsce \u2013 Magdalena Zawadzka<\/p>\n<p>&#8211; II miejsce \u2013 Wioletta Kruszewska<\/p>\n<p>&#8211; III miejsce \u2013 Natalia K\u0105dziela.<\/p>\n<p>Zwyci\u0119zcy otrzymali nagrody w postaci narz\u0119dzi poprawiaj\u0105cych bezpiecze\u0144stwo pracy w rolnictwie.<\/p>\n<p><strong>I ostatni ju\u017c konkurs<\/strong> \u2013 na koniec og\u0142oszono wyniki regionalnego, I-szego etapu konkursu kulinarnego dla K\u00f3\u0142 Gospody\u0144 Wiejskich pn<strong>. \u201eBitwa Regon\u00f3w 2025\u201d<\/strong>, w kt\u00f3rym z terenu powiatu w\u0119growskiego, wyszkowskiego i wo\u0142omi\u0144skiego wzi\u0119\u0142o udzia\u0142 9 KGW. Oceny dokona\u0142a Komisja w sk\u0142adzie: Przewodnicz\u0105ca \u2013 p. Anna Szpura, Zast\u0119pca Przewodnicz\u0105cego \u2013 p. Micha\u0142 Warmus i Cz\u0142onek \u2013 p. Micha\u0142 Zdzieszy\u0144ski. Wyniki:<\/p>\n<p>I miejsce \u2013 Ko\u0142o Gospody\u0144 i Gospodarzy Wiejskich w Majdanie za potraw\u0119: zrazy wo\u0142owe po majda\u0144sku<\/p>\n<p>II miejsce \u2013 KGW \u201eGalicjanki\u201d z Gruszczyna za potraw\u0119: zielona pokusa z \u0142\u0105k i las\u00f3w<\/p>\n<p>III miejsce \u2013 KGW \u201eTulewianki\u201d z Tulewa za potraw\u0119: poliki wo\u0142owe na pierzynce z puree ziemniaczanym z chrzanem i blanszowan\u0105 marchewk\u0105<\/p>\n<p><strong>Troch\u0119 o tym konkursie<\/strong> &#8211; zgodnie z informacj\u0105 na stronie https:\/\/bitwaregionow.pl\/, Bitwa Region\u00f3w\u201d to konkurs kulinarny, kt\u00f3ry promuje bogactwo lokalnych smak\u00f3w oraz dziedzictwo kulinarne Polski. W wydarzeniu mog\u0105 wzi\u0105\u0107 udzia\u0142 Ko\u0142a Gospody\u0144 Wiejskich i stowarzyszenia, kt\u00f3rych misj\u0105 jest piel\u0119gnowanie tradycji kulinarnych, wspieranie rozwoju lokalnych wsp\u00f3lnot oraz upowszechnianie kultury ludowej. Uczestnicy konkursu przygotowuj\u0105 potrawy wed\u0142ug autorskich receptur, z wykorzystaniem produkt\u00f3w regionalnych i krajowych surowc\u00f3w.<\/p>\n<p>Celem konkursu jest popularyzacja tradycyjnych da\u0144 regionalnych oraz podkre\u015blenie r\u00f3\u017cnorodno\u015bci polskiej kuchni. Konkurs jest r\u00f3wnie\u017c form\u0105 popularyzacji dzia\u0142alno\u015bci K\u00f3\u0142 Gospody\u0144 Wiejskich i stowarzysze\u0144, kt\u00f3re od lat odgrywaj\u0105 kluczow\u0105 rol\u0119 w kultywowaniu dziedzictwa kulinarnego i rozwijaniu lokalnych inicjatyw.<\/p>\n<p>Rywalizacja odbywa si\u0119 w trzech etapach:<\/p>\n<p>Etap I \u2013 Na podstawie ocen formularzy zg\u0142oszeniowych komisja kwalifikacyjna tworzy ranking prac konkursowych. Najwy\u017cej ocenieni uczestnicy bior\u0105 udzia\u0142 w wydarzeniach regionalnych, w kt\u00f3rych uczestniczy maksymalnie 20 dru\u017cyn. Zwyci\u0119zcy etapu regionalnego awansuj\u0105 do p\u00f3\u0142fina\u0142u.<\/p>\n<p>Etap II \u2013 W p\u00f3\u0142fina\u0142ach wojew\u00f3dzkich s\u0105 wy\u0142aniane zespo\u0142y (po jednym z ka\u017cdego wojew\u00f3dztwa), kt\u00f3re kwalifikuj\u0105 si\u0119 do fina\u0142u og\u00f3lnopolskiego. W tym roku etap II dla wojew\u00f3dztwa mazowieckiego odb\u0119dzie si\u0119 31 sierpnia w Po\u015bwi\u0119tnem.<\/p>\n<p>Etap III \u2013 Wielki fina\u0142, w kt\u00f3rym rywalizuje 16 najlepszych dru\u017cyn z ca\u0142ej Polski \u2013 w tym roku 6 wrze\u015bnia na Stadionie PGE Narodowy w Warszawie.<\/p>\n<p><strong>Po rozdaniu nagr\u00f3d obecnych na uroczysto\u015bci zaproszono do okalaj\u0105cych plac stoisk gastronomicznych i promuj\u0105cych dzia\u0142alno\u015b\u0107 gminy Sadowne oraz Powiatu W\u0119growskiego<\/strong>, a na scenie wszyscy mogli obejrze\u0107 programy artystyczne: Zespo\u0142u \u015apiewaczego SADOWIANKI, Zespo\u0142u Ludowego MA\u0141KINIANKA, Zespo\u0142u \u015apiewaczego GWIZDALANKI, monta\u017c s\u0142owno-muzyczny Zespo\u0142u DZIECI KWIATY i przedstawienie Teatru RODZIC NIE-DOSKONA\u0141Y.<\/p>\n<p><strong>Jak zabawa, to zabawa<\/strong> \u2013 bez w\u0105tpienia, efektownym zako\u0144czeniem dnia do\u017cynkowego by\u0142y koncerty muzycznych gwiazd, kt\u00f3re s\u0105 powszechnie znane i lubiane. Wszyscy mogli bawi\u0107 si\u0119 przy utworach wykonywanych przez zespo\u0142y: WE\u0179 NIE PYTAJ, PLAYBOYS i SADO. Ju\u017c na sam koniec \u2013 dyskoteka pod gwiazdami z DJ SADO.<\/p>\n<p><strong>Podsumujmy: <\/strong><\/p>\n<p><strong>&#8211; Organizatorami tegorocznych uroczysto\u015bci do\u017cynkowych byli:<\/strong> Gmina Sadowne, Parafia pw. \u015bw. Jana Chrzciciela w Sadownem, Powiat W\u0119growski, Gminny O\u015brodek Kultury w Sadownem, Ko\u0142a Gospody\u0144 Wiejskich i So\u0142ectwa z terenu gminy Sadowne oraz Jednostki Ochotniczej Stra\u017cy Po\u017carnej z ternu gminy Sadowne. Wsp\u00f3\u0142organizatorem Do\u017cynek by\u0142 Samorz\u0105d Wojew\u00f3dztwa Mazowieckiego.<\/p>\n<p><strong>&#8211; Sponsorami oraz partnerami Do\u017cynek byli:<\/strong> Firma MPSystem, Firma Wikrusz, Turvita, Nadle\u015bnictwo Siedlce, Nadle\u015bnictwo \u0141och\u00f3w, Okr\u0119gowa Sp\u00f3\u0142dzielnia Mleczarska Kos\u00f3w Lacki, Firma Domtel, Lokalna Grupa Dzia\u0142ania B\u0105d\u017amy Razem, Firma Topaz, Hochland W\u0119gr\u00f3w, Samodzielny Publiczny Zak\u0142ad Opieki Zdrowotnej w W\u0119growie, Mr\u00f3wka Sadowne, AGAWA II sklep rolno-ogrodniczy, Drewax s.c. Rogala Pawe\u0142 Rogala Janusz, Elektropol Dariusz Zas\u0142onka, Triol Ostr\u00f3wek W\u0119growski, klep Dobosz \u2013 cz\u0119\u015bci do maszyn rolniczych Ostr\u00f3w Maz., Sklep Groszek Sadowne, Kwiaciarnia Barbara Filipiak, Agencja Ubezpieczeniowa PZU Piotr Olkowski, Sklep Topaz Sadowne, Cukiernia Marica, KazMaster Rent Kazimierz Bazylak Sadowne, Sklep Ogrodniczy AGAWA II Sadowne \u0141ukasz Filipiak, Kompleksowa Rejestracja Pojazd\u00f3w \u017baneta Szczekutek, Krajowy O\u015brodek Wsparcia Rolnictwa, Kasa Rolniczego Ubezpieczenia Spo\u0142ecznego, Mazowiecki O\u015brodek Doradztwa Rolniczego, Agencja Restrukturyzacji i Modernizacji Rolnictwa, Komenda Powiatowa Policji w W\u0119growie, Powiatowy Bank Sp\u00f3\u0142dzielczy W\u0119gr\u00f3w, Bractwo Kurkowe.<\/p>\n<p><strong>&#8211; Patronat medialny:<\/strong> Tygodnik Siedlecki, Kurier W, G\u0142os W\u0119growa i Okolic, Info Sadowne i Telewizja Powiatowa.<\/p>\n<p><strong>&#8211; Organizacje, kt\u00f3re przygotowa\u0142y namioty pocz\u0119stunkowe:<\/strong> KGW Ra\u017cny, KGW Sok\u00f3\u0142ka, KGW Oci\u0119te, KGW P\u0142atkownica, KGW Sojk\u00f3wek, So\u0142ectwo Ko\u0142odzi\u0105\u017c i Ko\u0142odzi\u0105\u017c Rybie, Kuchnia z Przedszkola i Szko\u0142y Podstawowej w Sadownem, Gminny O\u015brodek Kultury w Sadownem i Gminna Biblioteka Publiczna w Sadownem.<\/p>\n<p><strong>&#8211; Podzi\u0119kowanie za prace porz\u0105dkowe, wsparcie techniczne, logistyczne oraz zabezpieczenie imprezy dla Jednostek Ochotniczej Stra\u017cy Po\u017carnej z terenu gminy Sadowne oraz Zak\u0142adu Gospodarki Komunalnej w Sadownem.<\/strong><\/p>\n<p><span style=\"color: #0000ff;\"><a style=\"color: #0000ff;\" href=\"https:\/\/photos.app.goo.gl\/Pg9GBvCBdWe5eVAe8\" target=\"_blank\" rel=\"noopener\"><strong>Zdj\u0119cia w galerii Google \u2013 cz\u0119\u015b\u0107 I&gt;&gt;&gt;<\/strong><\/a><\/span><\/p>\n<p><span style=\"color: #0000ff;\"><a style=\"color: #0000ff;\" href=\"https:\/\/photos.app.goo.gl\/1qwqK4mAQGq2rZBj6\" target=\"_blank\" rel=\"noopener\"><strong>Zdj\u0119cia w galerii Google \u2013 cz\u0119\u015b\u0107 II&gt;&gt;&gt;<\/strong><\/a><\/span><\/p>\n<p><span style=\"color: #0000ff;\"><strong><a style=\"color: #0000ff;\" href=\"https:\/\/www.facebook.com\/infosadowne\" target=\"_blank\" rel=\"noopener\">Filmy na stronie https:\/\/www.facebook.com\/infosadowne&gt;&gt;&gt;<\/a><\/strong><\/span><\/p>\n<p><strong>Tekst\/Foto:<\/strong> S\u0142awek Chyli\u0144ski<\/p>\n","protected":false},"excerpt":{"rendered":"<p>15 sierpnia 2025 roku w Sadownem pod has\u0142em \u201eRolnik \u2013 pielgrzymem wiary, nadziei i chleba\u201d odby\u0142y si\u0119 Gminno\u2013Parafialno\u2013Powiatowe Do\u017cynki.<\/p>\n","protected":false},"author":1,"featured_media":0,"comment_status":"closed","ping_status":"closed","sticky":false,"template":"","format":"standard","meta":{"footnotes":""},"categories":[5,2149,91,6],"tags":[4281,1827,169,198],"class_list":["post-30374","post","type-post","status-publish","format-standard","hentry","category-newsy","category-gminna-biblioteka-publiczna","category-gminny-osrodek-kultury","category-kultura-rozrywka-edukacja","tag-dozynki-gminno-_-parafialno-powiatowe-w-sadownem","tag-gmina-sadowne","tag-gminny-osrodek-kultury-w-sadownem","tag-starostwo-powiatowe-w-wegrowie"],"views":3343,"_links":{"self":[{"href":"https:\/\/info.sadowne.pl\/index.php?rest_route=\/wp\/v2\/posts\/30374","targetHints":{"allow":["GET"]}}],"collection":[{"href":"https:\/\/info.sadowne.pl\/index.php?rest_route=\/wp\/v2\/posts"}],"about":[{"href":"https:\/\/info.sadowne.pl\/index.php?rest_route=\/wp\/v2\/types\/post"}],"author":[{"embeddable":true,"href":"https:\/\/info.sadowne.pl\/index.php?rest_route=\/wp\/v2\/users\/1"}],"replies":[{"embeddable":true,"href":"https:\/\/info.sadowne.pl\/index.php?rest_route=%2Fwp%2Fv2%2Fcomments&post=30374"}],"version-history":[{"count":6,"href":"https:\/\/info.sadowne.pl\/index.php?rest_route=\/wp\/v2\/posts\/30374\/revisions"}],"predecessor-version":[{"id":30383,"href":"https:\/\/info.sadowne.pl\/index.php?rest_route=\/wp\/v2\/posts\/30374\/revisions\/30383"}],"wp:attachment":[{"href":"https:\/\/info.sadowne.pl\/index.php?rest_route=%2Fwp%2Fv2%2Fmedia&parent=30374"}],"wp:term":[{"taxonomy":"category","embeddable":true,"href":"https:\/\/info.sadowne.pl\/index.php?rest_route=%2Fwp%2Fv2%2Fcategories&post=30374"},{"taxonomy":"post_tag","embeddable":true,"href":"https:\/\/info.sadowne.pl\/index.php?rest_route=%2Fwp%2Fv2%2Ftags&post=30374"}],"curies":[{"name":"wp","href":"https:\/\/api.w.org\/{rel}","templated":true}]}}