{"id":30390,"date":"2025-08-22T13:08:48","date_gmt":"2025-08-22T11:08:48","guid":{"rendered":"http:\/\/info.sadowne.pl\/?p=30390"},"modified":"2025-08-22T13:08:48","modified_gmt":"2025-08-22T11:08:48","slug":"wiersz-zakola","status":"publish","type":"post","link":"https:\/\/info.sadowne.pl\/?p=30390","title":{"rendered":"Wiersz \u201eZakola\u201d"},"content":{"rendered":"<p><strong><a href=\"http:\/\/info.sadowne.pl\/wp-content\/uploads\/2025\/08\/2025.08.22.1.jpg\" target=\"_blank\" rel=\"noopener\"><img loading=\"lazy\" decoding=\"async\" class=\"alignleft wp-image-30391 size-thumbnail\" src=\"http:\/\/info.sadowne.pl\/wp-content\/uploads\/2025\/08\/2025.08.22.1-180x130.jpg\" alt=\"\" width=\"180\" height=\"130\" \/><\/a>Kazimierz Kocha\u0144ski po raz sz\u00f3sty.<\/strong><!--more--><\/p>\n<p>&nbsp;<\/p>\n<p>&nbsp;<\/p>\n<p>&nbsp;<\/p>\n<p>&nbsp;<\/p>\n<p>&nbsp;<\/p>\n<p>&nbsp;<\/p>\n<p style=\"text-align: center;\"><strong><br \/>\nZakola<\/strong><\/p>\n<p>&nbsp;<\/p>\n<p style=\"text-align: center;\">Byli\u015bmy od siebie<\/p>\n<p style=\"text-align: center;\">na odleg\u0142o\u015b\u0107 s\u0142owa<\/p>\n<p>&nbsp;<\/p>\n<p style=\"text-align: center;\">nie wznie\u015bli\u015bmy si\u0119<\/p>\n<p style=\"text-align: center;\">ponad groszow\u0105 ja\u0142mu\u017cn\u0119<\/p>\n<p>&nbsp;<\/p>\n<p style=\"text-align: center;\">ponad gest<\/p>\n<p style=\"text-align: center;\">ponad pr\u00f3\u017cno\u015b\u0107<\/p>\n<p>&nbsp;<\/p>\n<p style=\"text-align: center;\">ponad<\/p>\n<p style=\"text-align: center;\">\u2026 w\u0142a\u015bnie ponad.<\/p>\n<p>&nbsp;<\/p>\n<p style=\"text-align: center;\">Cierpieli\u015bmy &#8211; oddzielnie<\/p>\n<p style=\"text-align: center;\">Wsp\u00f3\u0142czuli\u015bmy \u2013 sobie<\/p>\n<p>&nbsp;<\/p>\n<p style=\"text-align: center;\">o krok od niedom\u00f3wie\u0144<\/p>\n<p style=\"text-align: center;\">pogardy\u2026 niezgody<\/p>\n<p>&nbsp;<\/p>\n<p style=\"text-align: center;\">Zapiszemy dla dziej\u00f3w<\/p>\n<p style=\"text-align: center;\">ch\u0119ci i powody<\/p>\n<p>&nbsp;<\/p>\n<p style=\"text-align: center;\">Ca\u0142e nasze dziedzictwo<\/p>\n<p style=\"text-align: center;\">w nieby\u0142ej rozmowie.<\/p>\n<p style=\"text-align: center;\">\n<p><strong>Foto:<\/strong> Wies\u0142aw Maliszewski<\/p>\n","protected":false},"excerpt":{"rendered":"<p>Kazimierz Kocha\u0144ski po raz sz\u00f3sty.<\/p>\n","protected":false},"author":1,"featured_media":0,"comment_status":"closed","ping_status":"closed","sticky":false,"template":"","format":"standard","meta":{"footnotes":""},"categories":[5,48,6,108],"tags":[144,2730,4288,51],"class_list":["post-30390","post","type-post","status-publish","format-standard","hentry","category-newsy","category-kacik-literacki","category-kultura-rozrywka-edukacja","category-okienko-poetyckie","tag-kazimierz-kochanski","tag-poezja","tag-wiersz-zakola","tag-wieslaw-maliszewski"],"views":1205,"_links":{"self":[{"href":"https:\/\/info.sadowne.pl\/index.php?rest_route=\/wp\/v2\/posts\/30390","targetHints":{"allow":["GET"]}}],"collection":[{"href":"https:\/\/info.sadowne.pl\/index.php?rest_route=\/wp\/v2\/posts"}],"about":[{"href":"https:\/\/info.sadowne.pl\/index.php?rest_route=\/wp\/v2\/types\/post"}],"author":[{"embeddable":true,"href":"https:\/\/info.sadowne.pl\/index.php?rest_route=\/wp\/v2\/users\/1"}],"replies":[{"embeddable":true,"href":"https:\/\/info.sadowne.pl\/index.php?rest_route=%2Fwp%2Fv2%2Fcomments&post=30390"}],"version-history":[{"count":6,"href":"https:\/\/info.sadowne.pl\/index.php?rest_route=\/wp\/v2\/posts\/30390\/revisions"}],"predecessor-version":[{"id":30397,"href":"https:\/\/info.sadowne.pl\/index.php?rest_route=\/wp\/v2\/posts\/30390\/revisions\/30397"}],"wp:attachment":[{"href":"https:\/\/info.sadowne.pl\/index.php?rest_route=%2Fwp%2Fv2%2Fmedia&parent=30390"}],"wp:term":[{"taxonomy":"category","embeddable":true,"href":"https:\/\/info.sadowne.pl\/index.php?rest_route=%2Fwp%2Fv2%2Fcategories&post=30390"},{"taxonomy":"post_tag","embeddable":true,"href":"https:\/\/info.sadowne.pl\/index.php?rest_route=%2Fwp%2Fv2%2Ftags&post=30390"}],"curies":[{"name":"wp","href":"https:\/\/api.w.org\/{rel}","templated":true}]}}