{"id":30400,"date":"2025-08-24T15:15:43","date_gmt":"2025-08-24T13:15:43","guid":{"rendered":"http:\/\/info.sadowne.pl\/?p=30400"},"modified":"2025-08-24T15:15:43","modified_gmt":"2025-08-24T13:15:43","slug":"z-historii-sadowianki-boze-cialo","status":"publish","type":"post","link":"https:\/\/info.sadowne.pl\/?p=30400","title":{"rendered":"Z historii &#8211; Sadowianki &#8211; Bo\u017ce Cia\u0142o"},"content":{"rendered":"<p><strong><a href=\"http:\/\/info.sadowne.pl\/wp-content\/uploads\/2025\/08\/sad1247.jpg\"><img loading=\"lazy\" decoding=\"async\" class=\"alignleft size-thumbnail wp-image-30405\" src=\"http:\/\/info.sadowne.pl\/wp-content\/uploads\/2025\/08\/sad1247-180x130.jpg\" alt=\"\" width=\"180\" height=\"130\" \/><\/a>SADOWNE &#8211; <\/strong><strong>8 czerwca 2023 roku &#8211; <\/strong><strong>BO<\/strong><strong>\u017b<\/strong><strong>E CIA<\/strong><strong>\u0141<\/strong><strong>O <\/strong><strong>czyli <\/strong><strong>Uroczysto<\/strong><strong>\u015b\u0107 <\/strong><strong>Naj<\/strong><strong>\u015b<\/strong><strong>wi<\/strong><strong>\u0119<\/strong><strong>tszego Cia<\/strong><strong>\u0142<\/strong><strong>a i Krwi <\/strong><strong>Chrystusa.<\/strong><!--more--><\/p>\n<p><strong> <a href=\"http:\/\/info.sadowne.pl\/wp-content\/uploads\/2025\/08\/sad1243.jpg\"><img loading=\"lazy\" decoding=\"async\" class=\"aligncenter size-full wp-image-30401\" src=\"http:\/\/info.sadowne.pl\/wp-content\/uploads\/2025\/08\/sad1243.jpg\" alt=\"\" width=\"608\" height=\"366\" srcset=\"https:\/\/info.sadowne.pl\/wp-content\/uploads\/2025\/08\/sad1243.jpg 608w, https:\/\/info.sadowne.pl\/wp-content\/uploads\/2025\/08\/sad1243-300x181.jpg 300w\" sizes=\"auto, (max-width: 608px) 100vw, 608px\" \/><\/a><\/strong><\/p>\n<p style=\"text-align: center;\">Pierwszy o\u0142tarz ubrany przez pracownik\u00f3w Urz\u0119du Gminy w Sadownem<\/p>\n<p><strong> <a href=\"http:\/\/info.sadowne.pl\/wp-content\/uploads\/2025\/08\/sad1244.jpg\"><img loading=\"lazy\" decoding=\"async\" class=\"aligncenter size-full wp-image-30402\" src=\"http:\/\/info.sadowne.pl\/wp-content\/uploads\/2025\/08\/sad1244.jpg\" alt=\"\" width=\"608\" height=\"436\" srcset=\"https:\/\/info.sadowne.pl\/wp-content\/uploads\/2025\/08\/sad1244.jpg 608w, https:\/\/info.sadowne.pl\/wp-content\/uploads\/2025\/08\/sad1244-300x215.jpg 300w, https:\/\/info.sadowne.pl\/wp-content\/uploads\/2025\/08\/sad1244-180x130.jpg 180w\" sizes=\"auto, (max-width: 608px) 100vw, 608px\" \/><\/a><\/strong><\/p>\n<p style=\"text-align: center;\"><strong>\u00a0<\/strong>Drugi o\u0142tarz przygotowany przez pracownik\u00f3w Gminnego O\u015brodka Kultury<\/p>\n<p><strong> <a href=\"http:\/\/info.sadowne.pl\/wp-content\/uploads\/2025\/08\/sad1245.jpg\"><img loading=\"lazy\" decoding=\"async\" class=\"aligncenter size-full wp-image-30403\" src=\"http:\/\/info.sadowne.pl\/wp-content\/uploads\/2025\/08\/sad1245.jpg\" alt=\"\" width=\"435\" height=\"491\" srcset=\"https:\/\/info.sadowne.pl\/wp-content\/uploads\/2025\/08\/sad1245.jpg 435w, https:\/\/info.sadowne.pl\/wp-content\/uploads\/2025\/08\/sad1245-266x300.jpg 266w\" sizes=\"auto, (max-width: 435px) 100vw, 435px\" \/><\/a><\/strong><\/p>\n<p style=\"text-align: center;\">O\u0142tarz przy ulicy Armii Krajowej, przygotowany przez mieszka\u0144c\u00f3w tej ulicy<\/p>\n<p><strong><a href=\"http:\/\/info.sadowne.pl\/wp-content\/uploads\/2025\/08\/sad1246.jpg\"><img loading=\"lazy\" decoding=\"async\" class=\"aligncenter size-full wp-image-30404\" src=\"http:\/\/info.sadowne.pl\/wp-content\/uploads\/2025\/08\/sad1246.jpg\" alt=\"\" width=\"432\" height=\"593\" srcset=\"https:\/\/info.sadowne.pl\/wp-content\/uploads\/2025\/08\/sad1246.jpg 432w, https:\/\/info.sadowne.pl\/wp-content\/uploads\/2025\/08\/sad1246-219x300.jpg 219w\" sizes=\"auto, (max-width: 432px) 100vw, 432px\" \/><\/a>\u00a0<\/strong><\/p>\n<p style=\"text-align: center;\">Kolejny czwarty o\u0142tarz przygotowany przez mieszka\u0144c\u00f3w ulicy Stra\u017cackiej<\/p>\n<p><strong> <a href=\"http:\/\/info.sadowne.pl\/wp-content\/uploads\/2025\/08\/sad1247.jpg\"><img loading=\"lazy\" decoding=\"async\" class=\"aligncenter size-full wp-image-30405\" src=\"http:\/\/info.sadowne.pl\/wp-content\/uploads\/2025\/08\/sad1247.jpg\" alt=\"\" width=\"468\" height=\"496\" srcset=\"https:\/\/info.sadowne.pl\/wp-content\/uploads\/2025\/08\/sad1247.jpg 468w, https:\/\/info.sadowne.pl\/wp-content\/uploads\/2025\/08\/sad1247-283x300.jpg 283w\" sizes=\"auto, (max-width: 468px) 100vw, 468px\" \/><\/a><\/strong><\/p>\n<p style=\"text-align: center;\">Basia Decyk, Henia Kibart, Tereska W\u00f3jcik, Tereska Biernat i Piotr Olkowski<\/p>\n<p><strong> <a href=\"http:\/\/info.sadowne.pl\/wp-content\/uploads\/2025\/08\/sad1248.jpg\"><img loading=\"lazy\" decoding=\"async\" class=\"aligncenter size-full wp-image-30406\" src=\"http:\/\/info.sadowne.pl\/wp-content\/uploads\/2025\/08\/sad1248.jpg\" alt=\"\" width=\"604\" height=\"258\" srcset=\"https:\/\/info.sadowne.pl\/wp-content\/uploads\/2025\/08\/sad1248.jpg 604w, https:\/\/info.sadowne.pl\/wp-content\/uploads\/2025\/08\/sad1248-300x128.jpg 300w\" sizes=\"auto, (max-width: 604px) 100vw, 604px\" \/><\/a><\/strong><\/p>\n<p style=\"text-align: center;\">Powr\u00f3t procesji do ko\u015bcio\u0142a<\/p>\n<p><strong> <a href=\"http:\/\/info.sadowne.pl\/wp-content\/uploads\/2025\/08\/sad1249.jpg\"><img loading=\"lazy\" decoding=\"async\" class=\"aligncenter size-full wp-image-30407\" src=\"http:\/\/info.sadowne.pl\/wp-content\/uploads\/2025\/08\/sad1249.jpg\" alt=\"\" width=\"607\" height=\"419\" srcset=\"https:\/\/info.sadowne.pl\/wp-content\/uploads\/2025\/08\/sad1249.jpg 607w, https:\/\/info.sadowne.pl\/wp-content\/uploads\/2025\/08\/sad1249-300x207.jpg 300w\" sizes=\"auto, (max-width: 607px) 100vw, 607px\" \/><\/a><\/strong><\/p>\n<p style=\"text-align: center;\"><strong>\u00a0<\/strong>Wej\u015bcie do ko\u015bcio\u0142a, zako\u0144czenie uroczysto\u015bci, udzielenie b\u0142ogos\u0142awie\u0144stwa sakramentalnego<\/p>\n<p><strong> <a href=\"http:\/\/info.sadowne.pl\/wp-content\/uploads\/2025\/08\/sad1250.jpg\"><img loading=\"lazy\" decoding=\"async\" class=\"aligncenter size-full wp-image-30408\" src=\"http:\/\/info.sadowne.pl\/wp-content\/uploads\/2025\/08\/sad1250.jpg\" alt=\"\" width=\"605\" height=\"330\" srcset=\"https:\/\/info.sadowne.pl\/wp-content\/uploads\/2025\/08\/sad1250.jpg 605w, https:\/\/info.sadowne.pl\/wp-content\/uploads\/2025\/08\/sad1250-300x164.jpg 300w\" sizes=\"auto, (max-width: 605px) 100vw, 605px\" \/><\/a><\/strong><\/p>\n<p style=\"text-align: center;\">SADOWIANKI reprezentuj\u0105ce nasz zesp\u00f3\u0142<\/p>\n<p style=\"text-align: center;\">Basia Decyk, Henia Kibart,\u00a0 Tereska W\u00f3jcik, Tereska Biernat i Piotr Olkowski<\/p>\n<p><strong> <a href=\"http:\/\/info.sadowne.pl\/wp-content\/uploads\/2025\/08\/sad1251.jpg\"><img loading=\"lazy\" decoding=\"async\" class=\"aligncenter size-full wp-image-30409\" src=\"http:\/\/info.sadowne.pl\/wp-content\/uploads\/2025\/08\/sad1251.jpg\" alt=\"\" width=\"206\" height=\"192\" \/><\/a><\/strong><\/p>\n<p><strong>\u00a0<\/strong><\/p>\n<h3 style=\"text-align: center;\"><strong>\u00a0<\/strong><strong>KRUPI\u0143SKIE<\/strong><\/h3>\n<h3 style=\"text-align: center;\"><strong>17 czerwca 2023 roku<\/strong><\/h3>\n<p><strong> <a href=\"http:\/\/info.sadowne.pl\/wp-content\/uploads\/2025\/08\/sad1252.jpg\"><img loading=\"lazy\" decoding=\"async\" class=\"aligncenter size-full wp-image-30410\" src=\"http:\/\/info.sadowne.pl\/wp-content\/uploads\/2025\/08\/sad1252.jpg\" alt=\"\" width=\"468\" height=\"78\" srcset=\"https:\/\/info.sadowne.pl\/wp-content\/uploads\/2025\/08\/sad1252.jpg 468w, https:\/\/info.sadowne.pl\/wp-content\/uploads\/2025\/08\/sad1252-300x50.jpg 300w\" sizes=\"auto, (max-width: 468px) 100vw, 468px\" \/><\/a><\/strong><\/p>\n<p>W\u0142a\u015bnie 17 czerwca w ca\u0142ej wsi Krupi\u0144skie rozbrzmiewa\u0142y \u015bpiewy i salwy armatnie na wiwat dla Pa\u0144stwa M\u0142odych i ich weselnych go\u015bci.<\/p>\n<p>Inscenizacja wesela wiejskiego z lat 70-tych zgromadzi\u0142a znaczne grono os\u00f3b, kt\u00f3re bawi\u0142o si\u0119 \u015bwietnie podczas tradycyjnych obrz\u0119d\u00f3w weselnych i za\u015bmiewa\u0142o z przy\u015bpiewek oraz \u017cartobliwych scenek przygotowanych dla M\u0142odych i widz\u00f3w.<\/p>\n<p style=\"text-align: center;\"><span style=\"color: #ff0000;\"><strong>Bohaterami tego widowiska byli:<\/strong><\/span><\/p>\n<p style=\"text-align: center;\">Wodzirej \u2013 <strong>Ewa Pi\u00f3rkowska<\/strong><\/p>\n<p style=\"text-align: center;\">Pan M\u0142ody \u2013 <strong>Bartek Olajossy<\/strong><\/p>\n<p style=\"text-align: center;\">Ojciec Pana M\u0142odego \u2013\u00a0 <strong>kowal Edward Danaj<\/strong><\/p>\n<p style=\"text-align: center;\">Matka Pana M\u0142odego \u2013 <strong>Barbara Zawadzka <\/strong><\/p>\n<p style=\"text-align: center;\">Panna M\u0142oda \u2013 <strong>Natalia Ciesielska <\/strong><\/p>\n<p style=\"text-align: center;\">Matka Panny M\u0142odej \u2013 <strong>Ewa W\u00f3jcik<\/strong><\/p>\n<p style=\"text-align: center;\">Ojciec Panny M\u0142odej \u2013 <strong>Zbigniew S\u0119dek<\/strong><\/p>\n<p style=\"text-align: center;\">Naczelnik Wsi Krupi\u0144skie \u2013 <strong>Daniela Gawro\u0144ska<\/strong><\/p>\n<p style=\"text-align: center;\"><span style=\"color: #ff0000;\"><strong>Zespo\u0142y:<\/strong><\/span><\/p>\n<p style=\"text-align: center;\"><strong>Zesp\u00f3\u0142 \u015apiewaczy Sadowianki<\/strong><\/p>\n<p style=\"text-align: center;\"><strong>Zesp\u00f3\u0142 ,,Boso po rosie\u201d<\/strong><\/p>\n<p style=\"text-align: center;\"><strong>Zesp\u00f3\u0142 muzyczny ,,Akord\u201d<\/strong><\/p>\n<p style=\"text-align: center;\"><strong>Grupa ,,Pani K i przyjaci\u00f3\u0142ki\u201d<\/strong><strong>\u00a0<\/strong><\/p>\n<p style=\"text-align: center;\">Scenariusz opracowa\u0142a pani<strong> Barbara Laska<\/strong><\/p>\n<p style=\"text-align: left;\"><strong>\u00a0<\/strong>Wesele rozpocz\u0119\u0142o si\u0119 w ku\u017ani w Krupi\u0144skiem, czyli u ojca Pana M\u0142odego. Ku\u017ania pana Edwarda (ojca m\u0142odego) jest nadal czynna i s\u0142awi si\u0119 pi\u0119knymi r\u0119kodzie\u0142ami w wykonaniu jej w\u0142a\u015bciciela.<\/p>\n<p><a href=\"http:\/\/info.sadowne.pl\/wp-content\/uploads\/2025\/08\/sad1253.jpg\"><img loading=\"lazy\" decoding=\"async\" class=\"aligncenter size-full wp-image-30411\" src=\"http:\/\/info.sadowne.pl\/wp-content\/uploads\/2025\/08\/sad1253.jpg\" alt=\"\" width=\"527\" height=\"764\" srcset=\"https:\/\/info.sadowne.pl\/wp-content\/uploads\/2025\/08\/sad1253.jpg 527w, https:\/\/info.sadowne.pl\/wp-content\/uploads\/2025\/08\/sad1253-207x300.jpg 207w\" sizes=\"auto, (max-width: 527px) 100vw, 527px\" \/><\/a><\/p>\n<p style=\"text-align: center;\"><strong>\u00a0P. <\/strong><strong>Ewa Pi\u00f3rkowska- Wodzirej<\/strong><\/p>\n<p><strong>\u00a0<\/strong><\/p>\n<p>Wodzirej czyli <strong>p. Ewa Pi\u00f3rkowska<\/strong> powita\u0142a go\u015bci M\u0142odego star\u0105 wiejsk\u0105 gwar\u0105 i zaprosi\u0142a do ku\u017ani, czyli domu M\u0142odego. Tam ojciec- kowal <strong>p. Edward Danaj<\/strong> poucza\u0142 syna <strong>Bartka Olajossego<\/strong>, jak ma zachowywa\u0107 si\u0119 w swoim ma\u0142\u017ce\u0144stwie, co go czeka, jak ci\u0119\u017cko musi pracowa\u0107 na chleb, aby utrzyma\u0107 rodzin\u0119, no i oczywi\u015bcie pobiadoli\u0142 razem z matk\u0105 M\u0142odego <strong>p. Basi\u0105 Zawadzk\u0105<\/strong>, jak to im b\u0119dzie ci\u0119\u017cko rozstawa\u0107 si\u0119 z ukochanym synem. Nast\u0119pnie kaza\u0142 synowi przeczyta\u0107 tekst s\u0142ynnej <strong>,,KOWALICHY\u2019 <\/strong>i obowi\u0105zkowo stosowa\u0107 si\u0119 do zalecenia zawartego w ostatnich s\u0142owach tekstu.<\/p>\n<p><strong><a href=\"http:\/\/info.sadowne.pl\/wp-content\/uploads\/2025\/08\/sad1254.jpg\"><img loading=\"lazy\" decoding=\"async\" class=\"aligncenter size-full wp-image-30412\" src=\"http:\/\/info.sadowne.pl\/wp-content\/uploads\/2025\/08\/sad1254.jpg\" alt=\"\" width=\"600\" height=\"757\" srcset=\"https:\/\/info.sadowne.pl\/wp-content\/uploads\/2025\/08\/sad1254.jpg 600w, https:\/\/info.sadowne.pl\/wp-content\/uploads\/2025\/08\/sad1254-238x300.jpg 238w\" sizes=\"auto, (max-width: 600px) 100vw, 600px\" \/><\/a>\u00a0<\/strong><\/p>\n<h3 style=\"text-align: center;\"><strong>Ojciec jeszcze doda\u0142: <\/strong><\/h3>\n<h3 style=\"text-align: center;\"><strong>&#8211; ,,Nie zostawiaj z nikim swojej baby\u201d-<\/strong><\/h3>\n<p>Nast\u0119pnie rodzice dali b\u0142ogos\u0142awie\u0144stwo swojemu synowi i zaprosili wszystkich go\u015bci na pocz\u0119stunek i kr\u00f3tk\u0105 zabaw\u0119 przed wyj\u015bciem M\u0142odego do M\u0142odej. Okazjonalne przy\u015bpiewki weselne oraz zabaw\u0119 poprowadzi\u0142 <strong>Zesp\u00f3\u0142 \u015apiewaczy Sadowianki.<\/strong><\/p>\n<p><strong><a href=\"http:\/\/info.sadowne.pl\/wp-content\/uploads\/2025\/08\/sad1255.jpg\"><img loading=\"lazy\" decoding=\"async\" class=\"aligncenter size-full wp-image-30413\" src=\"http:\/\/info.sadowne.pl\/wp-content\/uploads\/2025\/08\/sad1255.jpg\" alt=\"\" width=\"602\" height=\"256\" srcset=\"https:\/\/info.sadowne.pl\/wp-content\/uploads\/2025\/08\/sad1255.jpg 602w, https:\/\/info.sadowne.pl\/wp-content\/uploads\/2025\/08\/sad1255-300x128.jpg 300w\" sizes=\"auto, (max-width: 602px) 100vw, 602px\" \/><\/a>\u00a0<\/strong><\/p>\n<p style=\"text-align: center;\">Przy\u015bpiewki weselne w wykonaniu ,,Sadowianek\u201d<\/p>\n<p><strong> <a href=\"http:\/\/info.sadowne.pl\/wp-content\/uploads\/2025\/08\/sad1256.jpg\"><img loading=\"lazy\" decoding=\"async\" class=\"aligncenter size-full wp-image-30414\" src=\"http:\/\/info.sadowne.pl\/wp-content\/uploads\/2025\/08\/sad1256.jpg\" alt=\"\" width=\"606\" height=\"335\" srcset=\"https:\/\/info.sadowne.pl\/wp-content\/uploads\/2025\/08\/sad1256.jpg 606w, https:\/\/info.sadowne.pl\/wp-content\/uploads\/2025\/08\/sad1256-300x166.jpg 300w\" sizes=\"auto, (max-width: 606px) 100vw, 606px\" \/><\/a><\/strong><\/p>\n<p style=\"text-align: center;\">,,Sadowianki\u201d bawi\u0105 weselnych go\u015bci w tanecznym korowodzie<\/p>\n<p><strong> <a href=\"http:\/\/info.sadowne.pl\/wp-content\/uploads\/2025\/08\/sad1257.jpg\"><img loading=\"lazy\" decoding=\"async\" class=\"aligncenter size-full wp-image-30415\" src=\"http:\/\/info.sadowne.pl\/wp-content\/uploads\/2025\/08\/sad1257.jpg\" alt=\"\" width=\"485\" height=\"325\" srcset=\"https:\/\/info.sadowne.pl\/wp-content\/uploads\/2025\/08\/sad1257.jpg 485w, https:\/\/info.sadowne.pl\/wp-content\/uploads\/2025\/08\/sad1257-300x201.jpg 300w\" sizes=\"auto, (max-width: 485px) 100vw, 485px\" \/><\/a><\/strong><\/p>\n<p style=\"text-align: center;\">Zesp\u00f3\u0142 ,,Akord\u201d i Andrzej Olton \u2013 akordeonista Sadowianek<\/p>\n<p><strong><a href=\"http:\/\/info.sadowne.pl\/wp-content\/uploads\/2025\/08\/sad1258.jpg\"><img loading=\"lazy\" decoding=\"async\" class=\"aligncenter size-full wp-image-30416\" src=\"http:\/\/info.sadowne.pl\/wp-content\/uploads\/2025\/08\/sad1258.jpg\" alt=\"\" width=\"564\" height=\"371\" srcset=\"https:\/\/info.sadowne.pl\/wp-content\/uploads\/2025\/08\/sad1258.jpg 564w, https:\/\/info.sadowne.pl\/wp-content\/uploads\/2025\/08\/sad1258-300x197.jpg 300w\" sizes=\"auto, (max-width: 564px) 100vw, 564px\" \/><\/a>\u00a0<\/strong><\/p>\n<p>Po kr\u00f3tkiej zabawie i pocz\u0119stunku Pan M\u0142ody wraz ze swoj\u0105 mam\u0105, kt\u00f3ra odprowadza\u0142a go ze \u0142zami w oczach oraz ca\u0142y orszak weselny uda\u0142 si\u0119 w drog\u0119 do Panny M\u0142odej. Ta czeka\u0142a na niego we m\u0142ynie.<\/p>\n<p style=\"text-align: center;\"><span style=\"color: #ff0000;\"><strong>Ale Hola!, Hola! Stop!<\/strong><\/span><\/p>\n<p><a href=\"http:\/\/info.sadowne.pl\/wp-content\/uploads\/2025\/08\/sad1259.jpg\"><img loading=\"lazy\" decoding=\"async\" class=\"aligncenter size-full wp-image-30417\" src=\"http:\/\/info.sadowne.pl\/wp-content\/uploads\/2025\/08\/sad1259.jpg\" alt=\"\" width=\"608\" height=\"257\" srcset=\"https:\/\/info.sadowne.pl\/wp-content\/uploads\/2025\/08\/sad1259.jpg 608w, https:\/\/info.sadowne.pl\/wp-content\/uploads\/2025\/08\/sad1259-300x127.jpg 300w\" sizes=\"auto, (max-width: 608px) 100vw, 608px\" \/><\/a><\/p>\n<p>Go\u015bcie Panny M\u0142odej ( grupa teatralna ,,Pani K i przyjaci\u00f3\u0142ki\u201d) nie chcieli tak \u0142atwo odda\u0107 dziewczyny i na mo\u015bcie zrobili tak zwan\u0105 bram\u0119 weseln\u0105, przy kt\u00f3rej \u017c\u0105dali wysokiej zap\u0142aty za przysz\u0142\u0105 ma\u0142\u017conk\u0119.<\/p>\n<p>M\u0142ody musia\u0142 s\u0142ono zap\u0142aci\u0107 za wykupne!<\/p>\n<p>Wreszcie dotar\u0142 do domu M\u0142odej, gdzie ju\u017c czeka\u0142 ze swoimi przy\u015bpiewkami <strong>Zesp\u00f3\u0142 ,,Boso po rosie\u201d.<\/strong><\/p>\n<p><a href=\"http:\/\/info.sadowne.pl\/wp-content\/uploads\/2025\/08\/sad1260.jpg\"><img loading=\"lazy\" decoding=\"async\" class=\"aligncenter size-full wp-image-30418\" src=\"http:\/\/info.sadowne.pl\/wp-content\/uploads\/2025\/08\/sad1260.jpg\" alt=\"\" width=\"604\" height=\"363\" srcset=\"https:\/\/info.sadowne.pl\/wp-content\/uploads\/2025\/08\/sad1260.jpg 604w, https:\/\/info.sadowne.pl\/wp-content\/uploads\/2025\/08\/sad1260-300x180.jpg 300w\" sizes=\"auto, (max-width: 604px) 100vw, 604px\" \/><\/a><\/p>\n<p><a href=\"http:\/\/info.sadowne.pl\/wp-content\/uploads\/2025\/08\/sad1261.jpg\"><img loading=\"lazy\" decoding=\"async\" class=\"aligncenter size-full wp-image-30419\" src=\"http:\/\/info.sadowne.pl\/wp-content\/uploads\/2025\/08\/sad1261.jpg\" alt=\"\" width=\"605\" height=\"497\" srcset=\"https:\/\/info.sadowne.pl\/wp-content\/uploads\/2025\/08\/sad1261.jpg 605w, https:\/\/info.sadowne.pl\/wp-content\/uploads\/2025\/08\/sad1261-300x246.jpg 300w\" sizes=\"auto, (max-width: 605px) 100vw, 605px\" \/><\/a><\/p>\n<p>\u017bartobliwe przy\u015bpiewki rozbawi\u0142y M\u0142odych i wszystkich go\u015bci. Po udzieleniu Parze M\u0142odej b\u0142ogos\u0142awie\u0144stwa, weselne druhny przypi\u0119\u0142y Go\u015bcim wst\u0105\u017ceczki z kwiatuszkami na znak uczestnictwa w weselu i znowu ca\u0142y orszak ruszy\u0142 w drog\u0119 wiod\u0105ca przez wie\u015b a\u017c do wiejskiej \u015bwietlicy.<\/p>\n<p><a href=\"http:\/\/info.sadowne.pl\/wp-content\/uploads\/2025\/08\/sad1262.jpg\"><img loading=\"lazy\" decoding=\"async\" class=\"aligncenter size-full wp-image-30420\" src=\"http:\/\/info.sadowne.pl\/wp-content\/uploads\/2025\/08\/sad1262.jpg\" alt=\"\" width=\"425\" height=\"299\" srcset=\"https:\/\/info.sadowne.pl\/wp-content\/uploads\/2025\/08\/sad1262.jpg 425w, https:\/\/info.sadowne.pl\/wp-content\/uploads\/2025\/08\/sad1262-300x211.jpg 300w\" sizes=\"auto, (max-width: 425px) 100vw, 425px\" \/><\/a><\/p>\n<p><a href=\"http:\/\/info.sadowne.pl\/wp-content\/uploads\/2025\/08\/sad1263.jpg\"><img loading=\"lazy\" decoding=\"async\" class=\"aligncenter size-full wp-image-30421\" src=\"http:\/\/info.sadowne.pl\/wp-content\/uploads\/2025\/08\/sad1263.jpg\" alt=\"\" width=\"440\" height=\"299\" srcset=\"https:\/\/info.sadowne.pl\/wp-content\/uploads\/2025\/08\/sad1263.jpg 440w, https:\/\/info.sadowne.pl\/wp-content\/uploads\/2025\/08\/sad1263-300x204.jpg 300w\" sizes=\"auto, (max-width: 440px) 100vw, 440px\" \/><\/a><\/p>\n<p style=\"text-align: center;\">Orszak weselny, w tle ,,<strong>Sadowianki\u201d<\/strong><\/p>\n<p><strong> <a href=\"http:\/\/info.sadowne.pl\/wp-content\/uploads\/2025\/08\/sad1264.jpg\"><img loading=\"lazy\" decoding=\"async\" class=\"aligncenter size-full wp-image-30422\" src=\"http:\/\/info.sadowne.pl\/wp-content\/uploads\/2025\/08\/sad1264.jpg\" alt=\"\" width=\"552\" height=\"314\" srcset=\"https:\/\/info.sadowne.pl\/wp-content\/uploads\/2025\/08\/sad1264.jpg 552w, https:\/\/info.sadowne.pl\/wp-content\/uploads\/2025\/08\/sad1264-300x171.jpg 300w\" sizes=\"auto, (max-width: 552px) 100vw, 552px\" \/><\/a><\/strong><\/p>\n<p style=\"text-align: center;\">Ca\u0142\u0105 drog\u0119 <strong>Zesp\u00f3\u0142 \u015apiewaczy Sadowianki<\/strong> i <strong>Zesp\u00f3\u0142 ,,Boso po rosie\u201d<\/strong> wsp\u00f3lnie \u015bpiewali, a go\u015bcie ochoczo im wt\u00f3rowali<\/p>\n<p><strong> <a href=\"http:\/\/info.sadowne.pl\/wp-content\/uploads\/2025\/08\/sad1265.jpg\"><img loading=\"lazy\" decoding=\"async\" class=\"aligncenter size-full wp-image-30423\" src=\"http:\/\/info.sadowne.pl\/wp-content\/uploads\/2025\/08\/sad1265.jpg\" alt=\"\" width=\"295\" height=\"329\" srcset=\"https:\/\/info.sadowne.pl\/wp-content\/uploads\/2025\/08\/sad1265.jpg 295w, https:\/\/info.sadowne.pl\/wp-content\/uploads\/2025\/08\/sad1265-269x300.jpg 269w\" sizes=\"auto, (max-width: 295px) 100vw, 295px\" \/><\/a><\/strong><\/p>\n<p style=\"text-align: center;\">Przy \u015bwietlicy czeka\u0142a Marsza\u0142ek p. <strong>El\u017cbieta Lanc<\/strong><\/p>\n<p style=\"text-align: center;\">i Wodzirej p. <strong>Ewa Pi\u00f3rkowska<\/strong><\/p>\n<p><a href=\"http:\/\/info.sadowne.pl\/wp-content\/uploads\/2025\/08\/sad1266.jpg\"><img loading=\"lazy\" decoding=\"async\" class=\"aligncenter size-full wp-image-30425\" src=\"http:\/\/info.sadowne.pl\/wp-content\/uploads\/2025\/08\/sad1266.jpg\" alt=\"\" width=\"575\" height=\"443\" srcset=\"https:\/\/info.sadowne.pl\/wp-content\/uploads\/2025\/08\/sad1266.jpg 575w, https:\/\/info.sadowne.pl\/wp-content\/uploads\/2025\/08\/sad1266-300x231.jpg 300w\" sizes=\"auto, (max-width: 575px) 100vw, 575px\" \/><\/a><\/p>\n<p>Orszak weselny zatrzyma\u0142 si\u0119 przed \u015bwietlic\u0105, gdzie czeka\u0142 Naczelnik Wsi Krupi\u0144skie i nakaza\u0142 M\u0142odym ku uciesze zebranych z\u0142o\u017cy\u0107 komiczn\u0105 przysi\u0119g\u0119 ma\u0142\u017ce\u0144sk\u0105. Nast\u0119pnie rodzice przywitali M\u0142od\u0105 Par\u0119 chlebem i sol\u0105. A \u017ceby tradycji sta\u0142o si\u0119 zado\u015b\u0107, M\u0142ody przeni\u00f3s\u0142 wybrank\u0119 przez pr\u00f3g.<\/p>\n<p><a href=\"http:\/\/info.sadowne.pl\/wp-content\/uploads\/2025\/08\/sad1267.jpg\"><img loading=\"lazy\" decoding=\"async\" class=\"aligncenter size-full wp-image-30424\" src=\"http:\/\/info.sadowne.pl\/wp-content\/uploads\/2025\/08\/sad1267.jpg\" alt=\"\" width=\"509\" height=\"455\" srcset=\"https:\/\/info.sadowne.pl\/wp-content\/uploads\/2025\/08\/sad1267.jpg 509w, https:\/\/info.sadowne.pl\/wp-content\/uploads\/2025\/08\/sad1267-300x268.jpg 300w\" sizes=\"auto, (max-width: 509px) 100vw, 509px\" \/><\/a><\/p>\n<p style=\"text-align: center;\">Pami\u0105tkowe zdj\u0119cie z p. Marsza\u0142ek <strong>El\u017cbiet\u0105 Lanc<\/strong><\/p>\n<p>Po kr\u00f3tkim biesiadowaniu wszem wobec i ka\u017cdemu z osobna obwieszczono, \u017ce przyjecha\u0142y Ciotki z Ameryki i nale\u017cy wyj\u015b\u0107 na zewn\u0105trz, aby podziwia\u0107 prezenty, kt\u00f3re przywioz\u0142y dla M\u0142odej Pary.<\/p>\n<p><strong> <a href=\"http:\/\/info.sadowne.pl\/wp-content\/uploads\/2025\/08\/sad1268.jpg\"><img loading=\"lazy\" decoding=\"async\" class=\"aligncenter size-full wp-image-30426\" src=\"http:\/\/info.sadowne.pl\/wp-content\/uploads\/2025\/08\/sad1268.jpg\" alt=\"\" width=\"606\" height=\"315\" srcset=\"https:\/\/info.sadowne.pl\/wp-content\/uploads\/2025\/08\/sad1268.jpg 606w, https:\/\/info.sadowne.pl\/wp-content\/uploads\/2025\/08\/sad1268-300x156.jpg 300w\" sizes=\"auto, (max-width: 606px) 100vw, 606px\" \/><\/a><\/strong><\/p>\n<p>Szalej\u0105ce ciotki, to grupa teatralna ,,Pani K i przyjaci\u00f3\u0142ki\u201d. Na ich wyst\u0119p z\u0142o\u017cy\u0142y si\u0119 przezabawne prezenty i przy\u015bpiewki obja\u015bniaj\u0105ce w jakim celu M\u0142odzi otrzymuj\u0105 dany podarunek.<\/p>\n<p><a href=\"http:\/\/info.sadowne.pl\/wp-content\/uploads\/2025\/08\/sad1269.jpg\"><img loading=\"lazy\" decoding=\"async\" class=\"aligncenter size-full wp-image-30427\" src=\"http:\/\/info.sadowne.pl\/wp-content\/uploads\/2025\/08\/sad1269.jpg\" alt=\"\" width=\"605\" height=\"429\" srcset=\"https:\/\/info.sadowne.pl\/wp-content\/uploads\/2025\/08\/sad1269.jpg 605w, https:\/\/info.sadowne.pl\/wp-content\/uploads\/2025\/08\/sad1269-300x213.jpg 300w\" sizes=\"auto, (max-width: 605px) 100vw, 605px\" \/><\/a><\/p>\n<p style=\"text-align: center;\">Ciotki szala\u0142y dobre p\u00f3\u0142 godziny, przygrywa\u0142 im Zesp\u00f3\u0142 ,,Akord\u201d<\/p>\n<h3 style=\"text-align: center;\"><span style=\"color: #ff0000;\"><em>\u015amiechu by\u0142o co niemiara !!!<\/em><\/span><\/h3>\n<p style=\"text-align: center;\"><a href=\"http:\/\/info.sadowne.pl\/wp-content\/uploads\/2025\/08\/sad1270.jpg\"><img loading=\"lazy\" decoding=\"async\" class=\"aligncenter size-full wp-image-30428\" src=\"http:\/\/info.sadowne.pl\/wp-content\/uploads\/2025\/08\/sad1270.jpg\" alt=\"\" width=\"480\" height=\"413\" srcset=\"https:\/\/info.sadowne.pl\/wp-content\/uploads\/2025\/08\/sad1270.jpg 480w, https:\/\/info.sadowne.pl\/wp-content\/uploads\/2025\/08\/sad1270-300x258.jpg 300w\" sizes=\"auto, (max-width: 480px) 100vw, 480px\" \/><\/a><\/p>\n<p style=\"text-align: center;\">Nie mog\u0142o zabrakn\u0105\u0107 weselnego tortu sk\u0142adaj\u0105cego si\u0119 z czterech ko\u0142aczy, ka\u017cdy z innym nadzieniem<\/p>\n<p><a href=\"http:\/\/info.sadowne.pl\/wp-content\/uploads\/2025\/08\/sad1271.jpg\"><img loading=\"lazy\" decoding=\"async\" class=\"aligncenter size-full wp-image-30429\" src=\"http:\/\/info.sadowne.pl\/wp-content\/uploads\/2025\/08\/sad1271.jpg\" alt=\"\" width=\"355\" height=\"542\" srcset=\"https:\/\/info.sadowne.pl\/wp-content\/uploads\/2025\/08\/sad1271.jpg 355w, https:\/\/info.sadowne.pl\/wp-content\/uploads\/2025\/08\/sad1271-196x300.jpg 196w\" sizes=\"auto, (max-width: 355px) 100vw, 355px\" \/><\/a><\/p>\n<p>I ju\u017c ostatnim punktem ca\u0142ej imprezy by\u0142y oczepiny, kt\u00f3re prowadzi\u0142y dwa zespo\u0142y ,,Sadowianki\u201d i ,,Boso po rosie\u201d. Podczas przy\u015bpiewek zdj\u0119to M\u0142odej wianek z welonem i za\u0142o\u017cono czepiec.<\/p>\n<p style=\"text-align: center;\"><strong>A dalej? Nic doda\u0107, nic uj\u0105\u0107. <\/strong><\/p>\n<p style=\"text-align: center;\">Wesele trwa\u0142o do bia\u0142ego rana i jak to m\u00f3wi\u0105:<\/p>\n<p style=\"text-align: center;\">\u00a0<strong>,<em><span style=\"color: #ff0000;\">,My ,,Sadowianki\u201d tam by\u0142y\u015bmy, jad\u0142y\u015bmy, pi\u0142y\u015bmy, toasty te\u017c wznosi\u0142y\u015bmy i cudownie \u00a0bawi\u0142y\u015bmy si\u0119\u201d.<\/span><\/em><\/strong><\/p>\n<p><strong>\u0179r\u00f3d\u0142o: <\/strong>SADOWIANKI, Barbara Wr\u00f3bel, Sadowne 2025<\/p>\n","protected":false},"excerpt":{"rendered":"<p>SADOWNE &#8211; 8 czerwca 2023 roku &#8211; BO\u017bE CIA\u0141O czyli Uroczysto\u015b\u0107 Naj\u015bwi\u0119tszego Cia\u0142a i Krwi Chrystusa.<\/p>\n","protected":false},"author":1,"featured_media":0,"comment_status":"closed","ping_status":"closed","sticky":false,"template":"","format":"standard","meta":{"footnotes":""},"categories":[5,31,1202],"tags":[1218,101,960],"class_list":["post-30400","post","type-post","status-publish","format-standard","hentry","category-newsy","category-historia-gminy","category-zespol-spiewaczy-sadowianki","tag-barbara-wrobel","tag-historia-gminy-sadowne","tag-zespol-spiewaczy-sadowianki"],"views":1404,"_links":{"self":[{"href":"https:\/\/info.sadowne.pl\/index.php?rest_route=\/wp\/v2\/posts\/30400","targetHints":{"allow":["GET"]}}],"collection":[{"href":"https:\/\/info.sadowne.pl\/index.php?rest_route=\/wp\/v2\/posts"}],"about":[{"href":"https:\/\/info.sadowne.pl\/index.php?rest_route=\/wp\/v2\/types\/post"}],"author":[{"embeddable":true,"href":"https:\/\/info.sadowne.pl\/index.php?rest_route=\/wp\/v2\/users\/1"}],"replies":[{"embeddable":true,"href":"https:\/\/info.sadowne.pl\/index.php?rest_route=%2Fwp%2Fv2%2Fcomments&post=30400"}],"version-history":[{"count":1,"href":"https:\/\/info.sadowne.pl\/index.php?rest_route=\/wp\/v2\/posts\/30400\/revisions"}],"predecessor-version":[{"id":30430,"href":"https:\/\/info.sadowne.pl\/index.php?rest_route=\/wp\/v2\/posts\/30400\/revisions\/30430"}],"wp:attachment":[{"href":"https:\/\/info.sadowne.pl\/index.php?rest_route=%2Fwp%2Fv2%2Fmedia&parent=30400"}],"wp:term":[{"taxonomy":"category","embeddable":true,"href":"https:\/\/info.sadowne.pl\/index.php?rest_route=%2Fwp%2Fv2%2Fcategories&post=30400"},{"taxonomy":"post_tag","embeddable":true,"href":"https:\/\/info.sadowne.pl\/index.php?rest_route=%2Fwp%2Fv2%2Ftags&post=30400"}],"curies":[{"name":"wp","href":"https:\/\/api.w.org\/{rel}","templated":true}]}}