{"id":30431,"date":"2025-08-25T17:58:17","date_gmt":"2025-08-25T15:58:17","guid":{"rendered":"https:\/\/info.sadowne.pl\/?p=30431"},"modified":"2025-08-25T17:58:17","modified_gmt":"2025-08-25T15:58:17","slug":"kronika-strazacka-15-23-08-2025","status":"publish","type":"post","link":"https:\/\/info.sadowne.pl\/?p=30431","title":{"rendered":"Kronika stra\u017cacka 15 \u2013 23.08.2025"},"content":{"rendered":"<p><strong><a href=\"http:\/\/info.sadowne.pl\/wp-content\/uploads\/2025\/05\/straz1.jpg\"><img loading=\"lazy\" decoding=\"async\" class=\"alignleft size-thumbnail wp-image-30020\" src=\"http:\/\/info.sadowne.pl\/wp-content\/uploads\/2025\/05\/straz1-180x130.jpg\" alt=\"\" width=\"180\" height=\"130\" \/><\/a>W<\/strong><strong> okresie<\/strong><strong> 15 &#8211; 23.08.2025 na<\/strong><strong> terenie<\/strong><strong> powiatu<\/strong><strong> w\u0119growskiego<\/strong><strong> zanotowano:<\/strong><strong> 17 zdarze\u0144,<\/strong><strong> przy<\/strong><strong> kt\u00f3rych<\/strong><strong> interweniowa\u0142y<\/strong><strong> jednostki<\/strong><strong> ochrony<\/strong><strong> przeciwpo\u017carowej, w tym:<\/strong><strong> 5 po\u017car\u00f3w, 10 miejscowych zagro\u017ce\u0144 i 2 alarmy fa\u0142szywe.<\/strong><!--more--><\/p>\n<p><strong>15.08.2025 \u2013 Lipniki, gm. Korytnica \u2013 wypadek \u015bmiertelny- ch\u0142opiec jad\u0105cy motocyklem uderzy\u0142 w drzewo <\/strong><\/p>\n<p>Po dotarciu na miejsce zdarzenia pierwszych SIS, Zast\u0119p OSP Korytnica zabezpieczy\u0142 l\u0105dowisko \u015bmig\u0142owca LPR. R\u00f3wnolegle z JOP na miejsce przyby\u0142 r\u00f3wnie\u017c patrol Policji, kt\u00f3ry uda\u0142 si\u0119 na poszukiwanie dok\u0142adnego miejsca zdarzenia- by\u0142o ono oddalone ok. 900 m\u00a0 na drodze le\u015bnej miedzy Lipnikami a Maksymilianowem. Po wyl\u0105dowaniu \u015bmig\u0142owca LPR jego za\u0142oga uda\u0142a si\u0119 wraz z zast\u0119pem OSP na miejsce zdarzenia. Po ich przybyciu poszkodowany by\u0142 zaopatrywany przez obecny na miejscu ZRM, kt\u00f3ry przyby\u0142 z innego kierunku od miejscowo\u015bci Maksymilian\u00f3w &#8211; prowadzono RKO poszkodowanego 16-letniego kieruj\u0105cego motocyklem typu mini cross. Na miejscu obecny by\u0142 ojciec poszkodowanego. Dalsze dzia\u0142ania JOP polega\u0142y na zabezpieczeniu miejsca zdarzenia na czas prowadzonych dzia\u0142a\u0144 PRM. W trakcie prowadzonej reanimacji lekarz stwierdzi\u0142 zgon ch\u0142opca.<\/p>\n<p>W DZIA\u0141ANIACH RATOWNICZYCH UDZIA\u0141 BRA\u0141O: 2 zast\u0119py, 8 ratownik\u00f3w.<strong>\u00a0<\/strong><\/p>\n<p><strong>17.08.2025 \u2013 J\u00f3zefy, gm. Wierzbno \u2013 IZRM starsza kobieta, utrudnione oddychanie<\/strong><\/p>\n<p>Po przybyciu na miejsce zdarzenia KDR zasta\u0142 na miejscu 81-letni\u0105 kobiet\u0119 z trudno\u015bciami w oddychaniu i wysok\u0105 temperatur\u0105 cia\u0142a. Zast\u0119p, kt\u00f3ry pierwszy dotar\u0142 na miejsce zdarzenia, przyst\u0105pi\u0142 do udzielania KPP (udro\u017cnienie dr\u00f3g oddechowych, wsparcie psychiczne, pomiar natlenienia krwi, ok\u0142ady z zimnych r\u0119cznik\u00f3w). Przyby\u0142y ZRM przej\u0105\u0142 osob\u0119 poszkodowan\u0105.<\/p>\n<p>W DZIA\u0141ANIACH RATOWNICZYCH UDZIA\u0141 BRA\u0141O: 2 zast\u0119py, 8 ratownik\u00f3w.<\/p>\n<p><strong>22.08.2025 \u2013 Wyszk\u00f3w, gm. Liw \u2013 Kolizja motocykla (skuter) z busem<\/strong><\/p>\n<p>Po doje\u017adzie na miejsce zdarzenia zast\u0119pu OSP Wyszk\u00f3w, KDR po przeprowadzeniu rozpoznania stwierdzi\u0142, \u017ce na skrzy\u017cowaniu dr\u00f3g dosz\u0142o do najechania przez skuter na ty\u0142 poprzedzaj\u0105cego pojazdu marki Mercedes Sprinter. W wyniku zdarzenia poszkodowana zosta\u0142a jedna osoba (prowadz\u0105cy skuter), przytomny, w wywiadzie b\u00f3l r\u0119ki i nogi. Na miejsce zdarzenia dotar\u0142y tak\u017ce zast\u0119py JRG i ZRM, kt\u00f3ry zaj\u0105\u0142 si\u0119 osob\u0105 poszkodowan\u0105. Dzia\u0142ania zast\u0119p\u00f3w polega\u0142y na zabezpieczeniu miejsca zdarzenia i kierowaniu ruchem drogowym do czasu przybycia patrolu Policji. ZRM zdecydowa\u0142 o transporcie poszkodowanego do szpitala. Powsta\u0142y niewielki wyciek paliwa na drodze przysypano sorbentem, na tym dzia\u0142ania zako\u0144czono<\/p>\n<p>W DZIA\u0141ANIACH RATOWNICZYCH UDZIA\u0141 BRA\u0141O: 3 zast\u0119py, 11 ratownik\u00f3w.<\/p>\n<p><strong>KP PSP W\u0119gr\u00f3w<\/strong><\/p>\n","protected":false},"excerpt":{"rendered":"<p>W okresie 15 &#8211; 23.08.2025 na terenie powiatu w\u0119growskiego zanotowano: 17 zdarze\u0144, przy kt\u00f3rych interweniowa\u0142y jednostki ochrony przeciwpo\u017carowej, w tym: 5 po\u017car\u00f3w, 10 miejscowych zagro\u017ce\u0144 i 2 alarmy fa\u0142szywe.<\/p>\n","protected":false},"author":1,"featured_media":0,"comment_status":"closed","ping_status":"closed","sticky":false,"template":"","format":"standard","meta":{"footnotes":""},"categories":[5,4,267],"tags":[491,643],"class_list":["post-30431","post","type-post","status-publish","format-standard","hentry","category-newsy","category-policja-straz-pozarna-pogotowie-ratunkowe","category-straz-pozarna-policja-straz-pozarna-pogotowie-ratunkowe","tag-komenda-powiatowa-panstwowej-strazy-pozarnej-w-wegrowie","tag-kronika-strazacka"],"views":1361,"_links":{"self":[{"href":"https:\/\/info.sadowne.pl\/index.php?rest_route=\/wp\/v2\/posts\/30431","targetHints":{"allow":["GET"]}}],"collection":[{"href":"https:\/\/info.sadowne.pl\/index.php?rest_route=\/wp\/v2\/posts"}],"about":[{"href":"https:\/\/info.sadowne.pl\/index.php?rest_route=\/wp\/v2\/types\/post"}],"author":[{"embeddable":true,"href":"https:\/\/info.sadowne.pl\/index.php?rest_route=\/wp\/v2\/users\/1"}],"replies":[{"embeddable":true,"href":"https:\/\/info.sadowne.pl\/index.php?rest_route=%2Fwp%2Fv2%2Fcomments&post=30431"}],"version-history":[{"count":1,"href":"https:\/\/info.sadowne.pl\/index.php?rest_route=\/wp\/v2\/posts\/30431\/revisions"}],"predecessor-version":[{"id":30432,"href":"https:\/\/info.sadowne.pl\/index.php?rest_route=\/wp\/v2\/posts\/30431\/revisions\/30432"}],"wp:attachment":[{"href":"https:\/\/info.sadowne.pl\/index.php?rest_route=%2Fwp%2Fv2%2Fmedia&parent=30431"}],"wp:term":[{"taxonomy":"category","embeddable":true,"href":"https:\/\/info.sadowne.pl\/index.php?rest_route=%2Fwp%2Fv2%2Fcategories&post=30431"},{"taxonomy":"post_tag","embeddable":true,"href":"https:\/\/info.sadowne.pl\/index.php?rest_route=%2Fwp%2Fv2%2Ftags&post=30431"}],"curies":[{"name":"wp","href":"https:\/\/api.w.org\/{rel}","templated":true}]}}