{"id":30441,"date":"2025-08-29T11:38:45","date_gmt":"2025-08-29T09:38:45","guid":{"rendered":"http:\/\/info.sadowne.pl\/?p=30441"},"modified":"2025-08-29T11:38:45","modified_gmt":"2025-08-29T09:38:45","slug":"wiersz-za-krotko-kwitna-maki","status":"publish","type":"post","link":"https:\/\/info.sadowne.pl\/?p=30441","title":{"rendered":"Wiersz \u201eZa kr\u00f3tko kwitn\u0105 maki\u201d"},"content":{"rendered":"<p><strong><a href=\"http:\/\/info.sadowne.pl\/wp-content\/uploads\/2025\/08\/2025.08.29.1.jpg\" target=\"_blank\" rel=\"noopener\"><img loading=\"lazy\" decoding=\"async\" class=\"alignleft wp-image-30442 size-thumbnail\" src=\"http:\/\/info.sadowne.pl\/wp-content\/uploads\/2025\/08\/2025.08.29.1-180x130.jpg\" alt=\"\" width=\"180\" height=\"130\" \/><\/a>Kazimierz Kocha\u0144ski \u2013 letnie refleksje.<\/strong><!--more--><\/p>\n<p>&nbsp;<\/p>\n<p>&nbsp;<\/p>\n<p>&nbsp;<\/p>\n<p>&nbsp;<\/p>\n<p>&nbsp;<\/p>\n<p style=\"text-align: center;\"><strong>Za kr\u00f3tko kwitn\u0105 maki<\/strong><\/p>\n<p>&nbsp;<\/p>\n<p style=\"text-align: center;\">Do \u017cniw jeszcze daleko,<\/p>\n<p style=\"text-align: center;\">\u017ad\u017ab\u0142a stoj\u0105 niepewnie<\/p>\n<p style=\"text-align: center;\">i k\u0142osy chude ziarnem;<\/p>\n<p style=\"text-align: center;\">czy dotrwaj\u0105 ko\u015bby?<\/p>\n<p>&nbsp;<\/p>\n<p style=\"text-align: center;\">Za wcze\u015bnie lipa w z\u0142ocie,<\/p>\n<p style=\"text-align: center;\">jeszcze roje w czerwie<\/p>\n<p style=\"text-align: center;\">i nie gotowe straty<\/p>\n<p style=\"text-align: center;\">przyczajone w gro\u017abie.<\/p>\n<p>&nbsp;<\/p>\n<p style=\"text-align: center;\">\u017byjesz pe\u0142ni\u0105 \u2013 za kr\u00f3tko!<\/p>\n<p style=\"text-align: center;\">Wyobra\u017ani\u0105 \u2013 hojny.<\/p>\n<p style=\"text-align: center;\">Jesie\u0144 sypie owocem<\/p>\n<p style=\"text-align: center;\">i nape\u0142nia spichrze.<\/p>\n<p>&nbsp;<\/p>\n<p style=\"text-align: center;\">Zdu\u015b w sobie nag\u0142y p\u0142omie\u0144!<\/p>\n<p style=\"text-align: center;\">Wyjd\u017a przed dom spokojny.<\/p>\n<p style=\"text-align: center;\">Wci\u0105\u017c ko\u0142ysz\u0105 si\u0119 \u0142any.<\/p>\n<p style=\"text-align: center;\">I my\u015bli\u2026 przejrzyste.<\/p>\n<p><strong>\u00a0<\/strong><\/p>\n<p><strong>Foto:<\/strong> Wies\u0142aw Maliszewski<\/p>\n","protected":false},"excerpt":{"rendered":"<p>Kazimierz Kocha\u0144ski \u2013 letnie refleksje.<\/p>\n","protected":false},"author":1,"featured_media":0,"comment_status":"closed","ping_status":"closed","sticky":false,"template":"","format":"standard","meta":{"footnotes":""},"categories":[5,48,6,108],"tags":[144,3669,2730,4290,51],"class_list":["post-30441","post","type-post","status-publish","format-standard","hentry","category-newsy","category-kacik-literacki","category-kultura-rozrywka-edukacja","category-okienko-poetyckie","tag-kazimierz-kochanski","tag-okienko-poetyckie","tag-poezja","tag-wiersz-za-krotko-kwitna-maki","tag-wieslaw-maliszewski"],"views":1464,"_links":{"self":[{"href":"https:\/\/info.sadowne.pl\/index.php?rest_route=\/wp\/v2\/posts\/30441","targetHints":{"allow":["GET"]}}],"collection":[{"href":"https:\/\/info.sadowne.pl\/index.php?rest_route=\/wp\/v2\/posts"}],"about":[{"href":"https:\/\/info.sadowne.pl\/index.php?rest_route=\/wp\/v2\/types\/post"}],"author":[{"embeddable":true,"href":"https:\/\/info.sadowne.pl\/index.php?rest_route=\/wp\/v2\/users\/1"}],"replies":[{"embeddable":true,"href":"https:\/\/info.sadowne.pl\/index.php?rest_route=%2Fwp%2Fv2%2Fcomments&post=30441"}],"version-history":[{"count":2,"href":"https:\/\/info.sadowne.pl\/index.php?rest_route=\/wp\/v2\/posts\/30441\/revisions"}],"predecessor-version":[{"id":30444,"href":"https:\/\/info.sadowne.pl\/index.php?rest_route=\/wp\/v2\/posts\/30441\/revisions\/30444"}],"wp:attachment":[{"href":"https:\/\/info.sadowne.pl\/index.php?rest_route=%2Fwp%2Fv2%2Fmedia&parent=30441"}],"wp:term":[{"taxonomy":"category","embeddable":true,"href":"https:\/\/info.sadowne.pl\/index.php?rest_route=%2Fwp%2Fv2%2Fcategories&post=30441"},{"taxonomy":"post_tag","embeddable":true,"href":"https:\/\/info.sadowne.pl\/index.php?rest_route=%2Fwp%2Fv2%2Ftags&post=30441"}],"curies":[{"name":"wp","href":"https:\/\/api.w.org\/{rel}","templated":true}]}}