{"id":30449,"date":"2025-09-01T17:00:03","date_gmt":"2025-09-01T15:00:03","guid":{"rendered":"http:\/\/info.sadowne.pl\/?p=30449"},"modified":"2025-09-01T17:00:03","modified_gmt":"2025-09-01T15:00:03","slug":"kronika-strazacka-25-31-08-2025","status":"publish","type":"post","link":"https:\/\/info.sadowne.pl\/?p=30449","title":{"rendered":"Kronika stra\u017cacka 25 \u2013 31.08.2025"},"content":{"rendered":"<p><strong><a href=\"http:\/\/info.sadowne.pl\/wp-content\/uploads\/2025\/05\/straz1.jpg\" target=\"_blank\" rel=\"noopener\"><img loading=\"lazy\" decoding=\"async\" class=\"alignleft wp-image-30020 size-thumbnail\" src=\"http:\/\/info.sadowne.pl\/wp-content\/uploads\/2025\/05\/straz1-180x130.jpg\" alt=\"\" width=\"180\" height=\"130\" \/><\/a>W<\/strong><strong> okresie<\/strong><strong> 25 &#8211; 31.08.2025 r. na<\/strong><strong> terenie<\/strong><strong> powiatu<\/strong><strong> w\u0119growskiego<\/strong><strong> zanotowano:<\/strong><strong> 14 zdarze\u0144,<\/strong><strong> przy<\/strong><strong> kt\u00f3rych<\/strong><strong> interweniowa\u0142y<\/strong><strong> jednostki<\/strong><strong> ochrony<\/strong><strong> przeciwpo\u017carowej, w tym:<\/strong><strong> 11 miejscowych zagro\u017ce\u0144 i 3 po\u017cary.<\/strong><!--more--><\/p>\n<p><strong>26.08.202 \u2013 Jasior\u00f3wka, gm. \u0141och\u00f3w, DK 50 \u00a0\u2013 zderzenie samochodu ci\u0119\u017carowego z osobowym<\/strong><\/p>\n<p>Na DK-50 dosz\u0142o do zdarzenia drogowego z udzia\u0142em samochodu osobowego (elektrycznego) i samochodu ci\u0119\u017carowego z naczep\u0105. Droga by\u0142a cz\u0119\u015bciowo przejezdna, jad\u0105cy sami powychodzili z pojazd\u00f3w, jedna osoba by\u0142a poszkodowana- pomocy udziela\u0142 przyby\u0142y ju\u017c ZRM, Policja na miejscu. Dzia\u0142ania zast\u0119p\u00f3w polega\u0142y na zabezpieczeniu i oznakowaniu miejsca zdarzenia. Nast\u0119pnie zast\u0119p prowadzi\u0142 dzia\u0142ania skupione na stabilizacji i odnalezieniu przy pomocy karty pojazdu (KIA-Niro) wy\u0142\u0105cznika g\u0142\u00f3wnego zasilania w poje\u017adzie elektrycznym oraz od\u0142\u0105czeniu akumulator\u00f3w w obu pojazdach. Po odje\u017adzie z miejsca zdarzenia ZRM z poszkodowanym, przekazano miejsce zdarzenia Policji.<strong>\u00a0\u00a0\u00a0\u00a0\u00a0\u00a0\u00a0\u00a0\u00a0\u00a0\u00a0 <\/strong><\/p>\n<p>W DZIA\u0141ANIACH RATOWNICZYCH UDZIA\u0141 BRA\u0141O: 2 zast\u0119py, 10 ratownik\u00f3w.<\/p>\n<p><strong>26.08.2025 \u2013 Pierzcha\u0142y, gm. Liw \u2013 pr\u00f3ba samob\u00f3jcza<\/strong><\/p>\n<p>Na miejscu s\u0105 policjanci, kt\u00f3rzy prowadz\u0105 RKO. R\u00f3wnocze\u015bnie z zast\u0119pami PSP i OSP na miejsce dotar\u0142 ZRM. Dzia\u0142ania zast\u0119p\u00f3w polega\u0142y na zabezpieczeniu miejsca zdarzenia i pomocy ZRM w prowadzeniu dzia\u0142a\u0144 medycznych. Po stwierdzeniu powrotu kr\u0105\u017cenia kierownik ZRM zdecydowa\u0142 o transporcie poszkodowanego do szpitala. Po odje\u017adzie ZRM miejsce zdarzenia przekazano protoko\u0142em policji, na tym dzia\u0142ania zako\u0144czono.<\/p>\n<p>W DZIA\u0141ANIACH RATOWNICZYCH UDZIA\u0141 BRA\u0141O: 2 zast\u0119py, 8 ratownik\u00f3w.<\/p>\n<p><strong>27.08.2025 \u2013 Nowa Trzcianka, gm. Gr\u0119bk\u00f3w, Autostrada A2 \u2013 \u00a0kieruj\u0105cy TIR-em wjecha\u0142 do rowu<\/strong><strong>\u00a0\u00a0\u00a0\u00a0\u00a0\u00a0\u00a0\u00a0\u00a0\u00a0\u00a0 <\/strong><\/p>\n<p>Samoch\u00f3d ci\u0119\u017carowy przeci\u0105\u0142 band\u0119 na autostradzie A2 w kierunku Siedlec, wyjecha\u0142 poza ni\u0105, kierowca nie potrzebuje pomocy medycznej, pojazd poza drog\u0105, brak innych s\u0142u\u017cb, pas awaryjny zablokowany. SiS zadysponowane wystarczaj\u0105ce&#8221;. Dzia\u0142ania zast\u0119pu polega\u0142y na zabezpieczeniu miejsca zdarzenia oraz udzieleniu KPP kierowcy pojazdu ci\u0119\u017carowego. Przyby\u0142y na miejsce ZRM (godz. 11:24 lokalizacja medyczna) przej\u0105\u0142 osob\u0119 poszkodowan\u0105 w celu dalszych bada\u0144. Po przybyciu na miejsce zdarzenia zast\u0119p\u00f3w JRG &#8211; KDR poleci\u0142\u00a0 dodatkowo zabezpieczy\u0107 miejsce prowadzonych dzia\u0142a\u0144 poprzez ustawienie sto\u017ck\u00f3w ostrzegawczych oraz w\u0142\u0105czenie &#8222;fal \u015bwietlnych&#8221; w pojazdach JOP, a nast\u0119pnie usun\u0105\u0107 z jezdni uszkodzone elementy pojazdu.<\/p>\n<p>W DZIA\u0141ANIACH RATOWNICZYCH UDZIA\u0141 BRA\u0141O: 4 zast\u0119py, 17 ratownik\u00f3w.<strong>\u00a0<\/strong><\/p>\n<p><strong>28.08.2025 \u2013 \u0141och\u00f3w \u2013 po\u017car budynku gospodarczo-mieszkalnego<\/strong><\/p>\n<p>Pali si\u0119 budynek gospodarczy murowany o wymiarach 28x8x6 kryty eternitem &#8211; w\u0142a\u015bciciel informuje o 30 butlach gazowych 11KG w \u015brodku, brak os\u00f3b w budynku. Dzia\u0142ania przyby\u0142ych zast\u0119p\u00f3w polega\u0142y na zabezpieczeniu miejsca zdarzenia, r\u00f3wnolegle podano dwa pr\u0105dy wody w natarciu na pal\u0105cy si\u0119 budynek i wprowadzono rot\u0119 w sprz\u0119cie ochrony dr\u00f3g oddechowych w celu wyniesienia butli z gazem. Po wyniesieniu 30 butli gazowych 11KG<br \/>\nw miejsce bezpieczne i przy pomocy doje\u017cd\u017caj\u0105cych JOP podano dwa dodatkowe pr\u0105dy wody, co doprowadzi\u0142o do lokalizacji, a nast\u0119pnie ugaszenia po\u017caru budynku gospodarczego. Do budynku gospodarczego przylega\u0142a drewutnia &#8211; kt\u00f3ra cz\u0119\u015bciowo zosta\u0142a obj\u0119ta po\u017carem &#8211; dzia\u0142ania polega\u0142y na przerzuceniu drewna i dog\u0142\u0119bnym przelaniu pogorzeliska wod\u0105.<\/p>\n<p>W DZIA\u0141ANIACH RATOWNICZYCH UDZIA\u0141 BRA\u0141O: 9 zast\u0119p\u00f3w, 42 ratownik\u00f3w.<\/p>\n<p><strong>KP PSP W\u0119gr\u00f3w<\/strong><\/p>\n","protected":false},"excerpt":{"rendered":"<p>W okresie 25 &#8211; 31.08.2025 r. na terenie powiatu w\u0119growskiego zanotowano: 14 zdarze\u0144, przy kt\u00f3rych interweniowa\u0142y jednostki ochrony przeciwpo\u017carowej, w tym: 11 miejscowych zagro\u017ce\u0144 i 3 po\u017cary.<\/p>\n","protected":false},"author":1,"featured_media":0,"comment_status":"closed","ping_status":"closed","sticky":false,"template":"","format":"standard","meta":{"footnotes":""},"categories":[5,4,267],"tags":[491,643],"class_list":["post-30449","post","type-post","status-publish","format-standard","hentry","category-newsy","category-policja-straz-pozarna-pogotowie-ratunkowe","category-straz-pozarna-policja-straz-pozarna-pogotowie-ratunkowe","tag-komenda-powiatowa-panstwowej-strazy-pozarnej-w-wegrowie","tag-kronika-strazacka"],"views":1496,"_links":{"self":[{"href":"https:\/\/info.sadowne.pl\/index.php?rest_route=\/wp\/v2\/posts\/30449","targetHints":{"allow":["GET"]}}],"collection":[{"href":"https:\/\/info.sadowne.pl\/index.php?rest_route=\/wp\/v2\/posts"}],"about":[{"href":"https:\/\/info.sadowne.pl\/index.php?rest_route=\/wp\/v2\/types\/post"}],"author":[{"embeddable":true,"href":"https:\/\/info.sadowne.pl\/index.php?rest_route=\/wp\/v2\/users\/1"}],"replies":[{"embeddable":true,"href":"https:\/\/info.sadowne.pl\/index.php?rest_route=%2Fwp%2Fv2%2Fcomments&post=30449"}],"version-history":[{"count":2,"href":"https:\/\/info.sadowne.pl\/index.php?rest_route=\/wp\/v2\/posts\/30449\/revisions"}],"predecessor-version":[{"id":30451,"href":"https:\/\/info.sadowne.pl\/index.php?rest_route=\/wp\/v2\/posts\/30449\/revisions\/30451"}],"wp:attachment":[{"href":"https:\/\/info.sadowne.pl\/index.php?rest_route=%2Fwp%2Fv2%2Fmedia&parent=30449"}],"wp:term":[{"taxonomy":"category","embeddable":true,"href":"https:\/\/info.sadowne.pl\/index.php?rest_route=%2Fwp%2Fv2%2Fcategories&post=30449"},{"taxonomy":"post_tag","embeddable":true,"href":"https:\/\/info.sadowne.pl\/index.php?rest_route=%2Fwp%2Fv2%2Ftags&post=30449"}],"curies":[{"name":"wp","href":"https:\/\/api.w.org\/{rel}","templated":true}]}}