{"id":30457,"date":"2025-09-01T17:09:34","date_gmt":"2025-09-01T15:09:34","guid":{"rendered":"http:\/\/info.sadowne.pl\/?p=30457"},"modified":"2025-09-01T17:09:34","modified_gmt":"2025-09-01T15:09:34","slug":"czas-do-szkoly","status":"publish","type":"post","link":"https:\/\/info.sadowne.pl\/?p=30457","title":{"rendered":"Czas do szko\u0142y!"},"content":{"rendered":"<p><strong><a href=\"http:\/\/info.sadowne.pl\/wp-content\/uploads\/2025\/09\/2025.09.01.1.jpg\" target=\"_blank\" rel=\"noopener\"><img loading=\"lazy\" decoding=\"async\" class=\"alignleft wp-image-30459 size-thumbnail\" src=\"http:\/\/info.sadowne.pl\/wp-content\/uploads\/2025\/09\/2025.09.01.1-180x130.jpg\" alt=\"\" width=\"180\" height=\"130\" \/><\/a>1 wrze\u015bnia, bezpo\u015brednio po mszy \u015bw. w ko\u015bciele parafialnym, w Szkole Podstawowej w Sadownem odby\u0142a si\u0119 uroczysto\u015b\u0107 rozpocz\u0119cia nowego roku szkolnego.<\/strong><!--more--><\/p>\n<p><strong>W pierwszym dniu roku szkolnego 2025\/2026 uczniowie Szko\u0142y Podstawowej im. b\u0142. ks. Edwarda Grzyma\u0142y w Sadownem spotkali si\u0119 w Gminnej Hali Sportowej.<\/strong> Po wprowadzeniu sztandaru szko\u0142y, od\u015bpiewano hymn pa\u0144stwowy. Na pocz\u0105tku uroczysto\u015bci upami\u0119tniono r\u00f3wnie\u017c 86. rocznic\u0119 wybuchu II wojny \u015bwiatowej \u2013 harcerze ze 123. Dru\u017cyny Harcerskiej \u201eW\u0142\u00f3czykije\u201d w Sadownem z\u0142o\u017cyli kwiaty i zapalili znicze pod w miejscach upami\u0119tniaj\u0105cych poleg\u0142ych w trakcie ostatniej wojny mieszka\u0144c\u00f3w gminy Sadowne.<\/p>\n<p><strong>Przyby\u0142ych na uroczysto\u015b\u0107, a szczeg\u00f3lnie dzieci z oddzia\u0142\u00f3w przedszkolnych i uczni\u00f3w klas pierwszych, powita\u0142a p. Dyrektor Szko\u0142y Podstawowej Ma\u0142gorzata Koro\u015b, <\/strong>przekazuj\u0105c jednocze\u015bnie najwa\u017cniejsze informacje o planowanym przebiegu rozpoczynaj\u0105cego si\u0119 roku szkolnego, a tak\u017ce wprowadzonych zmianach.<\/p>\n<p><strong>Nauczycieli, uczni\u00f3w i ich rodzic\u00f3w powita\u0142 r\u00f3wnie\u017c obecny na uroczysto\u015bci W\u00f3jt Gminy Sadowne p. Waldemar Cyran. G\u0142os zabra\u0142 r\u00f3wnie\u017c przyby\u0142y na spotkanie ks. kanonik Antoni Kunicki.<\/strong><\/p>\n<p><strong>Troch\u0119 statystyki:<\/strong><\/p>\n<p>\u2013 w tym roku szkolnym do klas I-VIII Szko\u0142y Podstawowej w Sadownem b\u0119dzie ucz\u0119szcza\u0142o 325. uczni\u00f3w, a 38. dzieci b\u0119dzie wychowankami dw\u00f3ch oddzia\u0142\u00f3w przedszkolnych. B\u0119dzie uczy\u0107 ich 35. nauczycieli, kt\u00f3rzy wchodz\u0105 w sk\u0142ad Rady Pedagogicznej, a obs\u0142ug\u0105 plac\u00f3wki o\u015bwiatowej zajmie si\u0119 10. pracownik\u00f3w.<\/p>\n<p>\u2013 wychowawstwo \u2013 klasa\/wychowawca<\/p>\n<p>0A \u2013 Teresa Rostek<\/p>\n<p>0B \u2013 Ewa Go\u0142aszewska<\/p>\n<p>IA \u2013 Gra\u017cyna Bala<\/p>\n<p>IB \u2013 Ma\u0142gorzata Budek<\/p>\n<p>IIA \u2013 Katarzyna Sk\u00f3ra<\/p>\n<p>IIB \u2013 Paulina Tomasik<\/p>\n<p>IIIA \u2013 El\u017cbieta D\u0119bkowska &#8211; Akonom<\/p>\n<p>IIIB \u2013 Joanna Rosa<\/p>\n<p>IVA \u2013 Urszula Kasiak<\/p>\n<p>IVB \u2013 Arkadiusz Kotowski<\/p>\n<p>VA \u2013 Mariola Konik<\/p>\n<p>VB \u2013 Aneta Popowska &#8211; Filipiak<\/p>\n<p>VIA \u2013 Aldona Ga\u0142ecka<\/p>\n<p>VIB \u2013 Hanna Dymicka<\/p>\n<p>VIIA \u2013 S\u0142awomir Akonom<\/p>\n<p>VIIB \u2013 Izabela Wrzosek<\/p>\n<p>VIIIA \u2013 Dorota Ga\u0142\u0105zka<\/p>\n<p>VIIIB \u2013 Marta Kotowska<\/p>\n<p><strong>Na zako\u0144czenie uroczysto\u015bci<\/strong> p. Dyrektor \u017cyczy\u0142a wszystkim uczniom powodzenia i sukces\u00f3w, nauczycielom jak najmniej k\u0142opot\u00f3w i problem\u00f3w w nowym roku szkolnym, zdrowia i wielu powod\u00f3w do satysfakcji, pracownikom administracji i obs\u0142ugi \u2013 spokojnej oraz efektywnej pracy, a rodzicom \u2013 zadowolenia ze swoich dzieci, dobrej wsp\u00f3\u0142pracy ze szko\u0142\u0105, nauczycielami, wychowawcami oraz dyrekcj\u0105.<\/p>\n<p><strong>A ju\u017c na sam koniec<\/strong> \u2013 p. Koro\u015b, p. Cyran i ks. Kunicki uroczy\u015bcie og\u0142osili, \u017ce nowy rok szkolny uznaj\u0105 za otwarty i zaprosili wszystkich uczni\u00f3w do klas na pierwsze spotkanie z wychowawcami.<\/p>\n<p>Przy\u0142\u0105czam si\u0119 do tych s\u0142\u00f3w i \u017cycz\u0119 wszystkim powodzenia w rozpocz\u0119tym w\u0142a\u015bnie roku szkolnym 2025\/2026.<\/p>\n<p><span style=\"color: #0000ff;\"><a style=\"color: #0000ff;\" href=\"https:\/\/photos.app.goo.gl\/6tNAchCZSdgExf4A9\" target=\"_blank\" rel=\"noopener\"><strong>Zdj\u0119cia w galerii Google&gt;&gt;&gt;<\/strong><\/a><\/span><\/p>\n<p><strong>Tekst\/foto:<\/strong> S\u0142awek Chyli\u0144ski<\/p>\n","protected":false},"excerpt":{"rendered":"<p>1 wrze\u015bnia, bezpo\u015brednio po mszy \u015bw. w ko\u015bciele parafialnym, w Szkole Podstawowej w Sadownem odby\u0142a si\u0119 uroczysto\u015b\u0107 rozpocz\u0119cia nowego roku szkolnego.<\/p>\n","protected":false},"author":1,"featured_media":0,"comment_status":"closed","ping_status":"closed","sticky":false,"template":"","format":"standard","meta":{"footnotes":""},"categories":[5,1752,84],"tags":[3131,4295,16],"class_list":["post-30457","post","type-post","status-publish","format-standard","hentry","category-newsy","category-edukacja","category-szkola-podstawowa-im-cz-wycecha","tag-malgorzata-koros","tag-rozpoczecie-roku-szkolnego-2025-2026","tag-szkola-podstawowa-w-sadownem"],"views":1924,"_links":{"self":[{"href":"https:\/\/info.sadowne.pl\/index.php?rest_route=\/wp\/v2\/posts\/30457","targetHints":{"allow":["GET"]}}],"collection":[{"href":"https:\/\/info.sadowne.pl\/index.php?rest_route=\/wp\/v2\/posts"}],"about":[{"href":"https:\/\/info.sadowne.pl\/index.php?rest_route=\/wp\/v2\/types\/post"}],"author":[{"embeddable":true,"href":"https:\/\/info.sadowne.pl\/index.php?rest_route=\/wp\/v2\/users\/1"}],"replies":[{"embeddable":true,"href":"https:\/\/info.sadowne.pl\/index.php?rest_route=%2Fwp%2Fv2%2Fcomments&post=30457"}],"version-history":[{"count":1,"href":"https:\/\/info.sadowne.pl\/index.php?rest_route=\/wp\/v2\/posts\/30457\/revisions"}],"predecessor-version":[{"id":30460,"href":"https:\/\/info.sadowne.pl\/index.php?rest_route=\/wp\/v2\/posts\/30457\/revisions\/30460"}],"wp:attachment":[{"href":"https:\/\/info.sadowne.pl\/index.php?rest_route=%2Fwp%2Fv2%2Fmedia&parent=30457"}],"wp:term":[{"taxonomy":"category","embeddable":true,"href":"https:\/\/info.sadowne.pl\/index.php?rest_route=%2Fwp%2Fv2%2Fcategories&post=30457"},{"taxonomy":"post_tag","embeddable":true,"href":"https:\/\/info.sadowne.pl\/index.php?rest_route=%2Fwp%2Fv2%2Ftags&post=30457"}],"curies":[{"name":"wp","href":"https:\/\/api.w.org\/{rel}","templated":true}]}}