{"id":30479,"date":"2025-09-09T20:08:31","date_gmt":"2025-09-09T18:08:31","guid":{"rendered":"http:\/\/info.sadowne.pl\/?p=30479"},"modified":"2025-09-09T20:08:31","modified_gmt":"2025-09-09T18:08:31","slug":"zapraszamy-na-zajecia-teatralne","status":"publish","type":"post","link":"https:\/\/info.sadowne.pl\/?p=30479","title":{"rendered":"Zapraszamy na zaj\u0119cia teatralne!"},"content":{"rendered":"<p><strong><a href=\"http:\/\/info.sadowne.pl\/wp-content\/uploads\/2025\/09\/2025.09.09.6.jpg\"><img loading=\"lazy\" decoding=\"async\" class=\"alignleft size-thumbnail wp-image-30480\" src=\"http:\/\/info.sadowne.pl\/wp-content\/uploads\/2025\/09\/2025.09.09.6-180x130.jpg\" alt=\"\" width=\"180\" height=\"130\" \/><\/a>Z pocz\u0105tkiem pa\u017adziernika 2025 roku w Gminnym O\u015brodku Kultury w Sadownem b\u0119d\u0105 odbywa\u0107 si\u0119 zaj\u0119cia teatralne dla dzieci. <\/strong><!--more--><\/p>\n<p>S\u0105 to zaj\u0119cia, na kt\u00f3rych:<\/p>\n<p>\u25aa\ufe0fkszta\u0142tujemy umiej\u0119tno\u015b\u0107 pracy w grupie, wsp\u00f3\u0142pracy i wzajemnej pomocy,<\/p>\n<p>\u25aa\ufe0frozwijamy umiej\u0119tno\u015b\u0107 wyra\u017cania uczu\u0107,<\/p>\n<p>\u25aa\ufe0fbudujemy poczucie w\u0142asnej warto\u015bci i \u015bmia\u0142o\u015bci poprzez wyst\u0119p przed publiczno\u015bci\u0105,<\/p>\n<p>\u25aa\ufe0fpoznajemy podstawowe poj\u0119cia zwi\u0105zane z teatrem,<\/p>\n<p>\u25aa\ufe0frozwijamy umiej\u0119tno\u015bci odbioru sztuki,<\/p>\n<p>\u25aa\ufe0fprzygotowujemy przedstawienia i prezentujemy je.<\/p>\n<p style=\"text-align: center;\"><strong>Na zaj\u0119cia zapraszamy dzieci z klas I-VI. <\/strong><\/p>\n<p style=\"text-align: center;\"><strong>Koszt zaj\u0119\u0107: 20z\u0142\/60 min. <\/strong><\/p>\n<p style=\"text-align: center;\"><strong>Zaj\u0119cia prowadzi: Danuta Chyli\u0144ska.<\/strong><\/p>\n<p><strong>Regulamin i o\u015bwiadczenie na stronie: <\/strong><span style=\"color: #0000ff;\"><a style=\"color: #0000ff;\" href=\"https:\/\/gok.sadowne.pl\/strona-3485-zajecia_teatralne.html\" target=\"_blank\" rel=\"noopener\"><strong>https:\/\/gok.sadowne.pl\/strona-3485-zajecia_teatralne.html<\/strong><\/a><\/span><strong>\u00a0<\/strong><\/p>\n<p><strong>Troch\u0119 wspomnie\u0144 i podsumowa\u0144:<\/strong><\/p>\n<p>Najcz\u0119\u015bciej wszelkich podsumowa\u0144 dokonuje si\u0119, gdy mija jaka\u015b okr\u0105g\u0142a rocznica lub co\u015b si\u0119 ko\u0144czy, albo &#8211; tak, jak w tym przypadku &#8211; co\u015b si\u0119 zaczyna.<\/p>\n<p>W Gminnym O\u015brodku Kultury w Sadownem ju\u017c wcze\u015bniej by\u0142y prowadzone zaj\u0119cia teatralne &#8211; od 7 X 2016 r. i odbywa\u0142y si\u0119 przez prawie 4 lata. Pocz\u0105tkowo dzia\u0142ali\u015bmy pod nazw\u0105 Grupa Teatralna GOK-u w Sadownem. W pa\u017adzierniku 2018 r. zmienili\u015bmy nazw\u0119 na: Grupa Teatralna BAJ.<\/p>\n<p>W trakcie dzia\u0142alno\u015bci przygotowali\u015bmy wiele przedstawie\u0144, kt\u00f3re prezentowali\u015bmy rodzicom, babciom i dziadkom oraz lokalnej spo\u0142eczno\u015bci m.in. podczas obchod\u00f3w: Dnia Babci, Dnia Dziadka, Dnia Kobiet, Dnia Dziecka.<\/p>\n<p>Ponadto swoje przedstawienia prezentowali\u015bmy dwukrotnie w so\u0142ectwie Z\u0142otki i raz w so\u0142ectwie Oci\u0119te. Niestety, panuj\u0105ca pandemia uniemo\u017cliwi\u0142a nam dotarcie do innych so\u0142ectw. Go\u015bcili\u015bmy r\u00f3wnie\u017c w Centrum Opieku\u0144czo \u2013 Rehabilitacyjnym ITAMED w Sadolesiu. Mieli\u015bmy przyjemno\u015b\u0107 wsp\u00f3\u0142pracowa\u0107 z Sadowie\u0144skim Klubem Seniora, kt\u00f3rego cz\u0142onkowie byli naszymi wiernymi widzami.<\/p>\n<p>Najcz\u0119\u015bciej wyst\u0119powali\u015bmy w GOK-u, sali OSP w Sadownem i Gminnej Hali Sportowej. Zdarza\u0142o si\u0119, \u017ce wyst\u0119powali\u015bmy r\u00f3wnie\u017c pod tak zwan\u0105 \u201echmurk\u0105\u201d. Tak by\u0142o podczas Festynu Rodzinnego w 2019 roku oraz podczas rekonstrukcji wesela wiejskiego, gdzie wyst\u0119p odbywa\u0142 si\u0119 na \u0142\u0105ce i drodze w miejscowo\u015bci Oci\u0119te.<\/p>\n<p>Dwukrotnie wyst\u0119powali\u015bmy te\u017c podczas maraton\u00f3w siatkarskich, kt\u00f3rych celem by\u0142o pozyskanie funduszy na leczenie jednej z naszych aktorek.<\/p>\n<p>R\u00f3wnie\u017c dwukrotnie wzi\u0119li\u015bmy udzia\u0142 w p\u00f3\u0142fina\u0142ach Mazowieckiego Festiwalu Teatr\u00f3w Amatorskich w Miejskim i Gminnym O\u015brodku Kultury w \u0141ochowie &#8211; w 2018 r. zaj\u0119li\u015bmy II-gie miejsce, w 2019 r. I-sze, r\u00f3wnorz\u0119dne miejsce z Zespo\u0142em NEXT LEVEL z \u0141ochowa. 27 marca 2019 r. mieli\u015bmy przyjemno\u015b\u0107 wyst\u0119powa\u0107 w W\u0119growskim O\u015brodku Kultury, gdzie obchodzono Mi\u0119dzynarodowy Dzie\u0144 Teatru.<\/p>\n<p>Podczas cotygodniowych, pi\u0105tkowych zaj\u0119\u0107, opr\u00f3cz przygotowywania przedstawie\u0144, zg\u0142\u0119biali\u015bmy wiedz\u0119 na temat teatru, a gdy byli\u015bmy ju\u017c znu\u017ceni pr\u00f3bami, to schodzili\u015bmy do piwnicy GOK-u, gdzie w pracowni ceramicznej, pod czujnym okiem p. Basi, wykonywali\u015bmy gliniane obrazki \u2013 maski teatralne, znaczek Grupy. Jedne z zaj\u0119\u0107 po\u015bwi\u0119cili\u015bmy na nauk\u0119 wykonywania makija\u017cu scenicznego. Jednak najwi\u0119ksz\u0105 rado\u015b\u0107 sprawia\u0142a aktorom mo\u017cliwo\u015b\u0107 przymierzania kostium\u00f3w teatralnych, peruk\u2026<\/p>\n<p>Repertuar dostosowywano do widza w ka\u017cdym wieku. Najcz\u0119\u015bciej by\u0142y to \u015bmieszne scenki, kt\u00f3re zawiera\u0142y jakie\u015b przes\u0142anie. Niekt\u00f3re z przedstawie\u0144 zosta\u0142y specjalnie napisane przez opiekunk\u0119 Grupy. Na pro\u015bb\u0119 wsp\u00f3\u0142pracuj\u0105cej z Gminnym O\u015brodkiem Kultury Fundacji JAK PIES z KOTEM powsta\u0142y przedstawienia: \u201eNie czy\u0144 drugiemu, co tobie niemi\u0142e\u201d oraz \u201eDwa \u015bwiaty\u201d. Niekt\u00f3re z przedstawie\u0144 ulega\u0142y \u201eprzer\u00f3bkom\u201d, kt\u00f3rych pomagali dokona\u0107 uczestnicy zaj\u0119\u0107. Kostiumy, w kt\u00f3rych wyst\u0119powali aktorzy, oraz rekwizyty, wykorzystywane podczas wyst\u0119p\u00f3w, najcz\u0119\u015bciej pochodzi\u0142y ze zbior\u00f3w opiekunki Grupy.<\/p>\n<p>Dzia\u0142alno\u015b\u0107 grupy przerwa\u0142a pandemia. I co dalej???<\/p>\n<p>Dzisiaj mog\u0119 odpowiedzie\u0107 na to pytanie<strong> &#8211; <span style=\"color: #ff0000;\">WZNAWIAMY DZIA\u0141ALNO\u015a\u0106 Grupy Teatralnej BAJ! <\/span><\/strong><\/p>\n<p><strong>Opiekunka Grupy \u2013 Danuta Chyli\u0144ska<\/strong><strong>\u00a0<\/strong><\/p>\n<p><strong>Zapraszam do prze\u015bledzenia naszych dotychczasowych, historycznych ju\u017c poczyna\u0144:<\/strong><\/p>\n<ol>\n<li>Spotkanie organizacyjne \u2013 2016 \u2013\u00a0<span style=\"color: #0000ff;\"><a style=\"color: #0000ff;\" href=\"https:\/\/photos.app.goo.gl\/nSBRTdYEhpghLtUc9\" target=\"_blank\" rel=\"noopener\"><strong>https:\/\/photos.app.goo.gl\/nSBRTdYEhpghLtUc9<\/strong><\/a><\/span><\/li>\n<li>Pierwsze pr\u00f3by \u2013 2016 \u2013\u00a0<span style=\"color: #0000ff;\"><a style=\"color: #0000ff;\" href=\"https:\/\/photos.app.goo.gl\/nCoQTsfDJChJiJxt9\" target=\"_blank\" rel=\"noopener\"><strong>https:\/\/photos.app.goo.gl\/nCoQTsfDJChJiJxt9<\/strong><\/a><\/span><\/li>\n<li>Pierwszy wyst\u0119p (scenki: \u201eTeleludek\u201d, \u201eLustereczko\u201d, Babcie\u201d\u2019 \u201eKucharki\u201d) \u2013 2017 \u2013\u00a0<span style=\"color: #0000ff;\"><a style=\"color: #0000ff;\" href=\"https:\/\/photos.app.goo.gl\/rHUAxpYeghmDgEFv8\" target=\"_blank\" rel=\"noopener\"><strong>https:\/\/photos.app.goo.gl\/rHUAxpYeghmDgEFv8<\/strong><\/a><\/span><\/li>\n<li>Gminne obchody Dnia Kobiet \u2013 2017-\u00a0<span style=\"color: #0000ff;\"><a style=\"color: #0000ff;\" href=\"https:\/\/photos.app.goo.gl\/zCWKGfZaeahBeqwp8\" target=\"_blank\" rel=\"noopener\"><strong>https:\/\/photos.app.goo.gl\/zCWKGfZaeahBeqwp8<\/strong><\/a><\/span><\/li>\n<li>Festyn rodzinny \u2013 2017 \u2013\u00a0<span style=\"color: #0000ff;\"><a style=\"color: #0000ff;\" href=\"https:\/\/photos.app.goo.gl\/YT8s6m8WkSDhZj2j7\" target=\"_blank\" rel=\"noopener\"><strong>https:\/\/photos.app.goo.gl\/YT8s6m8WkSDhZj2j7<\/strong><\/a><\/span><\/li>\n<li>Wyst\u0119p w Centrum Opieku\u0144czo \u2013 Rehabilitacyjnym ITAMED w Sadolesiu \u2013 2017 \u2013\u00a0<span style=\"color: #0000ff;\"><a style=\"color: #0000ff;\" href=\"https:\/\/photos.app.goo.gl\/kQXyTRpYqNLy3Kgq7\" target=\"_blank\" rel=\"noopener\"><strong>https:\/\/photos.app.goo.gl\/kQXyTRpYqNLy3Kgq7<\/strong><\/a><\/span><\/li>\n<li>Ferie z teatrem \u2013 2017 \u2013\u00a0<span style=\"color: #0000ff;\"><a style=\"color: #0000ff;\" href=\"https:\/\/photos.app.goo.gl\/Qx45AdNLJyKJcFoTA\" target=\"_blank\" rel=\"noopener\"><strong>https:\/\/photos.app.goo.gl\/Qx45AdNLJyKJcFoTA<\/strong><\/a><\/span><\/li>\n<li>Wyst\u0119p w Z\u0142otkach \u2013 2017 \u2013\u00a0<span style=\"color: #0000ff;\"><a style=\"color: #0000ff;\" href=\"https:\/\/photos.app.goo.gl\/UxRDaS3Tb3z7YU926\" target=\"_blank\" rel=\"noopener\"><strong>https:\/\/photos.app.goo.gl\/UxRDaS3Tb3z7YU926<\/strong><\/a><\/span><\/li>\n<li>Maraton Siatkarski \u2013 2018 \u2013\u00a0<span style=\"color: #0000ff;\"><a style=\"color: #0000ff;\" href=\"https:\/\/photos.app.goo.gl\/1K6NeZrFUfa2KrSV9\" target=\"_blank\" rel=\"noopener\"><strong>https:\/\/photos.app.goo.gl\/1K6NeZrFUfa2KrSV9<\/strong><\/a><\/span><\/li>\n<li>Gminne obchody Dnia Kobiet \u2013 2018 \u2013\u00a0<span style=\"color: #0000ff;\"><a style=\"color: #0000ff;\" href=\"https:\/\/photos.app.goo.gl\/yujtrkkRfbTgJc5E9\" target=\"_blank\" rel=\"noopener\"><strong>https:\/\/photos.app.goo.gl\/yujtrkkRfbTgJc5E9<\/strong><\/a><\/span><\/li>\n<li>Premiera Przedstawienia \u201eMakabryczne igraszki\u201d \u2013 2018 \u2013\u00a0<span style=\"color: #0000ff;\"><a style=\"color: #0000ff;\" href=\"https:\/\/photos.app.goo.gl\/dqbFPnxE9kgvZ1hY7\" target=\"_blank\" rel=\"noopener\"><strong>https:\/\/photos.app.goo.gl\/dqbFPnxE9kgvZ1hY7<\/strong><\/a><\/span><\/li>\n<li>Festyn rodzinny \u2013 2018 \u2013\u00a0<span style=\"color: #0000ff;\"><a style=\"color: #0000ff;\" href=\"https:\/\/photos.app.goo.gl\/EZUNDqBzW36yww5i7\" target=\"_blank\" rel=\"noopener\"><strong>https:\/\/photos.app.goo.gl\/EZUNDqBzW36yww5i7<\/strong><\/a><\/span><\/li>\n<li>Przegl\u0105d teatr\u00f3w w \u0141ochowie \u2013 2018 \u2013\u00a0<span style=\"color: #0000ff;\"><a style=\"color: #0000ff;\" href=\"https:\/\/photos.app.goo.gl\/eki7eAwFoVXX9pk66\" target=\"_blank\" rel=\"noopener\"><strong>https:\/\/photos.app.goo.gl\/eki7eAwFoVXX9pk66<\/strong><\/a><\/span><\/li>\n<li>Wyst\u0119p w Z\u0142otkach \u2013 2018 \u2013\u00a0<span style=\"color: #0000ff;\"><a style=\"color: #0000ff;\" href=\"https:\/\/photos.app.goo.gl\/YH8VoJ6muBRnwhCc7\" target=\"_blank\" rel=\"noopener\"><strong>https:\/\/photos.app.goo.gl\/YH8VoJ6muBRnwhCc7<\/strong><\/a><\/span><\/li>\n<li>Fotobudka \u2013 2018 \u2013\u00a0<span style=\"color: #0000ff;\"><a style=\"color: #0000ff;\" href=\"https:\/\/photos.app.goo.gl\/nGpGjMhYXeHHNbzy5\" target=\"_blank\" rel=\"noopener\"><strong>https:\/\/photos.app.goo.gl\/nGpGjMhYXeHHNbzy5<\/strong><\/a><\/span><\/li>\n<li>Wyst\u0119p w Oci\u0119tem \u2013 2019 \u2013\u00a0<span style=\"color: #0000ff;\"><a style=\"color: #0000ff;\" href=\"https:\/\/photos.app.goo.gl\/PgsM1rTDRBUnfjWx7\" target=\"_blank\" rel=\"noopener\"><strong>https:\/\/photos.app.goo.gl\/PgsM1rTDRBUnfjWx7<\/strong><\/a><\/span><\/li>\n<li>Gminne obchody Dnia Kobiet \u2013 2019 \u2013\u00a0<span style=\"color: #0000ff;\"><a style=\"color: #0000ff;\" href=\"https:\/\/photos.app.goo.gl\/h1UEGMSAoqBW4WqS8\" target=\"_blank\" rel=\"noopener\"><strong>https:\/\/photos.app.goo.gl\/h1UEGMSAoqBW4WqS8<\/strong><\/a><\/span><\/li>\n<li>Przegl\u0105d teatr\u00f3w w \u0141ochowie \u2013 2019 \u2013\u00a0<span style=\"color: #0000ff;\"><a style=\"color: #0000ff;\" href=\"https:\/\/photos.app.goo.gl\/P949MF4RVWeeQVPz7\" target=\"_blank\" rel=\"noopener\"><strong>https:\/\/photos.app.goo.gl\/P949MF4RVWeeQVPz7<\/strong><\/a><\/span><\/li>\n<li>Turniej siatkarski \u2013 2019 \u2013\u00a0<span style=\"color: #0000ff;\"><a style=\"color: #0000ff;\" href=\"https:\/\/photos.app.goo.gl\/2cFpum161SPVaAUd6\" target=\"_blank\" rel=\"noopener\"><strong>https:\/\/photos.app.goo.gl\/2cFpum161SPVaAUd6<\/strong><\/a><\/span><\/li>\n<li>Festyn rodzinny \u2013 2019 \u2013\u00a0<span style=\"color: #0000ff;\"><a style=\"color: #0000ff;\" href=\"https:\/\/photos.app.goo.gl\/S4g2f5PVMPwkhhZ46\" target=\"_blank\" rel=\"noopener\"><strong>https:\/\/photos.app.goo.gl\/S4g2f5PVMPwkhhZ46<\/strong><\/a><\/span><\/li>\n<li>Brama weselna w Oci\u0119tem \u2013 2019 \u2013\u00a0<span style=\"color: #0000ff;\"><a style=\"color: #0000ff;\" href=\"https:\/\/photos.app.goo.gl\/XCzNRVa1imfCiCmW7\" target=\"_blank\" rel=\"noopener\"><strong>https:\/\/photos.app.goo.gl\/XCzNRVa1imfCiCmW7<\/strong><\/a><\/span><\/li>\n<li>Pr\u00f3by \u2013 2019 \u2013\u00a0<span style=\"color: #0000ff;\"><a style=\"color: #0000ff;\" href=\"https:\/\/photos.app.goo.gl\/5R6UPYYKi5Ya6jBB7\" target=\"_blank\" rel=\"noopener\"><strong>https:\/\/photos.app.goo.gl\/5R6UPYYKi5Ya6jBB7<\/strong><\/a><\/span><\/li>\n<li>Makija\u017c teatralny \u2013 2019 \u2013\u00a0<span style=\"color: #0000ff;\"><a style=\"color: #0000ff;\" href=\"https:\/\/photos.app.goo.gl\/AzkFvF1Bi2RyCWxY8\" target=\"_blank\" rel=\"noopener\"><strong>https:\/\/photos.app.goo.gl\/AzkFvF1Bi2RyCWxY8<\/strong><\/a><\/span><\/li>\n<li>Gminne obchody Dnia Kobiet \u2013 2020 \u2013\u00a0<span style=\"color: #0000ff;\"><a style=\"color: #0000ff;\" href=\"https:\/\/photos.app.goo.gl\/N9gLG4kNN6VxKKrc8\" target=\"_blank\" rel=\"noopener\"><strong>https:\/\/photos.app.goo.gl\/N9gLG4kNN6VxKKrc8<\/strong><\/a><\/span><\/li>\n<li>Zaj\u0119cia ceramiczne \u2013 2018, 2020 \u2013\u00a0<span style=\"color: #0000ff;\"><a style=\"color: #0000ff;\" href=\"https:\/\/photos.app.goo.gl\/WXKDdSDriaaiLLiM6\" target=\"_blank\" rel=\"noopener\"><strong>https:\/\/photos.app.goo.gl\/WXKDdSDriaaiLLiM6<\/strong><\/a><\/span><\/li>\n<\/ol>\n<p><a href=\"http:\/\/info.sadowne.pl\/wp-content\/uploads\/2025\/09\/2025.09.09.6.jpg\"><img loading=\"lazy\" decoding=\"async\" class=\"aligncenter size-full wp-image-30480\" src=\"http:\/\/info.sadowne.pl\/wp-content\/uploads\/2025\/09\/2025.09.09.6.jpg\" alt=\"\" width=\"608\" height=\"860\" srcset=\"https:\/\/info.sadowne.pl\/wp-content\/uploads\/2025\/09\/2025.09.09.6.jpg 608w, https:\/\/info.sadowne.pl\/wp-content\/uploads\/2025\/09\/2025.09.09.6-212x300.jpg 212w\" sizes=\"auto, (max-width: 608px) 100vw, 608px\" \/><\/a><\/p>\n<p>&nbsp;<\/p>\n","protected":false},"excerpt":{"rendered":"<p>Z pocz\u0105tkiem pa\u017adziernika 2025 roku w Gminnym O\u015brodku Kultury w Sadownem b\u0119d\u0105 odbywa\u0107 si\u0119 zaj\u0119cia teatralne dla dzieci.<\/p>\n","protected":false},"author":1,"featured_media":0,"comment_status":"closed","ping_status":"closed","sticky":false,"template":"","format":"standard","meta":{"footnotes":""},"categories":[5,91,6],"tags":[1706,169,2932,370],"class_list":["post-30479","post","type-post","status-publish","format-standard","hentry","category-newsy","category-gminny-osrodek-kultury","category-kultura-rozrywka-edukacja","tag-danuta-chylinska","tag-gminny-osrodek-kultury-w-sadownem","tag-zajecia-teatralne","tag-zajecia-w-gok-sadowne"],"views":1744,"_links":{"self":[{"href":"https:\/\/info.sadowne.pl\/index.php?rest_route=\/wp\/v2\/posts\/30479","targetHints":{"allow":["GET"]}}],"collection":[{"href":"https:\/\/info.sadowne.pl\/index.php?rest_route=\/wp\/v2\/posts"}],"about":[{"href":"https:\/\/info.sadowne.pl\/index.php?rest_route=\/wp\/v2\/types\/post"}],"author":[{"embeddable":true,"href":"https:\/\/info.sadowne.pl\/index.php?rest_route=\/wp\/v2\/users\/1"}],"replies":[{"embeddable":true,"href":"https:\/\/info.sadowne.pl\/index.php?rest_route=%2Fwp%2Fv2%2Fcomments&post=30479"}],"version-history":[{"count":2,"href":"https:\/\/info.sadowne.pl\/index.php?rest_route=\/wp\/v2\/posts\/30479\/revisions"}],"predecessor-version":[{"id":30482,"href":"https:\/\/info.sadowne.pl\/index.php?rest_route=\/wp\/v2\/posts\/30479\/revisions\/30482"}],"wp:attachment":[{"href":"https:\/\/info.sadowne.pl\/index.php?rest_route=%2Fwp%2Fv2%2Fmedia&parent=30479"}],"wp:term":[{"taxonomy":"category","embeddable":true,"href":"https:\/\/info.sadowne.pl\/index.php?rest_route=%2Fwp%2Fv2%2Fcategories&post=30479"},{"taxonomy":"post_tag","embeddable":true,"href":"https:\/\/info.sadowne.pl\/index.php?rest_route=%2Fwp%2Fv2%2Ftags&post=30479"}],"curies":[{"name":"wp","href":"https:\/\/api.w.org\/{rel}","templated":true}]}}