{"id":30483,"date":"2025-09-11T16:02:03","date_gmt":"2025-09-11T14:02:03","guid":{"rendered":"https:\/\/info.sadowne.pl\/?p=30483"},"modified":"2025-09-11T16:02:03","modified_gmt":"2025-09-11T14:02:03","slug":"wreszcie-mamy-powiatowa-akuszerke","status":"publish","type":"post","link":"https:\/\/info.sadowne.pl\/?p=30483","title":{"rendered":"Wreszcie mamy powiatow\u0105 akuszerk\u0119,"},"content":{"rendered":"<p><strong><a href=\"http:\/\/info.sadowne.pl\/wp-content\/uploads\/2025\/09\/Brok244.jpg\" target=\"_blank\" rel=\"noopener\"><img loading=\"lazy\" decoding=\"async\" class=\"alignleft wp-image-30484 size-thumbnail\" src=\"http:\/\/info.sadowne.pl\/wp-content\/uploads\/2025\/09\/Brok244-180x130.jpg\" alt=\"\" width=\"180\" height=\"130\" \/><\/a>\u2026car ponownie zaszczyci\u0142 nas odwiedzinami, nowe fakty o sterdy\u0144skim szpitalu.<\/strong><!--more--><\/p>\n<p>Ju\u017c w roku 1836 utworzono stanowisko akuszerki w ostrowskim powiecie. Jedna akuszerka na ca\u0142y powiat to rzecz jasna kropla w morzu potrzeb, wi\u0119c porody nadal przyjmowa\u0142y mniej i bardziej bieg\u0142e tej w sztuce wiejskie babki. Akuszerki nigdy nie by\u0142y doceniane i p\u0142acono im niewiele, o czym \u015bwiadczy los ostrowskiej po\u0142o\u017cnej, kt\u00f3r\u0105 od \u015bmierci w kompletnej n\u0119dzy i zapomnieniu uratowa\u0142a Aniela Harusewicz.<\/p>\n<p>Przed miesi\u0105cem zamie\u015bcili\u015bmy materia\u0142y prasowe o wizycie w naszym regionie w roku 1897 cara Miko\u0142aja II. Naszym przodkom przysz\u0142o czeka\u0107 a\u017c 15 lat na kolejny taki zaszczyt.<\/p>\n<p>Doniesienia prasowe o wyj\u0105tkowej plac\u00f3wce, jak\u0105 by\u0142 sterdy\u0144ski szpital, publikowali\u015bmy ju\u017c wielokrotnie. Prawie bez wyj\u0105tku by\u0142y to relacje spisane jeszcze w czasach carskich. Po odzyskaniu przez kraj niepodleg\u0142o\u015bci dr Adam Jarosi\u0144ski ujawnia nieznane dot\u0105d fakty.<\/p>\n<p><strong>Wi\u0119cej na stronie <span style=\"color: #0000ff;\"><a style=\"color: #0000ff;\" href=\"https:\/\/madzelan.cba.pl\/wreszcie-mamy-powiatowa-akuszerke-car-ponownie-zaszczycil-nas-odwiedzinami-nowe-fakty-o-sterdynskim-szpitalu\/\" target=\"_blank\" rel=\"noopener\">https:\/\/madzelan.cba.pl\/wreszcie-mamy-powiatowa-akuszerke-car-ponownie-zaszczycil-nas-odwiedzinami-nowe-fakty-o-sterdynskim-szpitalu\/<\/a><\/span><\/strong><\/p>\n","protected":false},"excerpt":{"rendered":"<p>\u2026car ponownie zaszczyci\u0142 nas odwiedzinami, nowe fakty o sterdy\u0144skim szpitalu.<\/p>\n","protected":false},"author":1,"featured_media":0,"comment_status":"closed","ping_status":"closed","sticky":false,"template":"","format":"standard","meta":{"footnotes":""},"categories":[5,3436,31],"tags":[3004,2956],"class_list":["post-30483","post","type-post","status-publish","format-standard","hentry","category-newsy","category-opowiesci-historie-legendy-brokowskie-i-nie-tylko","category-historia-gminy","tag-jerzy-madzelan","tag-opowiesci-historie-legendy-brokowskie-i-nie-tylko"],"views":1915,"_links":{"self":[{"href":"https:\/\/info.sadowne.pl\/index.php?rest_route=\/wp\/v2\/posts\/30483","targetHints":{"allow":["GET"]}}],"collection":[{"href":"https:\/\/info.sadowne.pl\/index.php?rest_route=\/wp\/v2\/posts"}],"about":[{"href":"https:\/\/info.sadowne.pl\/index.php?rest_route=\/wp\/v2\/types\/post"}],"author":[{"embeddable":true,"href":"https:\/\/info.sadowne.pl\/index.php?rest_route=\/wp\/v2\/users\/1"}],"replies":[{"embeddable":true,"href":"https:\/\/info.sadowne.pl\/index.php?rest_route=%2Fwp%2Fv2%2Fcomments&post=30483"}],"version-history":[{"count":1,"href":"https:\/\/info.sadowne.pl\/index.php?rest_route=\/wp\/v2\/posts\/30483\/revisions"}],"predecessor-version":[{"id":30485,"href":"https:\/\/info.sadowne.pl\/index.php?rest_route=\/wp\/v2\/posts\/30483\/revisions\/30485"}],"wp:attachment":[{"href":"https:\/\/info.sadowne.pl\/index.php?rest_route=%2Fwp%2Fv2%2Fmedia&parent=30483"}],"wp:term":[{"taxonomy":"category","embeddable":true,"href":"https:\/\/info.sadowne.pl\/index.php?rest_route=%2Fwp%2Fv2%2Fcategories&post=30483"},{"taxonomy":"post_tag","embeddable":true,"href":"https:\/\/info.sadowne.pl\/index.php?rest_route=%2Fwp%2Fv2%2Ftags&post=30483"}],"curies":[{"name":"wp","href":"https:\/\/api.w.org\/{rel}","templated":true}]}}