{"id":30490,"date":"2025-09-13T16:41:31","date_gmt":"2025-09-13T14:41:31","guid":{"rendered":"http:\/\/info.sadowne.pl\/?p=30490"},"modified":"2025-09-13T16:41:31","modified_gmt":"2025-09-13T14:41:31","slug":"z-historii-sadowianki-festiwal-poloneza","status":"publish","type":"post","link":"https:\/\/info.sadowne.pl\/?p=30490","title":{"rendered":"Z historii \u2013 Sadowianki \u2013 Festiwal Poloneza"},"content":{"rendered":"<p><strong><a href=\"http:\/\/info.sadowne.pl\/wp-content\/uploads\/2025\/09\/sad1274.jpg\"><img loading=\"lazy\" decoding=\"async\" class=\"alignleft size-thumbnail wp-image-30493\" src=\"http:\/\/info.sadowne.pl\/wp-content\/uploads\/2025\/09\/sad1274-180x130.jpg\" alt=\"\" width=\"180\" height=\"130\" \/><\/a>SADOWNE &#8211; 25 czerwca 2023 roku.<\/strong><!--more--><\/p>\n<p><a href=\"http:\/\/info.sadowne.pl\/wp-content\/uploads\/2025\/09\/sad1272.jpg\"><img loading=\"lazy\" decoding=\"async\" class=\"aligncenter wp-image-30491 size-full\" src=\"http:\/\/info.sadowne.pl\/wp-content\/uploads\/2025\/09\/sad1272.jpg\" alt=\"\" width=\"495\" height=\"67\" srcset=\"https:\/\/info.sadowne.pl\/wp-content\/uploads\/2025\/09\/sad1272.jpg 495w, https:\/\/info.sadowne.pl\/wp-content\/uploads\/2025\/09\/sad1272-300x41.jpg 300w\" sizes=\"auto, (max-width: 495px) 100vw, 495px\" \/><\/a><\/p>\n<p style=\"text-align: center;\"><strong>W SADOWNEM<\/strong><\/p>\n<p style=\"text-align: center;\"><a href=\"http:\/\/info.sadowne.pl\/wp-content\/uploads\/2025\/09\/sad1273.jpg\"><img loading=\"lazy\" decoding=\"async\" class=\"aligncenter wp-image-30492 size-full\" src=\"http:\/\/info.sadowne.pl\/wp-content\/uploads\/2025\/09\/sad1273.jpg\" alt=\"\" width=\"247\" height=\"339\" srcset=\"https:\/\/info.sadowne.pl\/wp-content\/uploads\/2025\/09\/sad1273.jpg 247w, https:\/\/info.sadowne.pl\/wp-content\/uploads\/2025\/09\/sad1273-219x300.jpg 219w\" sizes=\"auto, (max-width: 247px) 100vw, 247px\" \/><\/a><\/p>\n<p style=\"text-align: center;\"><strong>Maria Jolanta Czerwi\u0144ska<\/strong><\/p>\n<p>Moj\u0105 misj\u0105 jest promocja POLSKIEJ KULTURY i naszego historycznego dziedzictwa narodowego.<\/p>\n<p>W 1988 za\u0142o\u017cy\u0142am Zesp\u00f3\u0142 <a href=\"https:\/\/www.facebook.com\/chorea.antiqua?__cft__%5b0%5d=AZW8hJ_G_BlIX6iPWgSVIuTdsAacohTFKEHyOsKcPPw8_SjaFmZq4Z1rY-D3Ig--ZRAQurxaL5H4H71T3XtAoo7riQwy5ZnFATkaEW7nT1dyRX12T124q2JerdrMjX9_i4nwxYHAPKKYj33pbfHEjNoynXX3koAxrHHqRaB4XkO5WBI-21TiiDwnXEHnkycmNCysn5AK34Nddl0fUhctwbpX&amp;__tn__=-%5dK-R\">CHOREA ANTIQUA &#8211; Zesp\u00f3\u0142 Ta\u0144ca Historycznego<\/a> (cz\u0119\u015b\u0107 Zespo\u0142u to wolontariusze Fundacji CZE-NE-KA, bior\u0105cy udzia\u0142 w zaj\u0119ciach z dogoterapii i r\u00f3wnocze\u015bnie prowadz\u0105cy atrakcyjne zaj\u0119cia taneczne dla dzieci w oparciu o ta\u0144ce historyczne), kt\u00f3ry prowadz\u0119 do dzi\u015b.<\/p>\n<p>Od 2015 roku organizuj\u0119 <a href=\"https:\/\/www.facebook.com\/profile.php?id=100069862945902&amp;__cft__%5b0%5d=AZW8hJ_G_BlIX6iPWgSVIuTdsAacohTFKEHyOsKcPPw8_SjaFmZq4Z1rY-D3Ig--ZRAQurxaL5H4H71T3XtAoo7riQwy5ZnFATkaEW7nT1dyRX12T124q2JerdrMjX9_i4nwxYHAPKKYj33pbfHEjNoynXX3koAxrHHqRaB4XkO5WBI-21TiiDwnXEHnkycmNCysn5AK34Nddl0fUhctwbpX&amp;__tn__=-%5dK-R\">Mi\u0119dzynarodowy FESTIWAL POLONEZA w Polsce<\/a><\/p>\n<p>Nagrody i odznaczenia :<\/p>\n<p>&#8211; 2000 r. &#8211; Kawaler Orderu U\u015bmiechu (leg. nr 589)<\/p>\n<p>&#8211; 2001 r. &#8211; statuetka \u201eZwyczajni \u2013 Niezwyczajni\u201d nagroda Pr. I TVP<\/p>\n<p>&#8211; 2001 r. &#8211; odznaka \u201ePrzyjaciel Dziecka\u201d nadana przez Towarzystwo Przyjaci\u00f3\u0142 Dzieci. (leg. nr 3362)<\/p>\n<p>&#8211; 2003 r. &#8211; odznaczona przez Ministra Kultury odznak\u0105 \u2013 Zas\u0142u\u017cony Dzia\u0142acz Kultury (leg. nr 721)<\/p>\n<p>&#8211; 2004 r. \u2013 medal im. Dr Henryka Jordana nadany przez Towarzystwo Przyjaci\u00f3\u0142 Dzieci. (leg. nr 5466) za zas\u0142ugi dla rozwoju opieki zdrowotnej: upowszechniania kultury fizycznej w\u015br\u00f3d dzieci i m\u0142odzie\u017cy<\/p>\n<p>&#8211; 2010 r., 2014r. i 2017r. \u2013 tytu\u0142 oraz statuetka \u201eBiela\u0144skiego Wolontariusza Roku&#8221; przyznane przez Burmistrza Dzielnicy Bielany Miasta st. Warszawy w oparciu o decyzj\u0119 Kapitu\u0142y Nagrody Biela\u0144skiego Wolontariusza.<\/p>\n<h4 style=\"text-align: center;\"><em><strong>MAMY TO !!!<\/strong><\/em><\/h4>\n<h4 style=\"text-align: center;\"><em><span style=\"color: #008080;\"><strong>POLONEZ<\/strong><\/span><span style=\"color: #ff0000;\"><strong> wpisany na list<\/strong><strong>\u0119<\/strong><strong> Niematerialnego Dziedzictwa Kulturowego Ludzko<\/strong><strong>\u015b<\/strong><strong>ci\u00a0 <\/strong><strong>UNESCO!<\/strong><\/span><\/em><\/h4>\n<h4 style=\"text-align: center;\"><span style=\"color: #ff0000;\"><em><strong>Nast<\/strong><strong>\u0105<\/strong><strong>pi<\/strong><strong>\u0142<\/strong><strong>o to 5.12.2023 r. po godz. 19 (czasu Polskiego) podczas 18 sesji Komitetu Mi<\/strong><strong>\u0119<\/strong><strong>dzyrz<\/strong><strong>\u0105<\/strong><strong>dowego ds. Ochrony Niematerialnego Dziedzictwa, kt\u00f3ra odbywa si<\/strong><strong>\u0119 <\/strong><strong>w Kasane w Botswanie.<\/strong><\/em><\/span><\/h4>\n<h4 style=\"text-align: center;\"><em><span style=\"color: #ff0000;\"><strong>Po latach promowania Poloneza spe<\/strong><strong>\u0142<\/strong><strong>ni<\/strong><strong>\u0142<\/strong><strong>o si<\/strong><strong>\u0119<\/strong><strong> moje marzenie <\/strong><\/span><strong>\/Maria Jolanta Czerwi<\/strong><strong>\u0144<\/strong><strong>ska\/<\/strong><\/em><\/h4>\n<p>Ju\u017c po raz trzeci go\u015bcili\u015bmy w Sadownem uczestnik\u00f3w <strong>Mi\u0119dzynarodowego Festiwalu Poloneza. <\/strong>Tegoroczny, IX Festiwal Poloneza odbywa\u0142 si\u0119 w dniach 17 \u2013 25 czerwca 2023 roku na terenie Warszawy, natomiast koncert fina\u0142owy organizatorzy \u00a0przenie\u015bli do Sadownego.<\/p>\n<p><a href=\"http:\/\/info.sadowne.pl\/wp-content\/uploads\/2025\/09\/sad1274.jpg\"><img loading=\"lazy\" decoding=\"async\" class=\"aligncenter size-full wp-image-30493\" src=\"http:\/\/info.sadowne.pl\/wp-content\/uploads\/2025\/09\/sad1274.jpg\" alt=\"\" width=\"607\" height=\"315\" srcset=\"https:\/\/info.sadowne.pl\/wp-content\/uploads\/2025\/09\/sad1274.jpg 607w, https:\/\/info.sadowne.pl\/wp-content\/uploads\/2025\/09\/sad1274-300x156.jpg 300w\" sizes=\"auto, (max-width: 607px) 100vw, 607px\" \/><\/a><\/p>\n<p style=\"text-align: center;\">Po po\u0142udniowej mszy \u015bw. w miejscowym ko\u015bciele parafialnym korow\u00f3d uczestnik\u00f3w Festiwalu przemaszerowa\u0142 ulicami Sadownego do Gminnej Hali Sportowej<\/p>\n<p><a href=\"http:\/\/info.sadowne.pl\/wp-content\/uploads\/2025\/09\/sad1275.jpg\"><img loading=\"lazy\" decoding=\"async\" class=\"aligncenter size-full wp-image-30494\" src=\"http:\/\/info.sadowne.pl\/wp-content\/uploads\/2025\/09\/sad1275.jpg\" alt=\"\" width=\"609\" height=\"386\" srcset=\"https:\/\/info.sadowne.pl\/wp-content\/uploads\/2025\/09\/sad1275.jpg 609w, https:\/\/info.sadowne.pl\/wp-content\/uploads\/2025\/09\/sad1275-300x190.jpg 300w\" sizes=\"auto, (max-width: 609px) 100vw, 609px\" \/><\/a><\/p>\n<p style=\"text-align: center;\">Przemarsz wszystkich zespo\u0142\u00f3w ulic\u0105 Ko\u015bciuszki<\/p>\n<p><a href=\"http:\/\/info.sadowne.pl\/wp-content\/uploads\/2025\/09\/sad1276.jpg\"><img loading=\"lazy\" decoding=\"async\" class=\"aligncenter size-full wp-image-30495\" src=\"http:\/\/info.sadowne.pl\/wp-content\/uploads\/2025\/09\/sad1276.jpg\" alt=\"\" width=\"603\" height=\"318\" srcset=\"https:\/\/info.sadowne.pl\/wp-content\/uploads\/2025\/09\/sad1276.jpg 603w, https:\/\/info.sadowne.pl\/wp-content\/uploads\/2025\/09\/sad1276-300x158.jpg 300w\" sizes=\"auto, (max-width: 603px) 100vw, 603px\" \/><\/a><\/p>\n<p style=\"text-align: center;\">W czasie przemarszu Sadowianki przy akompaniamencie Andrzeja Oltona \u015bpiewa\u0142y piosenki przygotowane na t\u0119 okoliczno\u015b\u0107<\/p>\n<p style=\"text-align: center;\"><strong>1. Jad\u0105 go\u015bcie, jad\u0105 <span style=\"color: #ff0000;\">e-moll<\/span><\/strong><\/p>\n<p style=\"text-align: center;\"><strong>2. Chodzi\u0142a po polu <span style=\"color: #ff0000;\">C-dur<\/span><\/strong><\/p>\n<p style=\"text-align: center;\"><strong>3. Hej, Sadowne przecudowne <span style=\"color: #ff0000;\">a-moll<\/span><\/strong><\/p>\n<p style=\"text-align: center;\"><strong>4. Zaszumia\u0142y g\u00f3ry <span style=\"color: #ff0000;\">d-moll<\/span><\/strong><\/p>\n<p style=\"text-align: center;\"><strong>5. Sadowie\u0144ska ballada <span style=\"color: #ff0000;\">G-dur<\/span><\/strong><\/p>\n<p style=\"text-align: center;\"><a href=\"http:\/\/info.sadowne.pl\/wp-content\/uploads\/2025\/09\/sad1277.jpg\"><img loading=\"lazy\" decoding=\"async\" class=\"aligncenter size-full wp-image-30496\" src=\"http:\/\/info.sadowne.pl\/wp-content\/uploads\/2025\/09\/sad1277.jpg\" alt=\"\" width=\"602\" height=\"356\" srcset=\"https:\/\/info.sadowne.pl\/wp-content\/uploads\/2025\/09\/sad1277.jpg 602w, https:\/\/info.sadowne.pl\/wp-content\/uploads\/2025\/09\/sad1277-300x177.jpg 300w\" sizes=\"auto, (max-width: 602px) 100vw, 602px\" \/><\/a><\/p>\n<p style=\"text-align: center;\">Korow\u00f3d na placu parkingowym przy hali sportowej w Sadownem<\/p>\n<p>W hali sportowej w Sadownem rozpocz\u0119\u0142a si\u0119 <strong>Gala Fina\u0142owa<\/strong>, kt\u00f3r\u0105 poprowadzili: p. Pawe\u0142 \u015awi\u0119torecki i p. Miros\u0142aw Perzy\u0144ski.<\/p>\n<p><a href=\"http:\/\/info.sadowne.pl\/wp-content\/uploads\/2025\/09\/sad1278.jpg\"><img loading=\"lazy\" decoding=\"async\" class=\"aligncenter size-full wp-image-30497\" src=\"http:\/\/info.sadowne.pl\/wp-content\/uploads\/2025\/09\/sad1278.jpg\" alt=\"\" width=\"602\" height=\"332\" srcset=\"https:\/\/info.sadowne.pl\/wp-content\/uploads\/2025\/09\/sad1278.jpg 602w, https:\/\/info.sadowne.pl\/wp-content\/uploads\/2025\/09\/sad1278-300x165.jpg 300w\" sizes=\"auto, (max-width: 602px) 100vw, 602px\" \/><\/a><\/p>\n<p style=\"text-align: center;\"><strong>Tomasz Szymanik<\/strong> \u2013 Przewodnicz\u0105cy Rady Gminy Sadowne<\/p>\n<p style=\"text-align: center;\"><strong>Ma\u0142gorzata Zy\u015bk<\/strong> \u2013 Radna Powiatu W\u0119growskiego<\/p>\n<p style=\"text-align: center;\"><strong>El\u017cbieta Lanc<\/strong> \u2013 Cz\u0142onek Zarz\u0105du Wojew\u00f3dztwa Mazowieckiego<\/p>\n<p style=\"text-align: center;\"><strong>Waldemar Cyran<\/strong> \u2013 W\u00f3jt Gminy Sadowne<\/p>\n<p><a href=\"http:\/\/info.sadowne.pl\/wp-content\/uploads\/2025\/09\/sad1279.jpg\"><img loading=\"lazy\" decoding=\"async\" class=\"aligncenter size-full wp-image-30498\" src=\"http:\/\/info.sadowne.pl\/wp-content\/uploads\/2025\/09\/sad1279.jpg\" alt=\"\" width=\"422\" height=\"256\" srcset=\"https:\/\/info.sadowne.pl\/wp-content\/uploads\/2025\/09\/sad1279.jpg 422w, https:\/\/info.sadowne.pl\/wp-content\/uploads\/2025\/09\/sad1279-300x182.jpg 300w\" sizes=\"auto, (max-width: 422px) 100vw, 422px\" \/><\/a><\/p>\n<p>W koncercie wzi\u0119li udzia\u0142: Zesp\u00f3\u0142 Ta\u0144ca Historycznego CHOREA ANTIQUA (wsp\u00f3\u0142organizatorzy Festiwalu), p. Bo\u017cena Sitek \u2013 pianistka, <strong>Zesp\u00f3\u0142 \u015apiewaczy SADOWIANKI<\/strong>, p. Jerzy Solik \u2013 gitarzysta, p. Kateryna Kornitska \u2013 bandurzystka, TAKT Zesp\u00f3\u0142 Taneczny z ZSOiZ w Ciechanowcu, Zesp\u00f3\u0142 Ta\u0144ca Ludowego ORKAN z ZSP Sadowne.<\/p>\n<p style=\"text-align: center;\">Ka\u017cdy z zespo\u0142\u00f3w prezentowa\u0142 si\u0119 na scenie w swoim uk\u0142adzie tanecznym Poloneza.<\/p>\n<p><a href=\"http:\/\/info.sadowne.pl\/wp-content\/uploads\/2025\/09\/sad1280.jpg\"><img loading=\"lazy\" decoding=\"async\" class=\"aligncenter size-full wp-image-30499\" src=\"http:\/\/info.sadowne.pl\/wp-content\/uploads\/2025\/09\/sad1280.jpg\" alt=\"\" width=\"399\" height=\"250\" srcset=\"https:\/\/info.sadowne.pl\/wp-content\/uploads\/2025\/09\/sad1280.jpg 399w, https:\/\/info.sadowne.pl\/wp-content\/uploads\/2025\/09\/sad1280-300x188.jpg 300w\" sizes=\"auto, (max-width: 399px) 100vw, 399px\" \/><\/a><\/p>\n<p><strong> <a href=\"http:\/\/info.sadowne.pl\/wp-content\/uploads\/2025\/09\/sad1281.jpg\"><img loading=\"lazy\" decoding=\"async\" class=\"aligncenter size-full wp-image-30500\" src=\"http:\/\/info.sadowne.pl\/wp-content\/uploads\/2025\/09\/sad1281.jpg\" alt=\"\" width=\"418\" height=\"250\" srcset=\"https:\/\/info.sadowne.pl\/wp-content\/uploads\/2025\/09\/sad1281.jpg 418w, https:\/\/info.sadowne.pl\/wp-content\/uploads\/2025\/09\/sad1281-300x179.jpg 300w\" sizes=\"auto, (max-width: 418px) 100vw, 418px\" \/><\/a><\/strong><\/p>\n<p><strong> <a href=\"http:\/\/info.sadowne.pl\/wp-content\/uploads\/2025\/09\/sad1282.jpg\"><img loading=\"lazy\" decoding=\"async\" class=\"aligncenter size-full wp-image-30501\" src=\"http:\/\/info.sadowne.pl\/wp-content\/uploads\/2025\/09\/sad1282.jpg\" alt=\"\" width=\"606\" height=\"418\" srcset=\"https:\/\/info.sadowne.pl\/wp-content\/uploads\/2025\/09\/sad1282.jpg 606w, https:\/\/info.sadowne.pl\/wp-content\/uploads\/2025\/09\/sad1282-300x207.jpg 300w\" sizes=\"auto, (max-width: 606px) 100vw, 606px\" \/><\/a><\/strong><\/p>\n<p><strong> <a href=\"http:\/\/info.sadowne.pl\/wp-content\/uploads\/2025\/09\/sad1283.jpg\"><img loading=\"lazy\" decoding=\"async\" class=\"aligncenter size-full wp-image-30502\" src=\"http:\/\/info.sadowne.pl\/wp-content\/uploads\/2025\/09\/sad1283.jpg\" alt=\"\" width=\"608\" height=\"353\" srcset=\"https:\/\/info.sadowne.pl\/wp-content\/uploads\/2025\/09\/sad1283.jpg 608w, https:\/\/info.sadowne.pl\/wp-content\/uploads\/2025\/09\/sad1283-300x174.jpg 300w\" sizes=\"auto, (max-width: 608px) 100vw, 608px\" \/><\/a><\/strong><\/p>\n<p><strong> <a href=\"http:\/\/info.sadowne.pl\/wp-content\/uploads\/2025\/09\/sad1284.jpg\"><img loading=\"lazy\" decoding=\"async\" class=\"aligncenter size-full wp-image-30503\" src=\"http:\/\/info.sadowne.pl\/wp-content\/uploads\/2025\/09\/sad1284.jpg\" alt=\"\" width=\"605\" height=\"424\" srcset=\"https:\/\/info.sadowne.pl\/wp-content\/uploads\/2025\/09\/sad1284.jpg 605w, https:\/\/info.sadowne.pl\/wp-content\/uploads\/2025\/09\/sad1284-300x210.jpg 300w\" sizes=\"auto, (max-width: 605px) 100vw, 605px\" \/><\/a><\/strong><\/p>\n<p><strong> <a href=\"http:\/\/info.sadowne.pl\/wp-content\/uploads\/2025\/09\/sad1285.jpg\"><img loading=\"lazy\" decoding=\"async\" class=\"aligncenter size-full wp-image-30504\" src=\"http:\/\/info.sadowne.pl\/wp-content\/uploads\/2025\/09\/sad1285.jpg\" alt=\"\" width=\"603\" height=\"391\" srcset=\"https:\/\/info.sadowne.pl\/wp-content\/uploads\/2025\/09\/sad1285.jpg 603w, https:\/\/info.sadowne.pl\/wp-content\/uploads\/2025\/09\/sad1285-300x195.jpg 300w\" sizes=\"auto, (max-width: 603px) 100vw, 603px\" \/><\/a><\/strong><\/p>\n<p style=\"text-align: center;\">Nasz zesp\u00f3\u0142 po kilku figurach tanecznych ustawi\u0142 si\u0119 do \u015bpiewania<\/p>\n<p style=\"text-align: center;\">i wykona\u0142 piosenk\u0119:<\/p>\n<p style=\"text-align: center;\"><strong>,,POLONEZ\u00a0 \u017bYWIECKI\u201d<\/strong><\/p>\n<p><strong> <a href=\"http:\/\/info.sadowne.pl\/wp-content\/uploads\/2025\/09\/sad1286.jpg\"><img loading=\"lazy\" decoding=\"async\" class=\"aligncenter size-full wp-image-30505\" src=\"http:\/\/info.sadowne.pl\/wp-content\/uploads\/2025\/09\/sad1286.jpg\" alt=\"\" width=\"604\" height=\"280\" srcset=\"https:\/\/info.sadowne.pl\/wp-content\/uploads\/2025\/09\/sad1286.jpg 604w, https:\/\/info.sadowne.pl\/wp-content\/uploads\/2025\/09\/sad1286-300x139.jpg 300w\" sizes=\"auto, (max-width: 604px) 100vw, 604px\" \/><\/a><\/strong><\/p>\n<p>W czasie przygrywki dwie pary krokiem tanecznym wykona\u0142y okre\u015blone figury, nast\u0119pnie zesp\u00f3\u0142 za\u015bpiewa\u0142 kolejne zwrotki.<\/p>\n<p><strong> <a href=\"http:\/\/info.sadowne.pl\/wp-content\/uploads\/2025\/09\/sad1287.jpg\"><img loading=\"lazy\" decoding=\"async\" class=\"aligncenter size-full wp-image-30506\" src=\"http:\/\/info.sadowne.pl\/wp-content\/uploads\/2025\/09\/sad1287.jpg\" alt=\"\" width=\"606\" height=\"318\" srcset=\"https:\/\/info.sadowne.pl\/wp-content\/uploads\/2025\/09\/sad1287.jpg 606w, https:\/\/info.sadowne.pl\/wp-content\/uploads\/2025\/09\/sad1287-300x157.jpg 300w\" sizes=\"auto, (max-width: 606px) 100vw, 606px\" \/><\/a><\/strong><\/p>\n<p><strong> <a href=\"http:\/\/info.sadowne.pl\/wp-content\/uploads\/2025\/09\/sad1288.jpg\"><img loading=\"lazy\" decoding=\"async\" class=\"aligncenter size-full wp-image-30507\" src=\"http:\/\/info.sadowne.pl\/wp-content\/uploads\/2025\/09\/sad1288.jpg\" alt=\"\" width=\"541\" height=\"332\" srcset=\"https:\/\/info.sadowne.pl\/wp-content\/uploads\/2025\/09\/sad1288.jpg 541w, https:\/\/info.sadowne.pl\/wp-content\/uploads\/2025\/09\/sad1288-300x184.jpg 300w\" sizes=\"auto, (max-width: 541px) 100vw, 541px\" \/><\/a><\/strong><\/p>\n<p style=\"text-align: center;\">Ania Chojecka, Krysia Wetoszka<\/p>\n<p style=\"text-align: center;\"><em>Drugi rz\u0105d<\/em>: Gabrysia Siewiera, Tereska W\u00f3jcik<\/p>\n<p><strong> <a href=\"http:\/\/info.sadowne.pl\/wp-content\/uploads\/2025\/09\/sad1289.jpg\"><img loading=\"lazy\" decoding=\"async\" class=\"aligncenter size-full wp-image-30508\" src=\"http:\/\/info.sadowne.pl\/wp-content\/uploads\/2025\/09\/sad1289.jpg\" alt=\"\" width=\"551\" height=\"380\" srcset=\"https:\/\/info.sadowne.pl\/wp-content\/uploads\/2025\/09\/sad1289.jpg 551w, https:\/\/info.sadowne.pl\/wp-content\/uploads\/2025\/09\/sad1289-300x207.jpg 300w\" sizes=\"auto, (max-width: 551px) 100vw, 551px\" \/><\/a><\/strong><\/p>\n<p style=\"text-align: center;\"><strong>\u00a0<\/strong>Zbyszek Danaj, Bogusia Danaj, Gabrysia Siewiera<\/p>\n<p><a href=\"http:\/\/info.sadowne.pl\/wp-content\/uploads\/2025\/09\/sad1290.jpg\"><img loading=\"lazy\" decoding=\"async\" class=\"aligncenter size-full wp-image-30509\" src=\"http:\/\/info.sadowne.pl\/wp-content\/uploads\/2025\/09\/sad1290.jpg\" alt=\"\" width=\"574\" height=\"346\" srcset=\"https:\/\/info.sadowne.pl\/wp-content\/uploads\/2025\/09\/sad1290.jpg 574w, https:\/\/info.sadowne.pl\/wp-content\/uploads\/2025\/09\/sad1290-300x181.jpg 300w\" sizes=\"auto, (max-width: 574px) 100vw, 574px\" \/><\/a><\/p>\n<p style=\"text-align: center;\">Tereska Biernat, Tereska Piwek, Wiesia Steplikowska, Basia Decyk, Henia Kibart<\/p>\n<p><strong> <a href=\"http:\/\/info.sadowne.pl\/wp-content\/uploads\/2025\/09\/sad1291.jpg\"><img loading=\"lazy\" decoding=\"async\" class=\"aligncenter size-full wp-image-30510\" src=\"http:\/\/info.sadowne.pl\/wp-content\/uploads\/2025\/09\/sad1291.jpg\" alt=\"\" width=\"465\" height=\"251\" srcset=\"https:\/\/info.sadowne.pl\/wp-content\/uploads\/2025\/09\/sad1291.jpg 465w, https:\/\/info.sadowne.pl\/wp-content\/uploads\/2025\/09\/sad1291-300x162.jpg 300w\" sizes=\"auto, (max-width: 465px) 100vw, 465px\" \/><\/a><\/strong><\/p>\n<p><strong> <a href=\"http:\/\/info.sadowne.pl\/wp-content\/uploads\/2025\/09\/sad1292.jpg\"><img loading=\"lazy\" decoding=\"async\" class=\"aligncenter size-full wp-image-30511\" src=\"http:\/\/info.sadowne.pl\/wp-content\/uploads\/2025\/09\/sad1292.jpg\" alt=\"\" width=\"607\" height=\"376\" srcset=\"https:\/\/info.sadowne.pl\/wp-content\/uploads\/2025\/09\/sad1292.jpg 607w, https:\/\/info.sadowne.pl\/wp-content\/uploads\/2025\/09\/sad1292-300x186.jpg 300w\" sizes=\"auto, (max-width: 607px) 100vw, 607px\" \/><\/a><\/strong><\/p>\n<p>Po \u015bpiewie\u00a0 zeszli\u015bmy ze sceny krokiem tanecznym poloneza i ju\u017c z widowni, podziwiali\u015bmy prezentacje kolejnych zespo\u0142\u00f3w.<\/p>\n<p>Jako pierwsi i ostatni zaprezentowali pi\u0119kne uk\u0142ady taneczne poloneza cz\u0142onkowie <span style=\"color: #3366ff;\"><strong>Zespo\u0142u Ta\u0144ca Historycznego CHOREA ANTIQUA.<\/strong><\/span><\/p>\n<p><strong> <a href=\"http:\/\/info.sadowne.pl\/wp-content\/uploads\/2025\/09\/sad1293.jpg\"><img loading=\"lazy\" decoding=\"async\" class=\"aligncenter size-full wp-image-30512\" src=\"http:\/\/info.sadowne.pl\/wp-content\/uploads\/2025\/09\/sad1293.jpg\" alt=\"\" width=\"607\" height=\"332\" srcset=\"https:\/\/info.sadowne.pl\/wp-content\/uploads\/2025\/09\/sad1293.jpg 607w, https:\/\/info.sadowne.pl\/wp-content\/uploads\/2025\/09\/sad1293-300x164.jpg 300w\" sizes=\"auto, (max-width: 607px) 100vw, 607px\" \/><\/a><\/strong><\/p>\n<p style=\"text-align: center;\">Na zako\u0144czenie uczestnicy Festiwalu i widzowie wsp\u00f3lnie za\u015bpiewali utw\u00f3r <strong>\u201eKochajmy si\u0119 bracia mili\u201d<\/strong><\/p>\n<p><a href=\"http:\/\/info.sadowne.pl\/wp-content\/uploads\/2025\/09\/sad1294.jpg\"><img loading=\"lazy\" decoding=\"async\" class=\"aligncenter size-full wp-image-30513\" src=\"http:\/\/info.sadowne.pl\/wp-content\/uploads\/2025\/09\/sad1294.jpg\" alt=\"\" width=\"590\" height=\"395\" srcset=\"https:\/\/info.sadowne.pl\/wp-content\/uploads\/2025\/09\/sad1294.jpg 590w, https:\/\/info.sadowne.pl\/wp-content\/uploads\/2025\/09\/sad1294-300x201.jpg 300w\" sizes=\"auto, (max-width: 590px) 100vw, 590px\" \/><\/a><\/p>\n<p style=\"text-align: center;\"><strong>\u00a0<\/strong>Wr\u0119czono podzi\u0119kowania za przygotowanie i przeprowadzenie koncertu<\/p>\n<p><a href=\"http:\/\/info.sadowne.pl\/wp-content\/uploads\/2025\/09\/sad1295.jpg\"><img loading=\"lazy\" decoding=\"async\" class=\"aligncenter size-full wp-image-30514\" src=\"http:\/\/info.sadowne.pl\/wp-content\/uploads\/2025\/09\/sad1295.jpg\" alt=\"\" width=\"604\" height=\"358\" srcset=\"https:\/\/info.sadowne.pl\/wp-content\/uploads\/2025\/09\/sad1295.jpg 604w, https:\/\/info.sadowne.pl\/wp-content\/uploads\/2025\/09\/sad1295-300x178.jpg 300w\" sizes=\"auto, (max-width: 604px) 100vw, 604px\" \/><\/a><\/p>\n<p style=\"text-align: center;\">Basia Wr\u00f3bel dzi\u0119kuje P. El\u017cbiecie Lanc i p. Waldemarowi Cyranowi<\/p>\n<p style=\"text-align: center;\"><strong><em>,,Dzi\u0119kujemy serdecznie <\/em><\/strong><strong><em>za Wasz\u0105 dzia\u0142alno\u015b\u0107 gospodarcz\u0105 i kulturaln\u0105 na rzecz naszej gminy. <\/em><\/strong><\/p>\n<p style=\"text-align: center;\"><strong><em>Wiemy to i widzimy, \u017ce tak, jak 3 czerwca 2023 roku <\/em><\/strong><strong><em>,,serce\u201d Zespo\u0142u Mazowsze bi\u0142o w Sadownem, tak Wasze serca bij\u0105 dla naszej gminy, dla nas wszystkich mieszka\u0144c\u00f3w.<\/em><\/strong><\/p>\n<p style=\"text-align: center;\"><strong><em>Cieszymy si\u0119, \u017ce jeste\u015bcie z nami i \u017cyczymy sobie i Wam by\u015bmy spotkali si\u0119\u00a0 w kolejnej kadencji, <\/em><\/strong><strong><em>by dalej pracowa\u0107 na rzecz naszej ,,Ma\u0142ej Ojczyzny\u201d.<\/em><\/strong><\/p>\n<p><a href=\"http:\/\/info.sadowne.pl\/wp-content\/uploads\/2025\/09\/sad1296.jpg\"><img loading=\"lazy\" decoding=\"async\" class=\"aligncenter size-full wp-image-30515\" src=\"http:\/\/info.sadowne.pl\/wp-content\/uploads\/2025\/09\/sad1296.jpg\" alt=\"\" width=\"607\" height=\"377\" srcset=\"https:\/\/info.sadowne.pl\/wp-content\/uploads\/2025\/09\/sad1296.jpg 607w, https:\/\/info.sadowne.pl\/wp-content\/uploads\/2025\/09\/sad1296-300x186.jpg 300w\" sizes=\"auto, (max-width: 607px) 100vw, 607px\" \/><\/a><\/p>\n<p style=\"text-align: center;\">P. El\u017cbieta Lanc<\/p>\n<p><strong> <a href=\"http:\/\/info.sadowne.pl\/wp-content\/uploads\/2025\/09\/sad1297.jpg\"><img loading=\"lazy\" decoding=\"async\" class=\"aligncenter size-full wp-image-30516\" src=\"http:\/\/info.sadowne.pl\/wp-content\/uploads\/2025\/09\/sad1297.jpg\" alt=\"\" width=\"582\" height=\"523\" srcset=\"https:\/\/info.sadowne.pl\/wp-content\/uploads\/2025\/09\/sad1297.jpg 582w, https:\/\/info.sadowne.pl\/wp-content\/uploads\/2025\/09\/sad1297-300x270.jpg 300w\" sizes=\"auto, (max-width: 582px) 100vw, 582px\" \/><\/a><\/strong><\/p>\n<p style=\"text-align: center;\">Tort dla uczestnik\u00f3w Festiwalu Poloneza<\/p>\n<p>Po Koncercie, uczestnicy Festiwalu zostali zaproszeni na biesiad\u0119 szlacheck\u0105. Go\u015bci\u0142 ich Alfred Robak w swojej niezwyk\u0142ej<strong>\u00a0\u201eOstoi Dworskiej\u201d<\/strong> <strong>w Oci\u0119tem<\/strong>.<\/p>\n<h3 style=\"text-align: center;\"><strong>OCI\u0118TE<\/strong><\/h3>\n<h3 style=\"text-align: center;\"><strong>29 czerwca 2023 roku<\/strong><strong>\u00a0<\/strong><\/h3>\n<h3 style=\"text-align: center;\"><span style=\"color: #3366ff;\"><em><strong>,,Kawa w jagodniaku\u201d<\/strong><\/em><\/span><\/h3>\n<p style=\"text-align: center;\"><span style=\"color: #ff0000;\"><strong>robocza <\/strong><\/span><\/p>\n<p style=\"text-align: center;\"><span style=\"color: #ff0000;\"><strong>pr\u00f3ba Zespo\u0142u \u015apiewaczego Sadowianki<\/strong><\/span><\/p>\n<p>Dlaczego kawa w jagodniaku, poniewa\u017c wcze\u015bniej, przed pr\u00f3b\u0105, ka\u017cdy, kto m\u00f3g\u0142 uda\u0142 si\u0119 do lasu na jagody. Dopiero potem z uzbieranych jag\u00f3d ugotowano przepyszne pierogi.<\/p>\n<p>Po degustacji pierog\u00f3w przy ,,jagodowej\u201d kawie, bu\u0142eczkach i innych przystawkach w Oci\u0119tem w Gospodarstwie Agroturystycznym u naszego Piotra Olkowskiego odby\u0142a si\u0119 pr\u00f3ba Zespo\u0142u \u015apiewaczego Sadowianki.<\/p>\n<p><a href=\"http:\/\/info.sadowne.pl\/wp-content\/uploads\/2025\/09\/sad1298.jpg\"><img loading=\"lazy\" decoding=\"async\" class=\"aligncenter size-full wp-image-30517\" src=\"http:\/\/info.sadowne.pl\/wp-content\/uploads\/2025\/09\/sad1298.jpg\" alt=\"\" width=\"461\" height=\"318\" srcset=\"https:\/\/info.sadowne.pl\/wp-content\/uploads\/2025\/09\/sad1298.jpg 461w, https:\/\/info.sadowne.pl\/wp-content\/uploads\/2025\/09\/sad1298-300x207.jpg 300w\" sizes=\"auto, (max-width: 461px) 100vw, 461px\" \/><\/a><\/p>\n<p><strong> <a href=\"http:\/\/info.sadowne.pl\/wp-content\/uploads\/2025\/09\/sad1299.jpg\"><img loading=\"lazy\" decoding=\"async\" class=\"aligncenter size-full wp-image-30518\" src=\"http:\/\/info.sadowne.pl\/wp-content\/uploads\/2025\/09\/sad1299.jpg\" alt=\"\" width=\"418\" height=\"316\" srcset=\"https:\/\/info.sadowne.pl\/wp-content\/uploads\/2025\/09\/sad1299.jpg 418w, https:\/\/info.sadowne.pl\/wp-content\/uploads\/2025\/09\/sad1299-300x227.jpg 300w\" sizes=\"auto, (max-width: 418px) 100vw, 418px\" \/><\/a><\/strong><\/p>\n<p><strong> <a href=\"http:\/\/info.sadowne.pl\/wp-content\/uploads\/2025\/09\/sad1300.jpg\"><img loading=\"lazy\" decoding=\"async\" class=\"aligncenter size-full wp-image-30519\" src=\"http:\/\/info.sadowne.pl\/wp-content\/uploads\/2025\/09\/sad1300.jpg\" alt=\"\" width=\"409\" height=\"305\" srcset=\"https:\/\/info.sadowne.pl\/wp-content\/uploads\/2025\/09\/sad1300.jpg 409w, https:\/\/info.sadowne.pl\/wp-content\/uploads\/2025\/09\/sad1300-300x224.jpg 300w\" sizes=\"auto, (max-width: 409px) 100vw, 409px\" \/><\/a><\/strong><\/p>\n<p style=\"text-align: center;\"><strong>\u00a0<\/strong>No c\u00f3\u017c. Takich pr\u00f3b \u017cyczy\u0107 sobie i wszystkim!!!<\/p>\n<h3 style=\"text-align: center;\"><em><span style=\"color: #0000ff;\"><strong>SADOWNE<\/strong><\/span><\/em><\/h3>\n<h3 style=\"text-align: center;\"><em><span style=\"color: #0000ff;\"><strong>15 lipca 2023 roku<\/strong><\/span><\/em><\/h3>\n<h3 style=\"text-align: center;\"><span style=\"color: #ff0000;\"><strong>DNI \u00a0GMINY \u00a0SADOWNE<\/strong><\/span><\/h3>\n<p><a href=\"http:\/\/info.sadowne.pl\/wp-content\/uploads\/2025\/09\/sad1301.jpg\"><img loading=\"lazy\" decoding=\"async\" class=\"aligncenter size-full wp-image-30520\" src=\"http:\/\/info.sadowne.pl\/wp-content\/uploads\/2025\/09\/sad1301.jpg\" alt=\"\" width=\"602\" height=\"859\" srcset=\"https:\/\/info.sadowne.pl\/wp-content\/uploads\/2025\/09\/sad1301.jpg 602w, https:\/\/info.sadowne.pl\/wp-content\/uploads\/2025\/09\/sad1301-210x300.jpg 210w\" sizes=\"auto, (max-width: 602px) 100vw, 602px\" \/><\/a><\/p>\n<p>Jednym z punkt\u00f3w programu by\u0142 Konkurs Talent\u00f3w Wokalnych. Do komisji oceniaj\u0105cej zmagania wokalist\u00f3w zaproszone zosta\u0142y trzy Sadowianki: <strong>Krysia Wetoszka, Basia Wr\u00f3bel i Ania Chojecka<\/strong>. Pozosta\u0142e osoby z komisji to nasz organista ko\u015bcielny <strong>Marcin Bocian <\/strong><strong>i Monika Tyszka <\/strong>z Zespo\u0142u ,,Sami swoi\u201d.<\/p>\n<p><strong> <a href=\"http:\/\/info.sadowne.pl\/wp-content\/uploads\/2025\/09\/sad1302.jpg\"><img loading=\"lazy\" decoding=\"async\" class=\"aligncenter size-full wp-image-30521\" src=\"http:\/\/info.sadowne.pl\/wp-content\/uploads\/2025\/09\/sad1302.jpg\" alt=\"\" width=\"607\" height=\"295\" srcset=\"https:\/\/info.sadowne.pl\/wp-content\/uploads\/2025\/09\/sad1302.jpg 607w, https:\/\/info.sadowne.pl\/wp-content\/uploads\/2025\/09\/sad1302-300x146.jpg 300w\" sizes=\"auto, (max-width: 607px) 100vw, 607px\" \/><\/a><\/strong><\/p>\n<p style=\"text-align: center;\">Nagrody wr\u0119czali p. Waldemar Cyran, p. El\u017cbieta Lanc, p. Marcin Gr\u0119da, ks. proboszcz Antoni Kunicki i oczywi\u015bcie cz\u0142onkowie komisji<\/p>\n<p><a href=\"http:\/\/info.sadowne.pl\/wp-content\/uploads\/2025\/09\/sad1303.jpg\"><img loading=\"lazy\" decoding=\"async\" class=\"aligncenter size-full wp-image-30522\" src=\"http:\/\/info.sadowne.pl\/wp-content\/uploads\/2025\/09\/sad1303.jpg\" alt=\"\" width=\"455\" height=\"317\" srcset=\"https:\/\/info.sadowne.pl\/wp-content\/uploads\/2025\/09\/sad1303.jpg 455w, https:\/\/info.sadowne.pl\/wp-content\/uploads\/2025\/09\/sad1303-300x209.jpg 300w\" sizes=\"auto, (max-width: 455px) 100vw, 455px\" \/><\/a><\/p>\n<p style=\"text-align: center;\">P. El\u017cbieta Lanc wr\u0119cza nagrod\u0119 Magdzie Narowskiej<\/p>\n<p><a href=\"http:\/\/info.sadowne.pl\/wp-content\/uploads\/2025\/09\/sad1304.jpg\"><img loading=\"lazy\" decoding=\"async\" class=\"aligncenter size-full wp-image-30523\" src=\"http:\/\/info.sadowne.pl\/wp-content\/uploads\/2025\/09\/sad1304.jpg\" alt=\"\" width=\"606\" height=\"242\" srcset=\"https:\/\/info.sadowne.pl\/wp-content\/uploads\/2025\/09\/sad1304.jpg 606w, https:\/\/info.sadowne.pl\/wp-content\/uploads\/2025\/09\/sad1304-300x120.jpg 300w\" sizes=\"auto, (max-width: 606px) 100vw, 606px\" \/><\/a><\/p>\n<p style=\"text-align: center;\">Pami\u0105tkowe zdj\u0119cie wszystkich uczestnik\u00f3w wydarzenia<\/p>\n<p><strong>\u0179r\u00f3d\u0142o:<\/strong> SADOWIANKI, Barbara Wr\u00f3bel, Sadowne 2025<\/p>\n","protected":false},"excerpt":{"rendered":"<p>SADOWNE &#8211; 25 czerwca 2023 roku.<\/p>\n","protected":false},"author":1,"featured_media":0,"comment_status":"closed","ping_status":"closed","sticky":false,"template":"","format":"standard","meta":{"footnotes":""},"categories":[5,31,1202],"tags":[1218,101,3849],"class_list":["post-30490","post","type-post","status-publish","format-standard","hentry","category-newsy","category-historia-gminy","category-zespol-spiewaczy-sadowianki","tag-barbara-wrobel","tag-historia-gminy-sadowne","tag-ludowy-zespol-spiewaczy-sadowianki"],"views":2010,"_links":{"self":[{"href":"https:\/\/info.sadowne.pl\/index.php?rest_route=\/wp\/v2\/posts\/30490","targetHints":{"allow":["GET"]}}],"collection":[{"href":"https:\/\/info.sadowne.pl\/index.php?rest_route=\/wp\/v2\/posts"}],"about":[{"href":"https:\/\/info.sadowne.pl\/index.php?rest_route=\/wp\/v2\/types\/post"}],"author":[{"embeddable":true,"href":"https:\/\/info.sadowne.pl\/index.php?rest_route=\/wp\/v2\/users\/1"}],"replies":[{"embeddable":true,"href":"https:\/\/info.sadowne.pl\/index.php?rest_route=%2Fwp%2Fv2%2Fcomments&post=30490"}],"version-history":[{"count":1,"href":"https:\/\/info.sadowne.pl\/index.php?rest_route=\/wp\/v2\/posts\/30490\/revisions"}],"predecessor-version":[{"id":30524,"href":"https:\/\/info.sadowne.pl\/index.php?rest_route=\/wp\/v2\/posts\/30490\/revisions\/30524"}],"wp:attachment":[{"href":"https:\/\/info.sadowne.pl\/index.php?rest_route=%2Fwp%2Fv2%2Fmedia&parent=30490"}],"wp:term":[{"taxonomy":"category","embeddable":true,"href":"https:\/\/info.sadowne.pl\/index.php?rest_route=%2Fwp%2Fv2%2Fcategories&post=30490"},{"taxonomy":"post_tag","embeddable":true,"href":"https:\/\/info.sadowne.pl\/index.php?rest_route=%2Fwp%2Fv2%2Ftags&post=30490"}],"curies":[{"name":"wp","href":"https:\/\/api.w.org\/{rel}","templated":true}]}}