{"id":30525,"date":"2025-09-14T18:04:43","date_gmt":"2025-09-14T16:04:43","guid":{"rendered":"http:\/\/info.sadowne.pl\/?p=30525"},"modified":"2025-09-14T23:01:14","modified_gmt":"2025-09-14T21:01:14","slug":"xi-nadbuzanska-szostka-w-raznach","status":"publish","type":"post","link":"https:\/\/info.sadowne.pl\/?p=30525","title":{"rendered":"XI Nadbu\u017ca\u0144ska Sz\u00f3stka w Ra\u017cnach"},"content":{"rendered":"<p><a href=\"http:\/\/info.sadowne.pl\/wp-content\/uploads\/2025\/09\/2025.09.14.1.jpg\" target=\"_blank\" rel=\"noopener\"><img loading=\"lazy\" decoding=\"async\" class=\"alignleft wp-image-30526 size-thumbnail\" src=\"http:\/\/info.sadowne.pl\/wp-content\/uploads\/2025\/09\/2025.09.14.1-180x130.jpg\" alt=\"\" width=\"180\" height=\"130\" \/><\/a><\/p>\n<p><strong>W tym roku najszybciej sze\u015bciokilometrow\u0105 tras\u0119 Biegu \u201eNadbu\u017ca\u0144ska Sz\u00f3stka\u201d w Ra\u017cnach pokona\u0142 Maciek Szcze\u015bnik.<\/strong><!--more--><\/p>\n<p>Bieg w Ra\u017cnach odby\u0142 si\u0119 w niedziel\u0119 14 wrze\u015bnia 2025 roku. Przypomnimy tylko, \u017ce po raz drugi start i meta biegu zosta\u0142y zlokalizowane przy miejscowej \u015bwietlicy wiejskiej. Pozosta\u0142y przebieg trasy bez zmian. Najszybciej pokona\u0142 j\u0105\u00a0 Maciek Szcze\u015bnik z Jadowa z czasem 00:31:08:77.<\/p>\n<p>Organizatorami Biegu byli: Klub Sportowy \u201eWicher\u201d Sadowne, Gminny O\u015brodek Kultury w Sadownem i So\u0142ectwo Ra\u017cny. Sponsorzy wydarzenia to: Fundacja ORLEN i sklep BODZON-FODDER z Sadownego. Imprez\u0119 sportow\u0105 patronatem medialnym obj\u0105\u0142 Portal INFO Sadowne, a elektronicznym pomiarem czasu zaj\u0119\u0142a si\u0119 Firma ChipTiming.pl.<\/p>\n<p>Zawody odby\u0142y si\u0119 m.in. w celu uczczenia 600-nej rocznicy pr\u00f3by lokacji miasta w Ra\u017cnach (1425 \u2013 2025).<\/p>\n<p>Tegoroczna \u201eNadbu\u017ca\u0144ska Sz\u00f3stka\u201d ponownie zgromadzi\u0142a w miejscowo\u015bci Ra\u017cny biegaczy i mi\u0142o\u015bnik\u00f3w spacer\u00f3w z kijkami, tych starszych i m\u0142odszych. \u00a0Zawodnik\u00f3w i kibic\u00f3w w imieniu Organizator\u00f3w powita\u0142 p. Tadeusz Danaj z Klubu Sportowego \u201eWicher\u201d Sadowne, po czym \u2013 o godz. 11.15 &#8211; na tras\u0119 wyruszyli jednocze\u015bnie zawodnicy marszu Nordic Walking oraz biegacze.<\/p>\n<p>Po uko\u0144czeniu zawod\u00f3w przez doros\u0142ych, Organizatorzy zagospodarowali te\u017c wolny czas najm\u0142odszym sportowcom poprzez ich udzia\u0142 w biegu na 800 m., na trasie zlokalizowanej w okolicach startu\/mety. Wszyscy m\u0142odzi uczestnicy biegu przekroczyli lini\u0119 mety i wszystkich uznano za jego zwyci\u0119zc\u00f3w, dlatego te\u017c zostali uhonorowani medalami i otrzymali nagrody z r\u0105k Organizator\u00f3w.<\/p>\n<p>Po raz pierwszy zorganizowano te\u017c marsz Nordic Walking dla senior\u00f3w na dystansie 1,5 km. Publiczno\u015b\u0107 mocno dopingowa\u0142a jego uczestnik\u00f3w, a na mecie ka\u017cdy z nich zosta\u0142 owacyjnie powitany.<\/p>\n<p>Na mecie wszystkich ko\u0144cz\u0105cych bieg g\u0142\u00f3wny, marsz Nordic Walking oraz marsz Senior\u00f3w tak\u017ce uhonorowano okoliczno\u015bciowymi medalami.<\/p>\n<p><strong>Oficjalna klasyfikacja zawod\u00f3w przedstawia si\u0119 nast\u0119puj\u0105co:<\/strong><\/p>\n<p><span style=\"color: #ff0000;\"><strong>BIEG <\/strong><\/span><\/p>\n<p><strong>Kobiety OPEN<\/strong><\/p>\n<p>I miejsce \u2013 Michalina Swatowska, Ostr\u00f3w Mazowiecka<\/p>\n<p>II miejsce \u2013 Katarzyna \u015aledziewska, Stary Luboty\u0144<\/p>\n<p>III miejsce \u2013 Justyna Owsianko, Jad\u00f3w<\/p>\n<p><strong>Kobiety \u2013 16-39 lat<\/strong><\/p>\n<p>I miejsce \u2013 Michalina Swatowska, Ostr\u00f3w Mazowiecka<\/p>\n<p>II miejsce \u2013 Katarzyna \u015aledziewska, Stary Luboty\u0144<\/p>\n<p>III miejsce \u2013 Justyna Owsianko, Jad\u00f3w<\/p>\n<p><strong>Kobiety \u2013 40+<\/strong><\/p>\n<p>I miejsce \u2013 Ma\u0142gorzata Turczyk, Kazimierz\u00f3w<\/p>\n<p><span style=\"color: #ff0000;\"><strong>BIEG<\/strong><\/span><\/p>\n<p><strong>M\u0119\u017cczy\u017ani OPEN<\/strong><\/p>\n<p>I miejsce \u2013 Maciek Szcze\u015bnik, Jad\u00f3w<\/p>\n<p>II miejsce \u2013 Przemys\u0142aw Gromek, Ra\u017cny<\/p>\n<p>III miejsce \u2013 Filip Szcze\u015bnik, Jad\u00f3w<\/p>\n<p><strong>M\u0119\u017cczy\u017ani &#8211; 16-39 lat<\/strong><\/p>\n<p>I miejsce \u2013 Maciek Szcze\u015bnik, Jad\u00f3w<\/p>\n<p>II miejsce \u2013 Przemys\u0142aw Gromek, Ra\u017cny<\/p>\n<p>III miejsce \u2013 Filip Szcze\u015bnik, Jad\u00f3w<\/p>\n<p><strong>M\u0119\u017cczy\u017ani \u2013 40+<\/strong><\/p>\n<p>I miejsce \u2013 Marek Sty\u015b, \u0141och\u00f3w<\/p>\n<p>II miejsce \u2013 Daniel Lipi\u0144ski, Ra\u017cny<\/p>\n<p><span style=\"color: #ff0000;\"><strong>MARSZ NORDIC WALKING<\/strong><\/span><\/p>\n<p><strong>Kobiety<\/strong><\/p>\n<p>I miejsce \u2013 Magdalena Wysocka, Sk\u00f3rzec<\/p>\n<p>II miejsce \u2013 Agata S\u0119dek, Sadowne<\/p>\n<p>III miejsce \u2013 Agnieszka Makosiej, Stoczek<\/p>\n<p><strong>M\u0119\u017cczy\u017ani<\/strong><\/p>\n<p>I miejsce \u2013 Waldemara Danielski, Soko\u0142\u00f3w Podlaski<\/p>\n<p>II miejsce \u2013 Leszek Borkowski, Grabian\u00f3w<\/p>\n<p>III miejsce \u2013 Marek Pasanik, Ostr\u00f3wek<\/p>\n<p><span style=\"color: #ff0000;\"><strong>Seniorzy \u2013 marsz Nordic Walking 1,5 km <\/strong><\/span><\/p>\n<p>I miejsce \u2013 Zdzis\u0142aw J\u00f3\u017awik, Soko\u0142\u00f3w Podlaski<\/p>\n<p>II miejsce \u2013 Jan Filipiak, Ra\u017cny<\/p>\n<p>III miejsce \u2013 Sabina Sawicka, Ra\u017cny<\/p>\n<p><strong>Szczeg\u00f3\u0142owe wyniki, w tym w kategoriach wiekowych, s\u0105 dost\u0119pne na stronie <\/strong><span style=\"color: #0000ff;\"><a style=\"color: #0000ff;\" href=\"http:\/\/www.chiptiming.pl\/pl\/zawody_szczegoly\/XI-NADBUZANSKA-SZOSTKA-2025?fbclid=IwY2xjawMzsZxleHRuA2FlbQIxMABicmlkETF5ejhRQjAzSTU0blNSRjhsAR6GVLY-nV65GQDxsvx-jYJa5H66YEQtzwHzcpFf7mwy2rWsqyCQ055Iel4Vuw_aem_8STRUSwRND_yQZweShfZCg\" target=\"_blank\" rel=\"noopener\"><strong>http:\/\/www.chiptiming.pl\/pl\/zawody_szczegoly\/XI-NADBUZANSKA-SZOSTKA-2025?fbclid=IwY2xjawMzsZxleHRuA2FlbQIxMABicmlkETF5ejhRQjAzSTU0blNSRjhsAR6GVLY-nV65GQDxsvx-jYJa5H66YEQtzwHzcpFf7mwy2rWsqyCQ055Iel4Vuw_aem_8STRUSwRND_yQZweShfZCg<\/strong><\/a><\/span><strong>\u00a0<\/strong><\/p>\n<p><strong>Statuetki zwyci\u0119zcom zawod\u00f3w w poszczeg\u00f3lnych kategoriach wr\u0119czali przedstawiciele Organizator\u00f3w:<\/strong> p. Ewa Pi\u00f3rkowska \u2013 Dyrektor Gminnego O\u015brodka Kultury w Sadowne, p. Emil Filipiak \u2013 Prezes Klubu Sportowego \u201eWicher\u201d Sadowne i p. Marek Zas\u0142ona \u2013 So\u0142tys wsi Ra\u017cny. Najlepsi Seniorzy z marszu Nordic Walking &#8211; 1,5 km otrzymali puchary ufundowane przez So\u0142tysa Ra\u017cen p. Marka Zas\u0142on\u0119.<\/p>\n<p><strong>Szczeg\u00f3lne podzi\u0119kowania Organizatorzy przekazuj\u0105<\/strong> pracownikom Gminnego O\u015brodka Kultury w Sadownem za przygotowanie zawod\u00f3w i gor\u0105cego posi\u0142ku dla ich uczestnik\u00f3w, Paniom z Ko\u0142a Gospody\u0144 Wiejskich \u201eNadburzanki\u201d z Ra\u017cen za przygotowanie stoiska ze s\u0142odkim pocz\u0119stunkiem, druhom OSP Zalesie za pomoc w organizacji i zabezpieczeniu tej imprezy sportowej, w\u0142a\u015bcicielom sklepu Bodzon-Fodder z Sadownego za wsparcie finansowe oraz przygotowanie i prowadzenie stoiska z loteri\u0105 fantow\u0105 oraz zdrow\u0105 \u017cywno\u015bci\u0105, a Fundacji ORLEN za sponsoring imprezy.<\/p>\n<p><strong>Jednocze\u015bnie przekazujemy wielkie podzi\u0119kowania dla wszystkich uczestnik\u00f3w tej imprezy sportowej i \u2013 jak podaj\u0105 Organizatorzy \u2013 do mi\u0142ego zobaczenia na XII Nadbu\u017ca\u0144skiej Sz\u00f3stce w Ra\u017cnach.<\/strong><\/p>\n<p><span style=\"color: #0000ff;\"><a style=\"color: #0000ff;\" href=\"https:\/\/photos.app.goo.gl\/zVLvyMTCwmutWhzs6\" target=\"_blank\" rel=\"noopener\"><strong>Zdj\u0119cia w Galerii Google&gt;&gt;&gt;<\/strong><\/a><\/span><\/p>\n<p><strong>Tekst\/foto:\u00a0<\/strong>S\u0142awek Chyli\u0144ski<\/p>\n","protected":false},"excerpt":{"rendered":"<p>W tym roku najszybciej sze\u015bciokilometrow\u0105 tras\u0119 Biegu \u201eNadbu\u017ca\u0144ska Sz\u00f3stka\u201d w Ra\u017cnach pokona\u0142 Maciek Szcze\u015bnik.<\/p>\n","protected":false},"author":1,"featured_media":0,"comment_status":"closed","ping_status":"closed","sticky":false,"template":"","format":"standard","meta":{"footnotes":""},"categories":[5,2135,6,3627,7],"tags":[1460,169,1161,2846,2622,3820,4289],"class_list":["post-30525","post","type-post","status-publish","format-standard","hentry","category-newsy","category-bieganie","category-kultura-rozrywka-edukacja","category-nordic-walking","category-sport","tag-bieg-nadbuzanska-szostka","tag-gminny-osrodek-kultury-w-sadownem","tag-klub-sportowy-wicher-sadowne","tag-marsz-nordic-walking","tag-razny","tag-solectwo-razny","tag-xi-nadbuzanska-szostka-w-raznach"],"views":2096,"_links":{"self":[{"href":"https:\/\/info.sadowne.pl\/index.php?rest_route=\/wp\/v2\/posts\/30525","targetHints":{"allow":["GET"]}}],"collection":[{"href":"https:\/\/info.sadowne.pl\/index.php?rest_route=\/wp\/v2\/posts"}],"about":[{"href":"https:\/\/info.sadowne.pl\/index.php?rest_route=\/wp\/v2\/types\/post"}],"author":[{"embeddable":true,"href":"https:\/\/info.sadowne.pl\/index.php?rest_route=\/wp\/v2\/users\/1"}],"replies":[{"embeddable":true,"href":"https:\/\/info.sadowne.pl\/index.php?rest_route=%2Fwp%2Fv2%2Fcomments&post=30525"}],"version-history":[{"count":3,"href":"https:\/\/info.sadowne.pl\/index.php?rest_route=\/wp\/v2\/posts\/30525\/revisions"}],"predecessor-version":[{"id":30530,"href":"https:\/\/info.sadowne.pl\/index.php?rest_route=\/wp\/v2\/posts\/30525\/revisions\/30530"}],"wp:attachment":[{"href":"https:\/\/info.sadowne.pl\/index.php?rest_route=%2Fwp%2Fv2%2Fmedia&parent=30525"}],"wp:term":[{"taxonomy":"category","embeddable":true,"href":"https:\/\/info.sadowne.pl\/index.php?rest_route=%2Fwp%2Fv2%2Fcategories&post=30525"},{"taxonomy":"post_tag","embeddable":true,"href":"https:\/\/info.sadowne.pl\/index.php?rest_route=%2Fwp%2Fv2%2Ftags&post=30525"}],"curies":[{"name":"wp","href":"https:\/\/api.w.org\/{rel}","templated":true}]}}