{"id":30547,"date":"2025-09-25T17:14:57","date_gmt":"2025-09-25T15:14:57","guid":{"rendered":"http:\/\/info.sadowne.pl\/?p=30547"},"modified":"2025-09-25T17:14:57","modified_gmt":"2025-09-25T15:14:57","slug":"pierwszy-rejs-parowcem-po-bugu","status":"publish","type":"post","link":"https:\/\/info.sadowne.pl\/?p=30547","title":{"rendered":"Pierwszy rejs parowcem po Bugu,"},"content":{"rendered":"<p><strong><a href=\"http:\/\/info.sadowne.pl\/wp-content\/uploads\/2025\/09\/Brok246.jpg\" target=\"_blank\" rel=\"noopener\"><img loading=\"lazy\" decoding=\"async\" class=\"alignleft wp-image-30548 size-thumbnail\" src=\"http:\/\/info.sadowne.pl\/wp-content\/uploads\/2025\/09\/Brok246-180x130.jpg\" alt=\"\" width=\"180\" height=\"130\" srcset=\"https:\/\/info.sadowne.pl\/wp-content\/uploads\/2025\/09\/Brok246-180x130.jpg 180w, https:\/\/info.sadowne.pl\/wp-content\/uploads\/2025\/09\/Brok246-300x215.jpg 300w, https:\/\/info.sadowne.pl\/wp-content\/uploads\/2025\/09\/Brok246-768x551.jpg 768w, https:\/\/info.sadowne.pl\/wp-content\/uploads\/2025\/09\/Brok246.jpg 968w\" sizes=\"auto, (max-width: 180px) 100vw, 180px\" \/><\/a>\u2026Spirydonow okrada\u0142 ostrowiak\u00f3w na pot\u0119g\u0119, pod Sterdyni\u0105 bardziej dbaj\u0105 o konie ni\u017c o fornali.<\/strong><!--more--><\/p>\n<p>Wiemy, czym \u017cyli mieszka\u0144cy nadbu\u017ca\u0144skich okolic w marcu 1848 r. Niczym b\u0142yskawica rozesz\u0142a si\u0119 wie\u015b\u0107, \u017ce po Bugu p\u0142yn\u0105\u0107 b\u0119dzie dziwo, a ludzie spieszyli nawet z miejscowo\u015bci znacznie od rzeki odleg\u0142ych, by zobaczy\u0107 buchaj\u0105ce dymem kuriozum. Jak ju\u017c zobaczyli, to oczu oderwa\u0107 nie mogli i l\u0105dem id\u0105c, towarzyszyli osobliwo\u015bci tak d\u0142ugo, jak tylko mogli. Sprawc\u0105 epokowego wydarzenia by\u0142 Andrzej Artur hrabia Zamoyski, w\u0142a\u015bciciel mi\u0119dzy innymi d\u00f3br jadowskich i ko\u0142odzi\u0105skich, a przede wszystkim jedna z najbardziej o\u015bwieconych europejskich osobisto\u015bci.<\/p>\n<p>Dysponuj\u0105cy dziesi\u0119cioletnim monopolem na \u017ceglug\u0119 parow\u0105 w Kr\u00f3lestwie Polskim francuski in\u017c. Edward Guibert, sprowadzi\u0142 w 1847 r. ze stoczni w Nantes dwa parostatki, wyr\u00f3\u017cniaj\u0105ce si\u0119 nadzwyczaj ma\u0142ym zanurzeniem \u2013 holownik \u201ePrince de Varsovie\u201d oraz statek pasa\u017cerski \u201eVistula\u201d. Ich nazwy wnet spolszczono, mieli\u015bmy zatem \u201eKsi\u0119cia Warszawskiego\u201d i \u201eWis\u0142\u0119\u201d. Rozwini\u0119cie interesu wymaga\u0142o, znacznie wi\u0119kszych funduszy ni\u017c Guibert przewidywa\u0142, trudno\u015bci si\u0119 mno\u017cy\u0142y, a interes stan\u0105\u0142 pod znakiem zapytania. Wtedy pomocn\u0105 d\u0142o\u0144 wyci\u0105gn\u0105\u0142 ku Francuzowi hr. Zamoyski, oferuj\u0105c zawi\u0105zanie sp\u00f3\u0142ki. Przed podj\u0119ciem ostatecznej decyzji hrabia postanowi\u0142 osobi\u015bcie zbada\u0107 mo\u017cliwo\u015bci \u017ceglugowe rzek polskich, ruszaj\u0105c na pok\u0142adzie \u201eWis\u0142y\u201d, na rekonesans po Bugu, rzece powszechnie uwa\u017canej za jedn\u0105 z najbardziej kapry\u015bnych i trudnych do \u017ceglugi. Rejs nie by\u0142 \u0142atwy, ale wnioski z biznesowej podr\u00f3\u017cy wysnu\u0142 Andrzej hr. Zamoyski optymistyczne. Ju\u017c w kwietniu powo\u0142ano do \u017cycia sp\u00f3\u0142k\u0119 o nazwie \u2013 Sp\u00f3\u0142ka \u017beglugi Parowej na Rzekach Sp\u0142awnych Kr\u00f3lestwa hrabia Zamoyski et Compania.<\/p>\n<p><strong>Wi\u0119cej na stronie <span style=\"color: #0000ff;\"><a style=\"color: #0000ff;\" href=\"https:\/\/madzelan.cba.pl\/pierwszy-rejs-parowcem-po-bugu-spirydonow-okradal-ostrowiakow-na-potege-pod-sterdynia-bardziej-dbaja-o-konie-niz-o-fornali\/\" target=\"_blank\" rel=\"noopener\">https:\/\/madzelan.cba.pl\/pierwszy-rejs-parowcem-po-bugu-spirydonow-okradal-ostrowiakow-na-potege-pod-sterdynia-bardziej-dbaja-o-konie-niz-o-fornali\/<\/a><\/span><\/strong><\/p>\n","protected":false},"excerpt":{"rendered":"<p>\u2026Spirydonow okrada\u0142 ostrowiak\u00f3w na pot\u0119g\u0119, pod Sterdyni\u0105 bardziej dbaj\u0105 o konie ni\u017c o fornali.<\/p>\n","protected":false},"author":1,"featured_media":0,"comment_status":"closed","ping_status":"closed","sticky":false,"template":"","format":"standard","meta":{"footnotes":""},"categories":[5,3436,31],"tags":[3004,2956],"class_list":["post-30547","post","type-post","status-publish","format-standard","hentry","category-newsy","category-opowiesci-historie-legendy-brokowskie-i-nie-tylko","category-historia-gminy","tag-jerzy-madzelan","tag-opowiesci-historie-legendy-brokowskie-i-nie-tylko"],"views":1088,"_links":{"self":[{"href":"https:\/\/info.sadowne.pl\/index.php?rest_route=\/wp\/v2\/posts\/30547","targetHints":{"allow":["GET"]}}],"collection":[{"href":"https:\/\/info.sadowne.pl\/index.php?rest_route=\/wp\/v2\/posts"}],"about":[{"href":"https:\/\/info.sadowne.pl\/index.php?rest_route=\/wp\/v2\/types\/post"}],"author":[{"embeddable":true,"href":"https:\/\/info.sadowne.pl\/index.php?rest_route=\/wp\/v2\/users\/1"}],"replies":[{"embeddable":true,"href":"https:\/\/info.sadowne.pl\/index.php?rest_route=%2Fwp%2Fv2%2Fcomments&post=30547"}],"version-history":[{"count":1,"href":"https:\/\/info.sadowne.pl\/index.php?rest_route=\/wp\/v2\/posts\/30547\/revisions"}],"predecessor-version":[{"id":30549,"href":"https:\/\/info.sadowne.pl\/index.php?rest_route=\/wp\/v2\/posts\/30547\/revisions\/30549"}],"wp:attachment":[{"href":"https:\/\/info.sadowne.pl\/index.php?rest_route=%2Fwp%2Fv2%2Fmedia&parent=30547"}],"wp:term":[{"taxonomy":"category","embeddable":true,"href":"https:\/\/info.sadowne.pl\/index.php?rest_route=%2Fwp%2Fv2%2Fcategories&post=30547"},{"taxonomy":"post_tag","embeddable":true,"href":"https:\/\/info.sadowne.pl\/index.php?rest_route=%2Fwp%2Fv2%2Ftags&post=30547"}],"curies":[{"name":"wp","href":"https:\/\/api.w.org\/{rel}","templated":true}]}}