{"id":30551,"date":"2025-09-26T16:43:25","date_gmt":"2025-09-26T14:43:25","guid":{"rendered":"http:\/\/info.sadowne.pl\/?p=30551"},"modified":"2025-09-26T16:43:25","modified_gmt":"2025-09-26T14:43:25","slug":"bez-tytulu-2","status":"publish","type":"post","link":"https:\/\/info.sadowne.pl\/?p=30551","title":{"rendered":"Bez tytu\u0142u&#8230;"},"content":{"rendered":"<p><strong><a href=\"http:\/\/info.sadowne.pl\/wp-content\/uploads\/2025\/09\/2025.09.26.1.jpg\" target=\"_blank\" rel=\"noopener\"><img loading=\"lazy\" decoding=\"async\" class=\"alignleft wp-image-30552 size-thumbnail\" src=\"http:\/\/info.sadowne.pl\/wp-content\/uploads\/2025\/09\/2025.09.26.1-180x130.jpg\" alt=\"\" width=\"180\" height=\"130\" \/><\/a>Kolejnym autorem wierszy, kt\u00f3re b\u0119dziemy prezentowa\u0107 w naszym &#8222;Okienku poetyckim&#8221;, jest Krzysztof Tomaszewski. Cykl jego utwor\u00f3w rozpoczynamy wierszem z tomiku &#8222;Umkn\u0105\u0107 wszystkim&#8221;.<\/strong><!--more--><\/p>\n<p>Krzysztof Tomaszewski to znany i ceniony siedlecki poeta. Absolwent KUL, dzia\u0142acz w latach 80-tych Chrze\u015bcija\u0144skiego Stowarzyszenia Spo\u0142ecznego w Siedlcach. Tw\u00f3rca grupy poetyckiej &#8222;Kanon&#8221; \u2013 w ramach ChSS.<br \/>\nObecnie jako za\u0142o\u017cyciel Siedleckiej Grupy Literackiej &#8222;Witra\u017c&#8221;, dzia\u0142aj\u0105cej od kilku dekad w Siedlcach, jest wsp\u00f3lnie z innymi osobami jej animatorem. Dzisiaj i w kolejnych publikacjach skupimy si\u0119 wy\u0142\u0105cznie na poezji Krzysztofa Tomaszewskiego.<\/p>\n<p>* * *<\/p>\n<p>ona si\u0119 boi<br \/>\nbo nie wie jak zacz\u0105\u0107<\/p>\n<p>on l\u0119ku pe\u0142en<br \/>\nbo przegra\u0107 mo\u017ce<br \/>\nnim s\u0142owa padn\u0105 pierwsze<br \/>\nlub z gry dotyk\u00f3w<br \/>\npowstan\u0105 wiersze<\/p>\n<p>wi\u0119c \u015bl\u0105 spojrzenia<br \/>\nrumie\u0144ce licz\u0105<br \/>\ni z wstchnie\u0144 wr\u00f3\u017c\u0105<br \/>\njak z fus\u00f3w kawy<\/p>\n<p>mijaj\u0105 godziny<br \/>\ntygodnie z deszczem<br \/>\ntygodnie bez deszczu<br \/>\nprzekwitaj\u0105 zawilce<br \/>\nwschodz\u0105 tulipany<br \/>\ntylko patrze\u0107 jak smutne jab\u0142onie<br \/>\nbiel\u0105 i r\u00f3\u017cem wype\u0142ni\u0105 pejza\u017ce<\/p>\n<p>ona si\u0119 l\u0119ka<br \/>\non<br \/>\n&#8230;c\u00f3\u017c<br \/>\nto samo<\/p>\n<p>a mi\u0142o\u015b\u0107 do drzwi puka zdziwiona<br \/>\n\u017ce nikt jej nie otwiera<br \/>\n\u017ce nikt na ni\u0105 nie czeka<\/p>\n<p>ani on<br \/>\nani ona<\/p>\n<p><em>(wiersz z tomiku &#8222;Umkn\u0105\u0107 wszystkim&#8221;)<\/em><\/p>\n<p><strong>Foto:<\/strong> Wies\u0142aw Maliszewski<\/p>\n","protected":false},"excerpt":{"rendered":"<p>Kolejnym autorem wierszy, kt\u00f3re b\u0119dziemy prezentowa\u0107 w naszym &#8222;Okienku poetyckim&#8221;, jest Krzysztof Tomaszewski. Cykl jego utwor\u00f3w rozpoczynamy wierszem z tomiku &#8222;Umkn\u0105\u0107 wszystkim&#8221;.<\/p>\n","protected":false},"author":1,"featured_media":0,"comment_status":"closed","ping_status":"closed","sticky":false,"template":"","format":"standard","meta":{"footnotes":""},"categories":[5,48,6,108],"tags":[4253,2730,51],"class_list":["post-30551","post","type-post","status-publish","format-standard","hentry","category-newsy","category-kacik-literacki","category-kultura-rozrywka-edukacja","category-okienko-poetyckie","tag-krzysztof-tomaszewski","tag-poezja","tag-wieslaw-maliszewski"],"views":751,"_links":{"self":[{"href":"https:\/\/info.sadowne.pl\/index.php?rest_route=\/wp\/v2\/posts\/30551","targetHints":{"allow":["GET"]}}],"collection":[{"href":"https:\/\/info.sadowne.pl\/index.php?rest_route=\/wp\/v2\/posts"}],"about":[{"href":"https:\/\/info.sadowne.pl\/index.php?rest_route=\/wp\/v2\/types\/post"}],"author":[{"embeddable":true,"href":"https:\/\/info.sadowne.pl\/index.php?rest_route=\/wp\/v2\/users\/1"}],"replies":[{"embeddable":true,"href":"https:\/\/info.sadowne.pl\/index.php?rest_route=%2Fwp%2Fv2%2Fcomments&post=30551"}],"version-history":[{"count":1,"href":"https:\/\/info.sadowne.pl\/index.php?rest_route=\/wp\/v2\/posts\/30551\/revisions"}],"predecessor-version":[{"id":30553,"href":"https:\/\/info.sadowne.pl\/index.php?rest_route=\/wp\/v2\/posts\/30551\/revisions\/30553"}],"wp:attachment":[{"href":"https:\/\/info.sadowne.pl\/index.php?rest_route=%2Fwp%2Fv2%2Fmedia&parent=30551"}],"wp:term":[{"taxonomy":"category","embeddable":true,"href":"https:\/\/info.sadowne.pl\/index.php?rest_route=%2Fwp%2Fv2%2Fcategories&post=30551"},{"taxonomy":"post_tag","embeddable":true,"href":"https:\/\/info.sadowne.pl\/index.php?rest_route=%2Fwp%2Fv2%2Ftags&post=30551"}],"curies":[{"name":"wp","href":"https:\/\/api.w.org\/{rel}","templated":true}]}}