{"id":30555,"date":"2025-09-28T13:32:14","date_gmt":"2025-09-28T11:32:14","guid":{"rendered":"http:\/\/info.sadowne.pl\/?p=30555"},"modified":"2025-09-28T17:19:12","modified_gmt":"2025-09-28T15:19:12","slug":"80-lecie-liceum-w-sadownem","status":"publish","type":"post","link":"https:\/\/info.sadowne.pl\/?p=30555","title":{"rendered":"80-lecie Liceum w Sadownem"},"content":{"rendered":"<p><a href=\"http:\/\/info.sadowne.pl\/wp-content\/uploads\/2025\/09\/2025.09.27.1.jpg\" target=\"_blank\" rel=\"noopener\"><img loading=\"lazy\" decoding=\"async\" class=\"alignleft wp-image-30557 size-thumbnail\" src=\"http:\/\/info.sadowne.pl\/wp-content\/uploads\/2025\/09\/2025.09.27.1-180x130.jpg\" alt=\"\" width=\"180\" height=\"130\" \/><\/a><\/p>\n<p><strong>27 wrze\u015bnia 2025 roku odby\u0142 si\u0119 VIII Zjazd Absolwent\u00f3w Liceum Og\u00f3lnokszta\u0142c\u0105cego im. W\u0142adys\u0142awa Orkana w Sadownem.<\/strong><!--more--><\/p>\n<p><strong>Kolejny Zjazd Absolwent\u00f3w, ju\u017c \u00f3smy &#8211; okazja do tego niebywa\u0142a, bo 80-ta rocznica utworzenia naszej Szko\u0142y.<\/strong> Rok 1945 by\u0142 dla niej szczeg\u00f3lny \u2013 zako\u0144czenie II wojny \u015bwiatowej, okrutnej dla wszystkich, ale te\u017c by\u0142 to czas na odbudow\u0119 wszelkich zniszcze\u0144, czas na rozw\u00f3j ma\u0142ych osad takich, jak Sadowne. Wrzesie\u0144 1945 roku przyni\u00f3s\u0142 dla sadowie\u0144skiej spo\u0142eczno\u015bci ogromne zmiany \u2013 powsta\u0142a tu szko\u0142a \u015brednia (o powstaniu szko\u0142y wi\u0119cej na stronie <span style=\"color: #0000ff;\"><strong><a style=\"color: #0000ff;\" href=\"https:\/\/www.liceumsadowne.pl\/o-nas\/z-histori-szkoly\/czas-jubileuszyedward-jozef-herman\/\" target=\"_blank\" rel=\"noopener\">https:\/\/www.liceumsadowne.pl\/o-nas\/z-histori-szkoly\/czas-jubileuszyedward-jozef-herman\/<\/a><\/strong><\/span>), inne ciekawostki z historii szko\u0142y dost\u0119pne s\u0105 na stronie <span style=\"color: #0000ff;\"><strong><a style=\"color: #0000ff;\" href=\"https:\/\/www.liceumsadowne.pl\/category\/o-nas\/z-histori-szkoly\/\" target=\"_blank\" rel=\"noopener\">https:\/\/www.liceumsadowne.pl\/category\/o-nas\/z-histori-szkoly\/<\/a><\/strong><\/span>).<\/p>\n<p><strong>To ju\u017c 80 lat! 27 wrze\u015bnia 2025 roku roku Zesp\u00f3\u0142 Szk\u00f3\u0142 Ponadpodstawowych w Sadownem obchodzi\u0142 jubileusz 80-lecia istnienia Liceum Og\u00f3lnokszta\u0142c\u0105cego.<\/strong> W VIII Zje\u017adzie Absolwent\u00f3w zorganizowanym z okazji urodzin Szko\u0142y wzi\u0119\u0142o udzia\u0142 oko\u0142o 300. os\u00f3b \u2013 absolwent\u00f3w i zaproszonych go\u015bci. Uroczysto\u015b\u0107, kt\u00f3rej mottem sta\u0142y si\u0119 s\u0142owa: \u201eLata mijaj\u0105, wspomnienia zostaj\u0105\u201d, rozpocz\u0119\u0142a msza \u015bw. w ko\u015bciele parafialnym pw. \u015bw. Jana Chrzciciela w Sadownem, odprawiona pod przewodnictwem ks. biskupa seniora diecezji drohiczy\u0144skiej Tadeusza Pikusa w intencji absolwent\u00f3w i aktualnych nauczycieli, pracownik\u00f3w i uczni\u00f3w ZSP w Sadownem. Podczas mszy \u015bw. ks. biskup po\u015bwi\u0119ci\u0142 tak\u017ce obraz z wizerunkiem \u015bw. Teresy od Dzieci\u0105tka Jezus, kt\u00f3ry wkr\u00f3tce znajdzie swoje miejsce w budynku szko\u0142y. Dlaczego \u015bw. Teresa, czyj\u0105 jest patronk\u0105 i dlaczego jej wizerunek trafi do sadowie\u0144skiej szko\u0142y? Odpowied\u017a na stronie \u00a0<span style=\"color: #0000ff;\"><strong><a style=\"color: #0000ff;\" href=\"https:\/\/www.liceumsadowne.pl\/o-nas\/z-histori-szkoly\/tereski-nieznane\/\" target=\"_blank\" rel=\"noopener\">https:\/\/www.liceumsadowne.pl\/o-nas\/z-histori-szkoly\/tereski-nieznane\/<\/a><\/strong><\/span>.<\/p>\n<p>Po uroczysto\u015bci ko\u015bcielnej indywidualnie absolwenci odwiedzili te\u017c na pobliskim cmentarzu groby zmar\u0142ych nauczycieli liceum.<\/p>\n<p><strong>Dalsza cz\u0119\u015b\u0107 Zjazdu Absolwent\u00f3w zosta\u0142a przeniesiona do sali gimnastycznej Liceum.<\/strong> Uroczysto\u015b\u0107 sta\u0142a si\u0119 doskona\u0142\u0105 okazj\u0105 do podsumowa\u0144, podzi\u0119kowa\u0144 i wyra\u017cenia wdzi\u0119czno\u015bci za dzia\u0142alno\u015b\u0107 szko\u0142y.<\/p>\n<p><strong>Po wprowadzeniu sztandaru Szko\u0142y i od\u015bpiewaniu hymnu pa\u0144stwowego, uczestnik\u00f3w spotkania powita\u0142 p. S\u0142awomir Ryszawa \u2013 Dyrektor Zespo\u0142u Szk\u00f3\u0142 Ponadpodstawowych w Sadownem:<\/strong><\/p>\n<p><em>\u201eSzanowni Pa\u0144stwo, Drodzy Absolwenci, Uczniowie, Nauczyciele, Rodzice i Przyjaciele naszej szko\u0142y!<\/em><\/p>\n<p><em>Rok 2025 jest rokiem jubileuszowym. Dla naszej spo\u0142eczno\u015bci szkolnej jest r\u00f3wnie\u017c czasem szczeg\u00f3lnym i g\u0142\u0119boko symbolicznym. Obchodzimy bowiem w tym roku jubileusz 80-lecia istnienia Liceum Og\u00f3lnokszta\u0142c\u0105cego im. W\u0142adys\u0142awa Orkana w Sadownem. To niezwyk\u0142y jubileusz, kt\u00f3ry sk\u0142ania nas do refleksji nad histori\u0105 szko\u0142y, do wspomnie\u0144, wzrusze\u0144, a tak\u017ce do sentymentalnego spojrzenia wstecz \u2013 na drog\u0119, kt\u00f3r\u0105 wsp\u00f3lnie przeszli\u015bmy.<\/em><\/p>\n<p><em>Nasze liceum powsta\u0142o w trudnych czasach, w roku 1945, w Polsce, kt\u00f3ra dopiero odbudowywa\u0142a si\u0119 z wojennej po\u017cogi. Od pocz\u0105tku swojego istnienia szko\u0142a d\u0105\u017cy\u0142a do wszechstronnego rozwoju uczni\u00f3w, b\u0119d\u0105c miejscem, w kt\u00f3rym kszta\u0142towano nie tylko wiedz\u0119, ale tak\u017ce postawy obywatelskie, moralne oraz wra\u017cliwo\u015b\u0107 spo\u0142eczn\u0105. By\u0142a o\u015brodkiem kultury, nauki i wychowania. Przez osiem dekad zmienia\u0142y si\u0119 realia spo\u0142eczno-polityczne, programy nauczania i pokolenia uczni\u00f3w. Nie zmieni\u0142o si\u0119 jedno: misja szko\u0142y jako miejsca, gdzie kszta\u0142tuje si\u0119 cz\u0142owieka, jego intelekt, charakter, wra\u017cliwo\u015b\u0107 i odpowiedzialno\u015b\u0107. Nasze Liceum to miejsce, w kt\u00f3rym nauka spotyka si\u0119 z wychowaniem, a tradycja idzie w parze z nowoczesno\u015bci\u0105. Dba\u0142o\u015b\u0107 o wysoki poziom kszta\u0142cenia, przyjazna atmosfera, indywidualne podej\u015bcie do ucznia i zaanga\u017cowanie nauczycieli sprawiaj\u0105, \u017ce szko\u0142\u0105 cieszy si\u0119 zaufaniem zar\u00f3wno w\u015br\u00f3d uczni\u00f3w, jak i rodzic\u00f3w\u2026\u201d<\/em><\/p>\n<p>W dalszej cz\u0119\u015bci swojej wypowiedzi p. Dyrektor om\u00f3wi\u0142 dorobek Liceum, osi\u0105gni\u0119cia jego absolwent\u00f3w, a tak\u017ce atuty obecnej plac\u00f3wki o\u015bwiatowej \u2013 jej etapy rozwoju edukacyjnego i dzia\u0142alno\u015bci w ramach powsta\u0142ego Zespo\u0142u Szk\u00f3\u0142 Ponadpodstawowych, w tym g\u0142\u00f3wnie po utworzeniu Technikum \u017bywienia i Us\u0142ug Gastronomicznych. Wypowied\u017a ta to te\u017c wspomnienie i wyrazy wdzi\u0119czno\u015bci dla wszystkich, kt\u00f3rzy tworzyli i tworz\u0105 spo\u0142eczno\u015b\u0107 Szko\u0142y i dzi\u0119ki kt\u00f3rym mo\u017cliwy jest nieustanny rozw\u00f3j plac\u00f3wki o\u015bwiatowej, jej sukcesy dydaktyczne i wychowawcze, a tak\u017ce bogata dzia\u0142alno\u015b\u0107 kulturalna, sportowa i spo\u0142eczna.<\/p>\n<p><strong>Kolejnym punktem uroczysto\u015bci by\u0142 program artystyczny w wykonaniu obecnych uczni\u00f3w ZSP.<\/strong> By\u0142a to sentymentalna prezentacja s\u0142owno\u2013muzyczna, przedstawiona w ta\u0144cu, piosence oraz poezji. Wyst\u0119py zosta\u0142y nagrodzone du\u017cymi brawami. Podzi\u0119kowania za wyst\u0119p skierowano te\u017c do pedagog\u00f3w, kt\u00f3rzy na bie\u017c\u0105co pracuj\u0105 z m\u0142odzie\u017c\u0105 w zakresie jej artystycznego rozwoju i kt\u00f3rzy przygotowali cz\u0119\u015b\u0107 artystyczn\u0105 Zjazdu Absolwent\u00f3w. S\u0105 to pp.: Miros\u0142awa Renik, Marta Osman, Mariusz W\u00f3jcik i Kamil Kie\u0142ek.<\/p>\n<p><strong>Po cz\u0119\u015bci artystycznej g\u0142os zabrali zaproszeni go\u015bcie<\/strong> \u2013 oczywi\u015bcie da\u0142o si\u0119 s\u0142ysze\u0107 wy\u0142\u0105cznie podzi\u0119kowania, gratulacje i \u017cyczenia na przysz\u0142o\u015b\u0107. Pani Ewa Besztak \u2013 Starosta W\u0119growski i p. Marek Renik \u2013 Wicestarosta W\u0119growski przekazali na r\u0119ce Dyrektora Ryszawy pami\u0105tkowy grawer, p. Micha\u0142 Piotrowski \u2013 przekaza\u0142 upominki i list od pose\u0142 Marii Koc. Z okazji 80-lecia Liceum Rada Gminy Sadowne, na wniosek W\u00f3jta, uhonorowa\u0142a Szko\u0142\u0119 tytu\u0142em honorowym \u201eZas\u0142u\u017cony dla gminy Sadowne\u201d &#8211; dyplom wr\u0119czyli: W\u00f3jt Gminy Sadowne p. Waldemar Cyran, Przewodnicz\u0105cy Rady Gminy Sadowne p. Tomasz Szymanik i Wiceprzewodnicz\u0105ca Rady p. Bo\u017cena Rod\u017a. Ks. Antoni Kunicki, w towarzystwie ks. biskupa Tadeusza Pikusa, przekaza\u0142 na r\u0119ce Dyrektora S\u0142awomira Ryszawy obraz \u015bw. Teresy, wcze\u015bniej po\u015bwi\u0119cony podczas mszy \u015bw. W imieniu emerytowanych nauczycieli i spo\u0142eczno\u015bci szkolnej podzi\u0119kowania i gratulacje dla \u201eJubilatki\u201d przekaza\u0142 emerytowany nauczyciel Liceum p. Krzysztofa K\u0105dzieli.<\/p>\n<p><strong>Po cz\u0119\u015bci oficjalnej uczestnicy uroczysto\u015bci udali si\u0119 na obiad<\/strong>, kt\u00f3rego obs\u0142ug\u0105 zaj\u0119li si\u0119 uczniowie Technikum \u017bywienia i Us\u0142ug Gastronomicznych, a nast\u0119pnie w g\u0142\u00f3wnym budynku szko\u0142y na wszystkich czeka\u0142 s\u0142odki pocz\u0119stunek i &#8211; przy kawie lub herbacie &#8211; spotkania poszczeg\u00f3lnych rocznik\u00f3w w swoich salach lekcyjnych.<\/p>\n<p>Zwie\u0144czeniem uroczysto\u015bci by\u0142 wieczorny bal absolwent\u00f3w \u2013 by\u0142y ta\u0144ce, ale te\u017c niekt\u00f3rzy z \u0142ezk\u0105 w oku przemierzali szkolne korytarze, ogl\u0105daj\u0105c swoje dawne klasy, rozmawiaj\u0105c ze szkolnymi kolegami i wspominaj\u0105c.<\/p>\n<p><strong>Nast\u0119pny Zjazd Absolwent\u00f3w ju\u017c za 5 lat! Ju\u017c teraz zapraszam w imieniu Organizator\u00f3w!<\/strong><\/p>\n<p><span style=\"color: #0000ff;\"><strong><a style=\"color: #0000ff;\" href=\"https:\/\/photos.app.goo.gl\/7m8DXSbA5s651vW48\" target=\"_blank\" rel=\"noopener\">Zdj\u0119cia w galerii Google&gt;&gt;&gt;<\/a><\/strong><\/span><\/p>\n<p><strong>Tekst\/foto:<\/strong> S\u0142awek Chyli\u0144ski \u2013 absolwent LO Sadowne, matura 1982<\/p>\n","protected":false},"excerpt":{"rendered":"<p>27 wrze\u015bnia 2025 roku odby\u0142 si\u0119 VIII Zjazd Absolwent\u00f3w Liceum Og\u00f3lnokszta\u0142c\u0105cego im. W\u0142adys\u0142awa Orkana w Sadownem.<\/p>\n","protected":false},"author":1,"featured_media":0,"comment_status":"closed","ping_status":"closed","sticky":false,"template":"","format":"standard","meta":{"footnotes":""},"categories":[5,1752,85],"tags":[4299,3197,4232],"class_list":["post-30555","post","type-post","status-publish","format-standard","hentry","category-newsy","category-edukacja","category-zsp","tag-viii-zjazd-absolwentow-lo-w-sadownem","tag-zespol-szkol-ponadpodstawowych-w-sadownem","tag-zjazd-absolwentow-lo-sadowne"],"views":3068,"_links":{"self":[{"href":"https:\/\/info.sadowne.pl\/index.php?rest_route=\/wp\/v2\/posts\/30555","targetHints":{"allow":["GET"]}}],"collection":[{"href":"https:\/\/info.sadowne.pl\/index.php?rest_route=\/wp\/v2\/posts"}],"about":[{"href":"https:\/\/info.sadowne.pl\/index.php?rest_route=\/wp\/v2\/types\/post"}],"author":[{"embeddable":true,"href":"https:\/\/info.sadowne.pl\/index.php?rest_route=\/wp\/v2\/users\/1"}],"replies":[{"embeddable":true,"href":"https:\/\/info.sadowne.pl\/index.php?rest_route=%2Fwp%2Fv2%2Fcomments&post=30555"}],"version-history":[{"count":4,"href":"https:\/\/info.sadowne.pl\/index.php?rest_route=\/wp\/v2\/posts\/30555\/revisions"}],"predecessor-version":[{"id":30560,"href":"https:\/\/info.sadowne.pl\/index.php?rest_route=\/wp\/v2\/posts\/30555\/revisions\/30560"}],"wp:attachment":[{"href":"https:\/\/info.sadowne.pl\/index.php?rest_route=%2Fwp%2Fv2%2Fmedia&parent=30555"}],"wp:term":[{"taxonomy":"category","embeddable":true,"href":"https:\/\/info.sadowne.pl\/index.php?rest_route=%2Fwp%2Fv2%2Fcategories&post=30555"},{"taxonomy":"post_tag","embeddable":true,"href":"https:\/\/info.sadowne.pl\/index.php?rest_route=%2Fwp%2Fv2%2Ftags&post=30555"}],"curies":[{"name":"wp","href":"https:\/\/api.w.org\/{rel}","templated":true}]}}