{"id":30573,"date":"2025-10-03T17:35:58","date_gmt":"2025-10-03T15:35:58","guid":{"rendered":"http:\/\/info.sadowne.pl\/?p=30573"},"modified":"2025-10-03T17:35:58","modified_gmt":"2025-10-03T15:35:58","slug":"krzysztof-tomaszewski","status":"publish","type":"post","link":"https:\/\/info.sadowne.pl\/?p=30573","title":{"rendered":"Krzysztof Tomaszewski&#8230;"},"content":{"rendered":"<p><strong><a href=\"http:\/\/info.sadowne.pl\/wp-content\/uploads\/2025\/10\/2025.10.03.1.jpg\" target=\"_blank\" rel=\"noopener\"><img loading=\"lazy\" decoding=\"async\" class=\"alignleft wp-image-30574 size-thumbnail\" src=\"http:\/\/info.sadowne.pl\/wp-content\/uploads\/2025\/10\/2025.10.03.1-180x130.jpg\" alt=\"\" width=\"180\" height=\"130\" \/><\/a>&#8230;wiersz nr 2.<\/strong><!--more--><\/p>\n<p>&nbsp;<\/p>\n<p>&nbsp;<\/p>\n<p>&nbsp;<\/p>\n<p>&nbsp;<\/p>\n<p>&nbsp;<\/p>\n<p style=\"text-align: center;\">* * *<\/p>\n<p style=\"text-align: center;\">brzeg Bugu nas nie spotka<br \/>\nmin\u0119li\u015bmy si\u0119 o kilka niespe\u0142nionych marze\u0144<br \/>\no s\u0142\u00f3w kilka<br \/>\nwypowiedzianych za wcze\u015bnie<\/p>\n<p style=\"text-align: center;\">\u017cal<br \/>\nbo wierzby odetchn\u0119\u0142y po zimie<br \/>\nbazie sposobi\u0105 do wazon\u00f3w<br \/>\na brzozy<br \/>\nodwa\u017cnie<br \/>\np\u0105kom darowa\u0142y odcienie pierwszej zieleni<\/p>\n<p style=\"text-align: center;\">\u017cal<br \/>\nbo wiatr taki ciep\u0142y<br \/>\nserdeczny<br \/>\nprzysiad\u0142 na rozstaju dr\u00f3g<br \/>\noczekuje nas<br \/>\nwszak<br \/>\nzamierzy\u0142 zwichrzy\u0107 czupryny<br \/>\nkilka kropel rosy po\u0142o\u017cy\u0107 na policzkach naszych<br \/>\nby by\u0142y t\u0119czowymi piecz\u0119ciami szcz\u0119\u015bcia<\/p>\n<p style=\"text-align: center;\">brzeg Bugu<br \/>\npusty<br \/>\nbo bez nas<\/p>\n<p style=\"text-align: center;\">niespotkanych&#8230;<\/p>\n<p>&nbsp;<\/p>\n<p><strong>Foto:<\/strong> Wies\u0142aw Maliszewski<\/p>\n","protected":false},"excerpt":{"rendered":"<p>&#8230;wiersz nr 2.<\/p>\n","protected":false},"author":1,"featured_media":0,"comment_status":"closed","ping_status":"closed","sticky":false,"template":"","format":"standard","meta":{"footnotes":""},"categories":[5,48,6,108],"tags":[4253,2730,4254,51],"class_list":["post-30573","post","type-post","status-publish","format-standard","hentry","category-newsy","category-kacik-literacki","category-kultura-rozrywka-edukacja","category-okienko-poetyckie","tag-krzysztof-tomaszewski","tag-poezja","tag-wiersz","tag-wieslaw-maliszewski"],"views":572,"_links":{"self":[{"href":"https:\/\/info.sadowne.pl\/index.php?rest_route=\/wp\/v2\/posts\/30573","targetHints":{"allow":["GET"]}}],"collection":[{"href":"https:\/\/info.sadowne.pl\/index.php?rest_route=\/wp\/v2\/posts"}],"about":[{"href":"https:\/\/info.sadowne.pl\/index.php?rest_route=\/wp\/v2\/types\/post"}],"author":[{"embeddable":true,"href":"https:\/\/info.sadowne.pl\/index.php?rest_route=\/wp\/v2\/users\/1"}],"replies":[{"embeddable":true,"href":"https:\/\/info.sadowne.pl\/index.php?rest_route=%2Fwp%2Fv2%2Fcomments&post=30573"}],"version-history":[{"count":4,"href":"https:\/\/info.sadowne.pl\/index.php?rest_route=\/wp\/v2\/posts\/30573\/revisions"}],"predecessor-version":[{"id":30578,"href":"https:\/\/info.sadowne.pl\/index.php?rest_route=\/wp\/v2\/posts\/30573\/revisions\/30578"}],"wp:attachment":[{"href":"https:\/\/info.sadowne.pl\/index.php?rest_route=%2Fwp%2Fv2%2Fmedia&parent=30573"}],"wp:term":[{"taxonomy":"category","embeddable":true,"href":"https:\/\/info.sadowne.pl\/index.php?rest_route=%2Fwp%2Fv2%2Fcategories&post=30573"},{"taxonomy":"post_tag","embeddable":true,"href":"https:\/\/info.sadowne.pl\/index.php?rest_route=%2Fwp%2Fv2%2Ftags&post=30573"}],"curies":[{"name":"wp","href":"https:\/\/api.w.org\/{rel}","templated":true}]}}