{"id":30656,"date":"2025-10-10T18:28:29","date_gmt":"2025-10-10T16:28:29","guid":{"rendered":"http:\/\/info.sadowne.pl\/?p=30656"},"modified":"2025-10-10T19:06:19","modified_gmt":"2025-10-10T17:06:19","slug":"dzien-nauczyciela-w-zsp-sadowne-3","status":"publish","type":"post","link":"https:\/\/info.sadowne.pl\/?p=30656","title":{"rendered":"Dzie\u0144 Nauczyciela w ZSP Sadowne"},"content":{"rendered":"<p><a href=\"http:\/\/info.sadowne.pl\/wp-content\/uploads\/2025\/10\/2025.10.10.1.jpg\" target=\"_blank\" rel=\"noopener\"><img loading=\"lazy\" decoding=\"async\" class=\"alignleft wp-image-30657 size-thumbnail\" src=\"http:\/\/info.sadowne.pl\/wp-content\/uploads\/2025\/10\/2025.10.10.1-180x130.jpg\" alt=\"\" width=\"180\" height=\"130\" \/><\/a><\/p>\n<p><strong>10 pa\u017adziernika 2025 roku Zesp\u00f3\u0142 Szk\u00f3\u0142 Ponadpodstawowych w Sadownem \u015bwi\u0119towa\u0142 Dzie\u0144 Nauczyciela i 25. Dzie\u0144 Papieski.<\/strong><!--more--><\/p>\n<p><strong>Dzie\u0144 Edukacji Narodowej \u2013 polskie \u015bwi\u0119to o\u015bwiaty i szkolnictwa wy\u017cszego<\/strong> ustanowione w 1972 roku, okre\u015blone ustaw\u0105 \u2013 Karta praw i obowi\u0105zk\u00f3w nauczyciela jako Dzie\u0144 Nauczyciela. Od 1982 roku na mocy ustawy Karta Nauczyciela obchodzone jako Dzie\u0144 Edukacji Narodowej. Upami\u0119tnia rocznic\u0119 powstania Komisji Edukacji Narodowej, kt\u00f3ra zosta\u0142a utworzona z inicjatywy kr\u00f3la Stanis\u0142awa II Augusta Poniatowskiego i zrealizowana przez Sejm Rozbiorowy w dniu 14 pa\u017adziernika 1773 roku. Potocznie dzie\u0144 ten nadal zwany jest Dniem Nauczyciela.<\/p>\n<p><strong>Dzie\u0144 Papie\u017ca Jana Paw\u0142a II \u2013 polskie \u015bwi\u0119to obchodzone co roku 16 pa\u017adziernika<\/strong>, ustanowione przez Sejm Rzeczypospolitej Polskiej w ho\u0142dzie papie\u017cowi Polakowi Janowi Paw\u0142owi II. R\u00f3wnolegle obchodzony jest przez Ko\u015bci\u00f3\u0142 katolicki w Polsce Dzie\u0144 Papieski, przypadaj\u0105cy w niedziel\u0119 bezpo\u015brednio poprzedzaj\u0105c\u0105 rocznic\u0119 wyboru Karola Wojty\u0142y na papie\u017ca.<\/p>\n<p><strong>W Zespole Szk\u00f3\u0142 Ponadpodstawowych w Sadownem postanowiono zorganizowa\u0107 10 pa\u017adziernika br. uroczysto\u015b\u0107, podczas kt\u00f3rej uczczone zostan\u0105 jednocze\u015bnie dwa wymienione \u015bwi\u0119ta.<\/strong> Spotkanie w sali gimnastycznej szko\u0142y rozpocz\u0119to wprowadzeniem sztandaru i od\u015bpiewaniem hymnu pa\u0144stwowego. Przyby\u0142ych powita\u0142 Dyrektor Zespo\u0142u Szk\u00f3\u0142 Ponadpodstawowych w Sadownem p. S\u0142awomir Ryszawa, przekazuj\u0105c najserdeczniejsze \u017cyczenia bohaterom tej uroczysto\u015bci: nauczycielom, pracownikom szko\u0142y i jej emerytom. Na zaproszenie p. Dyrektora w uroczysto\u015bci wzi\u0119li udzia\u0142 emerytowani nauczyciele tej plac\u00f3wki o\u015bwiatowej: p. Barbara S\u00f3wka i p. Krzysztof K\u0105dziela oraz Wicestarosta W\u0119growski p. Marek Renik, a tak\u017ce ksi\u0119\u017ca z miejscowej parafii: ks. Antoni Kunicki i ks. Stanis\u0142aw Wojciechowski.<\/p>\n<p><strong>Jak stwierdzi\u0142 p. Dyrektor, Dzie\u0144 Edukacji Narodowej jest te\u017c okazj\u0105 do wyr\u00f3\u017cnienia nauczycieli za ich prac\u0119 i osi\u0105gni\u0119cia.<\/strong> Nagrod\u0105 Dyrektora ZSP Sadowne zostali wyr\u00f3\u017cnieni pp.: El\u017cbieta Derna\u0142owicz, Magdalena Figo\u0144, Marta Osman, Miros\u0142awa Renik, Kamil Kie\u0142ek, Wojciech \u0141opaci\u0144ski i Mariusz W\u00f3jcik, a nagrod\u0105 Starosty W\u0119growskiego pp.: S\u0142awomir Ryszawa i Janusz Sternicki. Nagrody te zostan\u0105 wr\u0119czone wyr\u00f3\u017cnionym podczas powiatowych obchod\u00f3w Dnia Edukacji Narodowej, kt\u00f3re odb\u0119d\u0105 si\u0119 16 pa\u017adziernika br. w W\u0119growie.<\/p>\n<p><strong>Pod okiem przygotowuj\u0105cych t\u0119 cz\u0119\u015b\u0107 uroczysto\u015bci<\/strong> pp.: Miros\u0142awy Renik, Marty Osman, Mariusza W\u00f3jcika i K. Kie\u0142ka, uczniowie podzi\u0119kowali \u201ebohaterom\u201d Dnia Nauczyciela i z\u0142o\u017cyli im \u017cyczenia oraz zaprezentowali cz\u0119\u015b\u0107 artystyczn\u0105 &#8211; przedstawienie\u00a0 inspirowane powie\u015bci\u0105 Kornela Makuszy\u0144skiego &#8222;Bezgrzeszne lata&#8221;.<\/p>\n<p><strong>Druga cz\u0119\u015b\u0107 uroczysto\u015bci to obchody 25. Dnia Papieskiego<\/strong> to prezentacja s\u0142owno \u2013 muzyczna, przygotowana przez uczni\u00f3w wsp\u00f3lnie z ks. Krzysztofem Rzepczy\u0144skim i p. Kamilem Kie\u0142kiem. Uczestnikom spotkania przybli\u017cono posta\u0107 pierwszych powojennych sadowie\u0144skich nauczycielek &#8211; si\u00f3str zakonnych, kt\u00f3re nale\u017ca\u0142y do bezhabitowego Zgromadzenia Si\u00f3str \u015bw. Teresy od Dzieci\u0105tka Jezus &#8211; wy\u015bwi\u0119cony dwa tygodnie temu obraz \u015bw. Teresy znalaz\u0142 swoje miejsce na szkolnym korytarzu, przy pokoju nauczycielskim ZSP. Uroczysto\u015b\u0107 zako\u0144czono wsp\u00f3lnym od\u015bpiewaniem \u201eBarki\u201d, tym razem pod kierunkiem Magdy Narowskiej.<\/p>\n<p>Podczas wyst\u0105pie\u0144 w trakcie spotkania nauczycielom, pracownikom administracji i obs\u0142ugi oraz emerytom \u017cyczenia przekazali r\u00f3wnie\u017c: p. Marek Renik kt\u00f3ry na r\u0119ce p. Dyrektora przekaza\u0142 pisemne podzi\u0119kowania i \u017cyczenia od p. Starosty Ewy Besztak, ks. Antoni Kunicki ks. Stanis\u0142aw Wojciechowski.<\/p>\n<p><span style=\"color: #0000ff;\"><a style=\"color: #0000ff;\" href=\"https:\/\/photos.app.goo.gl\/wbmQRmhQAsa6KkVb6\" target=\"_blank\" rel=\"noopener\"><strong>Zdj\u0119cia w galerii Google&gt;&gt;&gt;<\/strong><\/a><\/span><\/p>\n<p><strong>Tekst\/foto:<\/strong> S\u0142awek Chyli\u0144ski<\/p>\n","protected":false},"excerpt":{"rendered":"<p>10 pa\u017adziernika 2025 roku Zesp\u00f3\u0142 Szk\u00f3\u0142 Ponadpodstawowych w Sadownem \u015bwi\u0119towa\u0142 Dzie\u0144 Nauczyciela i 25. Dzie\u0144 Papieski.<\/p>\n","protected":false},"author":1,"featured_media":0,"comment_status":"closed","ping_status":"closed","sticky":false,"template":"","format":"standard","meta":{"footnotes":""},"categories":[5,1752,85],"tags":[4311,4310,3197],"class_list":["post-30656","post","type-post","status-publish","format-standard","hentry","category-newsy","category-edukacja","category-zsp","tag-25-dzien-papieski","tag-dzien-nauczyciela-2025","tag-zespol-szkol-ponadpodstawowych-w-sadownem"],"views":895,"_links":{"self":[{"href":"https:\/\/info.sadowne.pl\/index.php?rest_route=\/wp\/v2\/posts\/30656","targetHints":{"allow":["GET"]}}],"collection":[{"href":"https:\/\/info.sadowne.pl\/index.php?rest_route=\/wp\/v2\/posts"}],"about":[{"href":"https:\/\/info.sadowne.pl\/index.php?rest_route=\/wp\/v2\/types\/post"}],"author":[{"embeddable":true,"href":"https:\/\/info.sadowne.pl\/index.php?rest_route=\/wp\/v2\/users\/1"}],"replies":[{"embeddable":true,"href":"https:\/\/info.sadowne.pl\/index.php?rest_route=%2Fwp%2Fv2%2Fcomments&post=30656"}],"version-history":[{"count":4,"href":"https:\/\/info.sadowne.pl\/index.php?rest_route=\/wp\/v2\/posts\/30656\/revisions"}],"predecessor-version":[{"id":30667,"href":"https:\/\/info.sadowne.pl\/index.php?rest_route=\/wp\/v2\/posts\/30656\/revisions\/30667"}],"wp:attachment":[{"href":"https:\/\/info.sadowne.pl\/index.php?rest_route=%2Fwp%2Fv2%2Fmedia&parent=30656"}],"wp:term":[{"taxonomy":"category","embeddable":true,"href":"https:\/\/info.sadowne.pl\/index.php?rest_route=%2Fwp%2Fv2%2Fcategories&post=30656"},{"taxonomy":"post_tag","embeddable":true,"href":"https:\/\/info.sadowne.pl\/index.php?rest_route=%2Fwp%2Fv2%2Ftags&post=30656"}],"curies":[{"name":"wp","href":"https:\/\/api.w.org\/{rel}","templated":true}]}}