{"id":30693,"date":"2025-10-13T19:54:07","date_gmt":"2025-10-13T17:54:07","guid":{"rendered":"http:\/\/info.sadowne.pl\/?p=30693"},"modified":"2025-10-13T19:54:07","modified_gmt":"2025-10-13T17:54:07","slug":"w-podstawowce-uczczono-dzien-nauczyciela","status":"publish","type":"post","link":"https:\/\/info.sadowne.pl\/?p=30693","title":{"rendered":"W podstaw\u00f3wce uczczono Dzie\u0144 Nauczyciela!"},"content":{"rendered":"<p><a href=\"http:\/\/info.sadowne.pl\/wp-content\/uploads\/2025\/10\/2025.10.13.1.jpg\" target=\"_blank\" rel=\"noopener\"><img loading=\"lazy\" decoding=\"async\" class=\"alignleft wp-image-30694 size-thumbnail\" src=\"http:\/\/info.sadowne.pl\/wp-content\/uploads\/2025\/10\/2025.10.13.1-180x130.jpg\" alt=\"\" width=\"180\" height=\"130\" \/><\/a><\/p>\n<p><strong>13 pa\u017adziernika 2025 roku w Szkole Podstawowej im. b\u0142. ks. Edwarda Grzyma\u0142y w Sadownem odby\u0142y si\u0119 uroczyste obchody Dnia Edukacji Narodowej, a inaczej &#8211; Dnia Nauczyciela.<\/strong><!--more--><\/p>\n<p><strong>Tym razem odst\u0105pi\u0119 od publikacji w\u0142asnego opisu tak wa\u017cnego dla spo\u0142eczno\u015bci szkolnej wydarzenia, a zacytuj\u0119 fragmenty wyst\u0105pienia p. Dyrektor Szko\u0142y Podstawowej<\/strong>, kt\u00f3re doskonale odwzorowuj\u0105 cel, sens i przebieg dzisiejszego spotkania. Po powitaniu wszystkich przyby\u0142ych na spotkanie, p. Ma\u0142gorzata Koro\u015b zwr\u00f3ci\u0142a si\u0119 do uczestnik\u00f3w uroczysto\u015bci:<\/p>\n<p><em>Szanowni Pa\u0144stwo! Przybyli Go\u015bcie, Grono Pedagogiczne, Pracownicy Administracji i Obs\u0142ugi, Uczniowie oraz Szanowni Rodzice! Zebrali\u015bmy si\u0119 dzi\u015b razem, by uroczy\u015bcie \u015bwi\u0119towa\u0107 Dzie\u0144 Edukacji Narodowej!<\/em><\/p>\n<p><em>Dzie\u0144 Edukacji Narodowej to polskie \u015bwi\u0119to o\u015bwiaty upami\u0119tniaj\u0105ce powstanie Komisji Edukacji Narodowej, kt\u00f3ra sta\u0142\u0105 si\u0119 podstaw\u0105 nowoczesnej edukacji, pomocnej w przetrwaniu trudnego czasu zabor\u00f3w. R\u00f3wnie\u017c dzisiaj edukacja jest wsp\u00f3lnym dobrem, a proces kszta\u0142cenia i wychowania zadaniem trudnym oraz wymagaj\u0105cym. Dobrze wiemy, \u017ce nale\u017cycie wykszta\u0142cona i wychowana m\u0142odzie\u017c stanowi o warto\u015bci lokalnej spo\u0142eczno\u015bci. Jest jej nadziej\u0105 na lepsze jutro. Dla naszej spo\u0142eczno\u015bci szkolnej dzie\u0144 ten kojarzy si\u0119 z nauczycielem, bo on edukuje \u2013 uczy, zwany jest tak\u017ce popularnie \u201eDniem Nauczyciela\u201d\u2026<\/em><\/p>\n<p><em>\u2026Nauczyciele wykonuj\u0105 ci\u0119\u017ck\u0105 prac\u0119. Nie tylko przekazuj\u0105 wiedz\u0119, ale te\u017c wskazuj\u0105 wychowankom cenne warto\u015bci oraz towarzysz\u0105 im w wa\u017cnych momentach. Pami\u0119taj\u0105, \u017ce dzieci \u201epotrzebuj\u0105 ich nawet wtedy, gdy odtr\u0105caj\u0105 pomocn\u0105 d\u0142o\u0144 czy buntuj\u0105 si\u0119\u201d. U\u015bwiadamiaj\u0105, \u017ce licz\u0105 si\u0119 nie tylko sukcesy, a pora\u017cki czy trudno\u015bci mog\u0105 okaza\u0107 si\u0119 czym\u015b po\u017cytecznym, co wzmacnia cz\u0142owieka i pozwala mu odkrywa\u0107 w\u0142asn\u0105 si\u0142\u0119\u2026<\/em><\/p>\n<p><em>\u2026O trudnej pracy nauczyciela m\u00f3wi\u0142 tak\u017ce Jan Pawe\u0142 II podczas homilii, wyg\u0142oszonej w \u0141owiczu 26 lat temu\u2026 Obchodz\u0105c Dzie\u0144 Edukacji Narodowej pragn\u0119 podzi\u0119kowa\u0107 tym wszystkim, kt\u00f3rzy \u2013 wed\u0142ug zamys\u0142u Jana Paw\u0142a II \u2013 powa\u017cnie i z zaanga\u017cowaniem w\u0142\u0105czaj\u0105 si\u0119 w proces pog\u0142\u0119biania wiedzy.<\/em><\/p>\n<p><em>Wszystkim Nauczycielom, Pracownikom Szko\u0142y, Rodzicom i Uczniom sk\u0142adam najserdeczniejsze \u017cyczenia z okazji Dnia Edukacji Narodowej. Nauczycielom \u2013 aby nie\u015bli kaganek o\u015bwiaty, maj\u0105c niezachwian\u0105 nadziej\u0119, \u017ce to, co robi\u0105 na rzecz edukacji, jest drog\u0105 do wychowania nowych pokole\u0144 Polak\u00f3w.<\/em><\/p>\n<p><em>Pracownikom administracji i obs\u0142ugi \u2013 To dzi\u0119ki Wam praca dyrekcji i pedagog\u00f3w oraz pobyt uczni\u00f3w w szkole przebiegaj\u0105 sprawnie i bez zarzutu. Dbacie, by ka\u017cdy w tych murach czu\u0142 si\u0119 bezpiecznie i komfortowo. Dzi\u0119kuj\u0119 Wam za wsparcie i trud, a jednocze\u015bnie \u017cycz\u0105, by dalsza praca przynosi\u0142a Wam rado\u015b\u0107 i dawa\u0142a zawodowe spe\u0142nienie.<\/em><\/p>\n<p><em>Rodzicom \u2013 Dzi\u0119kujemy za zaufanie i codzienn\u0105 wsp\u00f3\u0142prac\u0119 &#8211; wsp\u00f3lnie tworzymy zesp\u00f3\u0142 kt\u00f3rego celem jest dobry start naszych dzieci w przysz\u0142o\u015b\u0107. \u017byczymy aby\u015bcie mieli wiele rado\u015bci i satysfakcji z osi\u0105gni\u0119\u0107 swoich pociech oraz bardzo dobre relacje z dzie\u0107mi.<\/em><\/p>\n<p><em>Uczniom \u2013 Aby zawsze chcieli wiedzie\u0107 wi\u0119cej, odkrywali w sobie nowe pasje, mieli nieustaj\u0105c\u0105 ciekawo\u015b\u0107 \u015bwiata i ludzi, wierzyli, \u017ce prawdziwie wielki jest ten, kt\u00f3ry chce si\u0119 czego\u015b nauczy\u0107.<\/em><\/p>\n<p><em>Szczeg\u00f3lne \u017cyczenia kieruj\u0119 do Emerytowanych Nauczycieli. Wszystkim Pa\u0144stwu \u017cycz\u0119 wszelkiej pomy\u015blno\u015bci, zdrowia, rado\u015bci, wytrwa\u0142o\u015bci w pokonywaniu codziennych trudno\u015bci i powodzenia w \u017cyciu osobistym. Wiedzcie, Drodzy Pa\u0144stwo, \u017ce pami\u0119tamy o Was i dzi\u0119kujemy za Wasz\u0105 prac\u0119 na rzecz naszej szko\u0142y. To Wy, Szanowni Emeryci, tworzyli\u015bcie jej histori\u0119.<\/em><\/p>\n<p><em>S\u0142owa podzi\u0119kowania kieruj\u0119 tak\u017ce do w\u0142adz gminnych i parafialnych za to, \u017ce pami\u0119taj\u0105 o naszej szkole i mo\u017cemy zawsze od nich uzyska\u0107 szerokie wsparcie.<\/em><\/p>\n<p><em>Moje wyst\u0105pienie zako\u0144cz\u0119 pi\u0119knym aforyzmem Ralph`a Emersona na temat tego, kto to jest nauczyciel: \u201eNauczycielem jest ten, kto potrafi z trudnych rzeczy uczyni\u0107 \u0142atwe\u201d. \u017bycz\u0119, \u017ceby\u015bmy potrafili tak naucza\u0107, aby nasi uczniowie zrozumieli najtrudniejsze zagadnienia.<\/em><\/p>\n<p><em>Z okazji Dnia Edukacji Narodowej wr\u0119czane s\u0105 ka\u017cdego roku Nagrody Dyrektora Szko\u0142y. W naszej szkole pracuj\u0105 nauczyciele, kt\u00f3rzy bardzo dobrze wype\u0142niaj\u0105 swoje obowi\u0105zki i podejmuj\u0105 dzia\u0142ania poza te konieczne, wykonuj\u0105 szereg dodatkowych zada\u0144, kt\u00f3re wp\u0142ywaj\u0105 na jako\u015b\u0107 pracy szko\u0142y. Pracuj\u0119 w zespole nauczycieli, na kt\u00f3rych zawsze mog\u0119 liczy\u0107 i dzi\u0119kuj\u0119 wszystkim.<\/em><\/p>\n<p><strong>Nagrod\u0119 Dyrektora Szko\u0142y otrzymali pp.:<\/strong><\/p>\n<p>&#8211; Urszula Kasiak<\/p>\n<p>&#8211; Arkadiusz Kotowski<\/p>\n<p>&#8211; Gra\u017cyna Bala<\/p>\n<p>&#8211; El\u017cbieta D\u0119bkowska \u2013 Akonom<\/p>\n<p>&#8211; Aldona Ga\u0142ecka<\/p>\n<p>&#8211; Dorota Ga\u0142\u0105zka<\/p>\n<p>&#8211; S\u0142awomir Akonom<\/p>\n<p>&#8211; Hanna Dymicka<\/p>\n<p>&#8211; Anna Gierej<\/p>\n<p>&#8211; Aneta Popowska \u2013 Filipiak<\/p>\n<p>&#8211; Magdalena Zadro\u017cna<\/p>\n<p>&#8211; Sylwia Ilczuk<\/p>\n<p>&#8211; Marcin Ilczuk<\/p>\n<p>&#8211; Marek Konik<\/p>\n<p>&#8211; Ewa Go\u0142aszewska<\/p>\n<p>&#8211; Teresa Rostek<\/p>\n<p>&#8211; Maria Jod\u0142owska<\/p>\n<p><strong>Wr\u0119czono te\u017c nagrody W\u00f3jta Gminy Sadowne.<\/strong> Z r\u0105k Zast\u0119pcy W\u00f3jta p. Marcina Gr\u0119dy otrzymali je pp.:<\/p>\n<p>&#8211; Ma\u0142gorzata Koro\u015b<\/p>\n<p>&#8211; Dorota Ga\u0142\u0105zka<\/p>\n<p>&#8211; S\u0142awomir Akonom<\/p>\n<p><strong>Po kr\u00f3tkiej wypowiedzi proboszcza Parafii Sadowne ks. kanonika Antoniego Kunickiego, odby\u0142a si\u0119 s\u0142owno \u2013 muzyczna cz\u0119\u015b\u0107 artystyczna<\/strong>, kt\u00f3r\u0105 przygotowali uczniowie pod okiem pedagog\u00f3w. Uroczysto\u015b\u0107 przygotowali pp.: Aneta Popowska \u2013 Filipiak, Sylwia Ilczuk, Aldona Ga\u0142ecka, Katarzyna Sk\u00f3ra, Marek Konik i ks. Piotr P\u0119dzich.<\/p>\n<p>I prosz\u0119 mi wierzy\u0107, to by\u0142a \u015bwietnie przygotowana oraz wykonana prezentacja artystyczna. Wiele tego rodzaju uroczysto\u015bci widzia\u0142em wcze\u015bniej, ale nigdzie nie spotka\u0142em si\u0119 z\u2026 ko\u0144cz\u0105cym wyst\u0119py i uroczysto\u015b\u0107 wsp\u00f3lnym ta\u0144cem \u201eca\u0142ej szko\u0142y\u201d oraz go\u015bci w rytm nowoczesnej muzyki \u2013 by\u0142 to utw\u00f3r pt. \u201eMueve la colita\u201d. Gratuluj\u0119 pomys\u0142u!<\/p>\n<p><strong>Aha! Oczywi\u015bcie by\u0142y te\u017c<\/strong> indywidualne \u017cyczenia, kwiaty na r\u0119ce p. Dyrektor od uczni\u00f3w, a tak\u017ce Przewodnicz\u0105cej Rady Rodzic\u00f3w p. Anny P\u0142ocharskiej.<\/p>\n<p><strong>Dzi\u0119kuj\u0119 za wsp\u00f3lnie sp\u0119dzony uroczysty dzie\u0144 i przy\u0142\u0105czam si\u0119 do \u017cycze\u0144 p. Dyrektor dla Nauczycieli, Pracownik\u00f3w administracji i obs\u0142ugi, Rodzic\u00f3w oraz Uczni\u00f3w. Wszystkiego dobrego Moi Drodzy!<\/strong><\/p>\n<p><span style=\"color: #0000ff;\"><a style=\"color: #0000ff;\" href=\"https:\/\/photos.app.goo.gl\/GEvHYeFTzmTKDQaAA\" target=\"_blank\" rel=\"noopener\"><strong>Zdj\u0119cia w galerii Google&gt;&gt;&gt;<\/strong><\/a><\/span><\/p>\n<p><strong>Tekst\/foto:<\/strong> S\u0142awek Chyli\u0144ski<\/p>\n","protected":false},"excerpt":{"rendered":"<p>13 pa\u017adziernika 2025 roku w Szkole Podstawowej im. b\u0142. ks. Edwarda Grzyma\u0142y w Sadownem odby\u0142y si\u0119 uroczyste obchody Dnia Edukacji Narodowej, a inaczej &#8211; Dnia Nauczyciela.<\/p>\n","protected":false},"author":1,"featured_media":0,"comment_status":"closed","ping_status":"closed","sticky":false,"template":"","format":"standard","meta":{"footnotes":""},"categories":[5,1752,84],"tags":[4310,16],"class_list":["post-30693","post","type-post","status-publish","format-standard","hentry","category-newsy","category-edukacja","category-szkola-podstawowa-im-cz-wycecha","tag-dzien-nauczyciela-2025","tag-szkola-podstawowa-w-sadownem"],"views":1062,"_links":{"self":[{"href":"https:\/\/info.sadowne.pl\/index.php?rest_route=\/wp\/v2\/posts\/30693","targetHints":{"allow":["GET"]}}],"collection":[{"href":"https:\/\/info.sadowne.pl\/index.php?rest_route=\/wp\/v2\/posts"}],"about":[{"href":"https:\/\/info.sadowne.pl\/index.php?rest_route=\/wp\/v2\/types\/post"}],"author":[{"embeddable":true,"href":"https:\/\/info.sadowne.pl\/index.php?rest_route=\/wp\/v2\/users\/1"}],"replies":[{"embeddable":true,"href":"https:\/\/info.sadowne.pl\/index.php?rest_route=%2Fwp%2Fv2%2Fcomments&post=30693"}],"version-history":[{"count":1,"href":"https:\/\/info.sadowne.pl\/index.php?rest_route=\/wp\/v2\/posts\/30693\/revisions"}],"predecessor-version":[{"id":30695,"href":"https:\/\/info.sadowne.pl\/index.php?rest_route=\/wp\/v2\/posts\/30693\/revisions\/30695"}],"wp:attachment":[{"href":"https:\/\/info.sadowne.pl\/index.php?rest_route=%2Fwp%2Fv2%2Fmedia&parent=30693"}],"wp:term":[{"taxonomy":"category","embeddable":true,"href":"https:\/\/info.sadowne.pl\/index.php?rest_route=%2Fwp%2Fv2%2Fcategories&post=30693"},{"taxonomy":"post_tag","embeddable":true,"href":"https:\/\/info.sadowne.pl\/index.php?rest_route=%2Fwp%2Fv2%2Ftags&post=30693"}],"curies":[{"name":"wp","href":"https:\/\/api.w.org\/{rel}","templated":true}]}}