{"id":30724,"date":"2025-10-16T17:40:07","date_gmt":"2025-10-16T15:40:07","guid":{"rendered":"http:\/\/info.sadowne.pl\/?p=30724"},"modified":"2025-10-16T17:40:07","modified_gmt":"2025-10-16T15:40:07","slug":"wszystko-wskazuje-na-to-ze-pobito-rekord","status":"publish","type":"post","link":"https:\/\/info.sadowne.pl\/?p=30724","title":{"rendered":"Wszystko wskazuje na to, \u017ce pobito rekord!"},"content":{"rendered":"<p><a href=\"http:\/\/info.sadowne.pl\/wp-content\/uploads\/2025\/10\/2025.10.16.5.jpg\" target=\"_blank\" rel=\"noopener\"><img loading=\"lazy\" decoding=\"async\" class=\"alignleft wp-image-30725 size-thumbnail\" src=\"http:\/\/info.sadowne.pl\/wp-content\/uploads\/2025\/10\/2025.10.16.5-180x130.jpg\" alt=\"\" width=\"180\" height=\"130\" \/><\/a><\/p>\n<p><strong>16 pa\u017adziernika br. w hali sportowej przy Szkole Podstawowej im. b\u0142. ks. Edwarda Grzyma\u0142y bito Rekord w pierwszej pomocy. \u00a0<\/strong><!--more--><\/p>\n<p><strong>Na stronie <a href=\"http:\/\/www.wosp.org.pl\" target=\"_blank\" rel=\"noopener\">www.wosp.org.pl<\/a> czytamy:<\/strong> <em>Fundacja WO\u015aP od ponad 19 lat popularyzuje wiedz\u0119 z zakresu pierwszej pomocy w ramach Programu Edukacyjnego &#8222;Ratujemy i Uczymy Ratowa\u0107&#8221;. Jednym ze sposob\u00f3w na m\u00f3wienie o tym, jak pomocy udziela\u0107, jest Rekord w pierwszej pomocy, organizowany 16 pa\u017adziernika. W\u0142a\u015bnie tak obchodzimy Europejski Dzie\u0144 Przywracania Czynno\u015bci Serca, ustanowiony w 2013 roku. W ci\u0105gu 8. dotychczasowych edycji akcji (w latach 2013-2024) uczestniczy\u0142o w niej 777 460 os\u00f3b!<\/em><\/p>\n<p><em>Samo wydarzenie \u0142\u0105czy wiedz\u0119 z dobr\u0105 zabaw\u0105 &#8211; polega na prowadzeniu resuscytacji kr\u0105\u017ceniowo-oddechowej na fantomie przez 30 minut. W tym roku rekord by\u0142 bity w 1237 miejscowo\u015bciach!<\/em><\/p>\n<p><em>Udzia\u0142 w wydarzeniu zadeklarowa\u0142o 155 379 os\u00f3b i 1 443 instytucji &#8211; to blisko 40 tysi\u0119cy os\u00f3b i 400 instytucji wi\u0119cej ni\u017c przed rokiem. Wszystko wskazuje na to, \u017ce pobili\u015bmy Rekord w pierwszej pomocy, ustanowiony przez nas w 2019 roku! Oficjalne wyniki przedstawimy za kilka dni, po zako\u0144czeniu wszystkich formalno\u015bci z organizatorami lokalnych wydarze\u0144.<\/em><\/p>\n<p><strong>W Sadownem 16 pa\u017adziernika 2025 roku o godz. 12.00 do bicia rekordu przyst\u0105pili<\/strong> uczniowie i pracownicy Szko\u0142y Podstawowej w Sadownem, w tym druhowie ze 123. Dru\u017cyny Harcerskiej \u201eW\u0142\u00f3czykije\u201d w Sadownem, ale te\u017c: \u00a0reprezentacja Szko\u0142y Podstawowej im. ks. Jana Twardowskiego w Grabinach, pracownicy Gminnego O\u015brodka Kultury w Sadownem, Gminnej Biblioteki publicznej w Sadownem, druhowie z Ochotniczej Stra\u017cy Po\u017carnej w Sadownem i oczywi\u015bcie mieszka\u0144cy Sadownego. Wszystkimi, a by\u0142o to ok. 400 os\u00f3b, w trakcie bicia rekordu kierowa\u0142 p. Marcin Ilczuk, kt\u00f3ry jest g\u0142\u00f3wnym organizatorem tej akcji na terenie Sadownego.<\/p>\n<p><strong>W imieniu organizatora sk\u0142adam podzi\u0119kowania wszystkim uczestnikom sadowie\u0144skiego bicia Rekordu w pierwszej pomocy oraz wpieraj\u0105cym ich osobom i podmiotom. Do zobaczenia za rok!<\/strong><\/p>\n<p><span style=\"color: #0000ff;\"><a style=\"color: #0000ff;\" href=\"https:\/\/photos.app.goo.gl\/xxtR2hDPLZScnmLP6\" target=\"_blank\" rel=\"noopener\"><strong>Zdj\u0119cia w galerii Google&gt;&gt;&gt;<\/strong><\/a><\/span><\/p>\n<p><strong>Tekst\/foto:<\/strong> S\u0142awek Chyli\u0144ski<\/p>\n<p><strong>\u0179r\u00f3d\u0142o:<\/strong> <a href=\"http:\/\/www.wosp.org.pl\" target=\"_blank\" rel=\"noopener\">www.wosp.org.pl<\/a><\/p>\n","protected":false},"excerpt":{"rendered":"<p>16 pa\u017adziernika br. w hali sportowej przy Szkole Podstawowej im. b\u0142. ks. Edwarda Grzyma\u0142y bito Rekord w pierwszej pomocy. \u00a0<\/p>\n","protected":false},"author":1,"featured_media":0,"comment_status":"closed","ping_status":"closed","sticky":false,"template":"","format":"standard","meta":{"footnotes":""},"categories":[5,1670,1752,84,1120],"tags":[4304,113,169,1797,4317,2935,16],"class_list":["post-30724","post","type-post","status-publish","format-standard","hentry","category-newsy","category-druzyna-harcerska-wloczykije","category-edukacja","category-szkola-podstawowa-im-cz-wycecha","category-zespol-szkolno-przedszkolny-w-grabinach","tag-bicie-rekordu-w-pierwszej-pomocy","tag-gminna-biblioteka-publiczna-w-sadownem","tag-gminny-osrodek-kultury-w-sadownem","tag-marcin-ilczuk","tag-ochotnicza-straz-pozarna-w-sadownem","tag-szkola-podstawowa-w-grabinach","tag-szkola-podstawowa-w-sadownem"],"views":795,"_links":{"self":[{"href":"https:\/\/info.sadowne.pl\/index.php?rest_route=\/wp\/v2\/posts\/30724","targetHints":{"allow":["GET"]}}],"collection":[{"href":"https:\/\/info.sadowne.pl\/index.php?rest_route=\/wp\/v2\/posts"}],"about":[{"href":"https:\/\/info.sadowne.pl\/index.php?rest_route=\/wp\/v2\/types\/post"}],"author":[{"embeddable":true,"href":"https:\/\/info.sadowne.pl\/index.php?rest_route=\/wp\/v2\/users\/1"}],"replies":[{"embeddable":true,"href":"https:\/\/info.sadowne.pl\/index.php?rest_route=%2Fwp%2Fv2%2Fcomments&post=30724"}],"version-history":[{"count":1,"href":"https:\/\/info.sadowne.pl\/index.php?rest_route=\/wp\/v2\/posts\/30724\/revisions"}],"predecessor-version":[{"id":30726,"href":"https:\/\/info.sadowne.pl\/index.php?rest_route=\/wp\/v2\/posts\/30724\/revisions\/30726"}],"wp:attachment":[{"href":"https:\/\/info.sadowne.pl\/index.php?rest_route=%2Fwp%2Fv2%2Fmedia&parent=30724"}],"wp:term":[{"taxonomy":"category","embeddable":true,"href":"https:\/\/info.sadowne.pl\/index.php?rest_route=%2Fwp%2Fv2%2Fcategories&post=30724"},{"taxonomy":"post_tag","embeddable":true,"href":"https:\/\/info.sadowne.pl\/index.php?rest_route=%2Fwp%2Fv2%2Ftags&post=30724"}],"curies":[{"name":"wp","href":"https:\/\/api.w.org\/{rel}","templated":true}]}}