{"id":30728,"date":"2025-10-17T17:19:10","date_gmt":"2025-10-17T15:19:10","guid":{"rendered":"http:\/\/info.sadowne.pl\/?p=30728"},"modified":"2025-10-17T17:19:10","modified_gmt":"2025-10-17T15:19:10","slug":"bez-tytulu-czwarty-wiersz","status":"publish","type":"post","link":"https:\/\/info.sadowne.pl\/?p=30728","title":{"rendered":"Bez tytu\u0142u &#8211; czwarty wiersz"},"content":{"rendered":"<p><strong><a href=\"http:\/\/info.sadowne.pl\/wp-content\/uploads\/2025\/10\/2025.10.17.1.jpg\" target=\"_blank\" rel=\"noopener\"><img loading=\"lazy\" decoding=\"async\" class=\"alignleft wp-image-30729 size-thumbnail\" src=\"http:\/\/info.sadowne.pl\/wp-content\/uploads\/2025\/10\/2025.10.17.1-180x130.jpg\" alt=\"\" width=\"180\" height=\"130\" \/><\/a>Kolejny wiersz Krzysztofa Tomaszewskiego.<\/strong><!--more--><\/p>\n<p>&nbsp;<\/p>\n<p>&nbsp;<\/p>\n<p>&nbsp;<\/p>\n<p>&nbsp;<\/p>\n<p>&nbsp;<\/p>\n<p>&nbsp;<\/p>\n<p style=\"text-align: center;\">\n* * *<\/p>\n<p style=\"text-align: center;\">zabawi\u0119 si\u0119 w chwytanie<br \/>\nnici babiego lata<br \/>\nkto by pomy\u015bla\u0142<br \/>\nzn\u00f3w jesie\u0144<\/p>\n<p style=\"text-align: center;\">dniem zawiruj\u0119 senny<br \/>\npo\u0142o\u017c\u0119 wrzos na kolana dziewczyny<br \/>\nprzem\u00f3wi\u0119 gdy zechce<br \/>\nprzytuli\u0107 ga\u0142\u0105zki ja\u0142owca<\/p>\n<p style=\"text-align: center;\">b\u0119d\u0119 przewrotnie optymistyczny<\/p>\n<p style=\"text-align: center;\">nie b\u0119d\u0119 p\u0142aka\u0142 nad upad\u0142ym li\u015bciem<br \/>\nani nad tob\u0105 z wrzosami<\/p>\n<p style=\"text-align: center;\">zwyczajnie pozostan\u0119<br \/>\nw zapachu pieczonych ziemniak\u00f3w<\/p>\n<p style=\"text-align: right;\"><em>Z arkusza poetyckiego<\/em><br \/>\n<em>\u201cSzeptem czyli wcale\u201d \u2013 1986 r.<\/em><\/p>\n<p><strong>Foto:<\/strong> Wies\u0142aw Maliszewski<\/p>\n","protected":false},"excerpt":{"rendered":"<p>Kolejny wiersz Krzysztofa Tomaszewskiego.<\/p>\n","protected":false},"author":1,"featured_media":0,"comment_status":"closed","ping_status":"closed","sticky":false,"template":"","format":"standard","meta":{"footnotes":""},"categories":[5,48,6,108],"tags":[4253,3669,2730,51],"class_list":["post-30728","post","type-post","status-publish","format-standard","hentry","category-newsy","category-kacik-literacki","category-kultura-rozrywka-edukacja","category-okienko-poetyckie","tag-krzysztof-tomaszewski","tag-okienko-poetyckie","tag-poezja","tag-wieslaw-maliszewski"],"views":495,"_links":{"self":[{"href":"https:\/\/info.sadowne.pl\/index.php?rest_route=\/wp\/v2\/posts\/30728","targetHints":{"allow":["GET"]}}],"collection":[{"href":"https:\/\/info.sadowne.pl\/index.php?rest_route=\/wp\/v2\/posts"}],"about":[{"href":"https:\/\/info.sadowne.pl\/index.php?rest_route=\/wp\/v2\/types\/post"}],"author":[{"embeddable":true,"href":"https:\/\/info.sadowne.pl\/index.php?rest_route=\/wp\/v2\/users\/1"}],"replies":[{"embeddable":true,"href":"https:\/\/info.sadowne.pl\/index.php?rest_route=%2Fwp%2Fv2%2Fcomments&post=30728"}],"version-history":[{"count":4,"href":"https:\/\/info.sadowne.pl\/index.php?rest_route=\/wp\/v2\/posts\/30728\/revisions"}],"predecessor-version":[{"id":30733,"href":"https:\/\/info.sadowne.pl\/index.php?rest_route=\/wp\/v2\/posts\/30728\/revisions\/30733"}],"wp:attachment":[{"href":"https:\/\/info.sadowne.pl\/index.php?rest_route=%2Fwp%2Fv2%2Fmedia&parent=30728"}],"wp:term":[{"taxonomy":"category","embeddable":true,"href":"https:\/\/info.sadowne.pl\/index.php?rest_route=%2Fwp%2Fv2%2Fcategories&post=30728"},{"taxonomy":"post_tag","embeddable":true,"href":"https:\/\/info.sadowne.pl\/index.php?rest_route=%2Fwp%2Fv2%2Ftags&post=30728"}],"curies":[{"name":"wp","href":"https:\/\/api.w.org\/{rel}","templated":true}]}}