{"id":30773,"date":"2025-10-24T14:52:34","date_gmt":"2025-10-24T12:52:34","guid":{"rendered":"http:\/\/info.sadowne.pl\/?p=30773"},"modified":"2025-10-24T14:52:34","modified_gmt":"2025-10-24T12:52:34","slug":"jesienne-refleksje","status":"publish","type":"post","link":"https:\/\/info.sadowne.pl\/?p=30773","title":{"rendered":"Jesienne refleksje&#8230;"},"content":{"rendered":"<p><strong><a href=\"http:\/\/info.sadowne.pl\/wp-content\/uploads\/2025\/10\/2025.10.24.1.jpg\" target=\"_blank\" rel=\"noopener\"><img loading=\"lazy\" decoding=\"async\" class=\"alignleft wp-image-30774 size-thumbnail\" src=\"http:\/\/info.sadowne.pl\/wp-content\/uploads\/2025\/10\/2025.10.24.1-180x130.jpg\" alt=\"\" width=\"180\" height=\"130\" \/><\/a>I kolejny wiersz bez tytu\u0142u Krzysztofa Tomaszewskiego.<\/strong><!--more--><\/p>\n<p>&nbsp;<\/p>\n<p>&nbsp;<\/p>\n<p>&nbsp;<\/p>\n<p>&nbsp;<\/p>\n<p>&nbsp;<\/p>\n<p>***<\/p>\n<p>listu<br \/>\nna li\u015bciu<br \/>\nnie napisa\u0142a\u015b<br \/>\ni s\u0142usznie<br \/>\ns\u0142\u00f3w tak s\u0142onecznych<br \/>\njesienne \u017caglowce nie pochwyc\u0105<br \/>\nby oceanem \u0142\u0105k wiod\u0105c<br \/>\nu st\u00f3p moich<br \/>\nz\u0142o\u017cy\u0107<\/p>\n<p>kasztanowymi oczami<br \/>\npatrz\u0105c w b\u0142\u0119kit oczu moich<br \/>\nd\u0142o\u0144mi od mgie\u0142 mokrymi<br \/>\ntrzymaj\u0105c d\u0142onie moje<br \/>\nsierpniowym ciep\u0142em cieple<br \/>\nwyzna\u0142a\u015b\u2026<\/p>\n<p>i wszystko co przed nami<br \/>\nwio\u015bnieje<br \/>\nchocia\u017c tyle zimowych nocy<br \/>\nprzyjdzie nam przetrwa\u0107<br \/>\nnam<br \/>\ndo mi\u0142owania twojego<\/p>\n<p>przytulonym\u2026<\/p>\n<p>&nbsp;<\/p>\n<p><strong>Foto:<\/strong> Wies\u0142aw Maliszewski<\/p>\n","protected":false},"excerpt":{"rendered":"<p>I kolejny wiersz bez tytu\u0142u Krzysztofa Tomaszewskiego.<\/p>\n","protected":false},"author":1,"featured_media":0,"comment_status":"closed","ping_status":"closed","sticky":false,"template":"","format":"standard","meta":{"footnotes":""},"categories":[5,48,6,108],"tags":[4253,3669,2730,4254,51],"class_list":["post-30773","post","type-post","status-publish","format-standard","hentry","category-newsy","category-kacik-literacki","category-kultura-rozrywka-edukacja","category-okienko-poetyckie","tag-krzysztof-tomaszewski","tag-okienko-poetyckie","tag-poezja","tag-wiersz","tag-wieslaw-maliszewski"],"views":497,"_links":{"self":[{"href":"https:\/\/info.sadowne.pl\/index.php?rest_route=\/wp\/v2\/posts\/30773","targetHints":{"allow":["GET"]}}],"collection":[{"href":"https:\/\/info.sadowne.pl\/index.php?rest_route=\/wp\/v2\/posts"}],"about":[{"href":"https:\/\/info.sadowne.pl\/index.php?rest_route=\/wp\/v2\/types\/post"}],"author":[{"embeddable":true,"href":"https:\/\/info.sadowne.pl\/index.php?rest_route=\/wp\/v2\/users\/1"}],"replies":[{"embeddable":true,"href":"https:\/\/info.sadowne.pl\/index.php?rest_route=%2Fwp%2Fv2%2Fcomments&post=30773"}],"version-history":[{"count":2,"href":"https:\/\/info.sadowne.pl\/index.php?rest_route=\/wp\/v2\/posts\/30773\/revisions"}],"predecessor-version":[{"id":30776,"href":"https:\/\/info.sadowne.pl\/index.php?rest_route=\/wp\/v2\/posts\/30773\/revisions\/30776"}],"wp:attachment":[{"href":"https:\/\/info.sadowne.pl\/index.php?rest_route=%2Fwp%2Fv2%2Fmedia&parent=30773"}],"wp:term":[{"taxonomy":"category","embeddable":true,"href":"https:\/\/info.sadowne.pl\/index.php?rest_route=%2Fwp%2Fv2%2Fcategories&post=30773"},{"taxonomy":"post_tag","embeddable":true,"href":"https:\/\/info.sadowne.pl\/index.php?rest_route=%2Fwp%2Fv2%2Ftags&post=30773"}],"curies":[{"name":"wp","href":"https:\/\/api.w.org\/{rel}","templated":true}]}}