{"id":30777,"date":"2025-10-27T18:26:12","date_gmt":"2025-10-27T17:26:12","guid":{"rendered":"http:\/\/info.sadowne.pl\/?p=30777"},"modified":"2025-10-27T18:26:12","modified_gmt":"2025-10-27T17:26:12","slug":"kronika-strazacka-20-26-10-2025","status":"publish","type":"post","link":"https:\/\/info.sadowne.pl\/?p=30777","title":{"rendered":"Kronika stra\u017cacka 20 \u2013 26.10.2025"},"content":{"rendered":"<p><strong><a href=\"http:\/\/info.sadowne.pl\/wp-content\/uploads\/2025\/05\/straz1.jpg\"><img loading=\"lazy\" decoding=\"async\" class=\"alignleft size-thumbnail wp-image-30020\" src=\"http:\/\/info.sadowne.pl\/wp-content\/uploads\/2025\/05\/straz1-180x130.jpg\" alt=\"\" width=\"180\" height=\"130\" \/><\/a>W<\/strong><strong> okresie<\/strong><strong> od<\/strong><strong> \u00a020 &#8211; 26.10.2025 na<\/strong><strong> terenie<\/strong><strong> powiatu<\/strong><strong> w\u0119growskiego<\/strong><strong> zanotowano: <\/strong><strong>13 zdarze\u0144,<\/strong><strong> przy<\/strong><strong> kt\u00f3rych<\/strong><strong> interweniowa\u0142y<\/strong><strong> jednostki<\/strong><strong> ochrony<\/strong><strong> przeciwpo\u017carowej, w tym:<\/strong><strong> 3 po\u017cary, 9 miejscowych zagro\u017ce\u0144, jeden alarm fa\u0142szywy.<\/strong><strong>\u00a0<\/strong><!--more--><\/p>\n<p><strong>20.10.2025 \u2013 Wrotn\u00f3w, droga powiatowa \u2013 wypadni\u0119cie pojazdu ci\u0119\u017carowego z drogi.<\/strong><strong>\u00a0<\/strong><\/p>\n<p>Samoch\u00f3d ci\u0119\u017carowy z naczep\u0105 przewo\u017c\u0105cy z\u0142om wypad\u0142 z jezdni i le\u017cy na prawym boku, kieruj\u0105cy pojazdem wymaga KPP, wyst\u0119puje wyciek p\u0142yn\u00f3w eksploatacyjnych z pojazdu, droga cz\u0119\u015bciowo zablokowana. Dzia\u0142ania zast\u0119p\u00f3w przyby\u0142ych polega\u0142y na udzieleniu KPP kieruj\u0105cemu pojazdem, od\u0142\u0105czenie akumulator\u00f3w w poje\u017adzie, ograniczenie wyciek\u00f3w p\u0142yn\u00f3w eksploatacyjnych z pojazdu przez podstawienie tacy zbiorczej pod zbiornik z paliwem. Nast\u0119pnie dzia\u0142ania polega\u0142y na zebraniu p\u0142yn\u00f3w eksploatacyjnych za pomoc\u0105 sorbentu oraz umyciu jezdni dyspergentem w celu usuni\u0119cia pozosta\u0142o\u015bci substancji ropopochodnych.<\/p>\n<p>W DZIA\u0141ANIACH RATOWNICZYCH UDZIA\u0141 BRA\u0141O: 4 zast\u0119py, 13 ratownik\u00f3w.<strong>\u00a0<\/strong><\/p>\n<p><strong>21.10.2025 <\/strong>\u2013<strong> Pogorzelec, gm. \u0141och\u00f3w \u2013 zderzenie samochodu osobowego z ci\u0119\u017carowym.<\/strong><strong>\u00a0 \u00a0 \u00a0 \u00a0 \u00a0\u00a0<\/strong><\/p>\n<p>Na drodze krajowej nr 62 dosz\u0142o do zderzenia samochodu osobowego i lawety, samoch\u00f3d osobowy znajduje si\u0119 w rowie, a laweta poza drog\u0105 na poboczu, samochodami podr\u00f3\u017cowa\u0142o \u0142\u0105cznie 6 os\u00f3b (w tym 1 dziecko), wszyscy znajduj\u0105 si\u0119 poza pojazdami, ZRM na miejscu, ruch odbywa si\u0119 wahad\u0142owo. W momencie dojazdu zast\u0119pu JRG SLRt, ZRM zabra\u0142 do szpitala kobiet\u0119, a reszta os\u00f3b nie wymaga\u0142a hospitalizacji. Na miejsce zdarzenia przyby\u0142y patrole Policji. Dzia\u0142ania zast\u0119p\u00f3w polega\u0142y na zabezpieczeniu miejsca zdarzenia, od\u0142\u0105czeniu akumulator\u00f3w w pojazdach<\/p>\n<p>DZIA\u0141ANIACH RATOWNICZYCH UDZIA\u0141 BRA\u0141O: 4 zast\u0119py, 22 ratownik\u00f3w.<\/p>\n<p><strong>22.10.2025 <\/strong>\u2013<strong> Stoczek, ul. W\u0119growska \u2013 zderzenie dw\u00f3ch samochod\u00f3w osobowych.<\/strong><strong>\u00a0\u00a0\u00a0\u00a0\u00a0\u00a0\u00a0\u00a0\u00a0\u00a0\u00a0 <\/strong><\/p>\n<p>Kolizja dw\u00f3ch samochod\u00f3w osobowych, jeden si\u0119 pali, pojazd znajduje si\u0119 na drodze, osoby podr\u00f3\u017cuj\u0105ce samodzielnie opu\u015bci\u0142y pojazdy przed przybyciem JOP, nikt nie potrzebuje pomocy medycznej. Dzia\u0142ania JOP polega\u0142y na zabezpieczeniu miejsca zdarzenia, ugaszeniu pal\u0105cego si\u0119 pojazdu jednym pr\u0105dem wody, od\u0142\u0105czeniu akumulatora w poje\u017adzie (Hyundai), uprz\u0105tni\u0119ciu z drogi samochodu marki Peugeot oraz jego pozosta\u0142o\u015bci. Osoby bior\u0105ce udzia\u0142 w zderzeniu odm\u00f3wi\u0142y udzielenia KPP.<\/p>\n<p>DZIA\u0141ANIACH RATOWNICZYCH UDZIA\u0141 BRA\u0141O: 2 zast\u0119py, 9 ratownik\u00f3w.<\/p>\n<p><strong>KP PSP W\u0119gr\u00f3w<\/strong><\/p>\n","protected":false},"excerpt":{"rendered":"<p>W okresie od \u00a020 &#8211; 26.10.2025 na terenie powiatu w\u0119growskiego zanotowano: 13 zdarze\u0144, przy kt\u00f3rych interweniowa\u0142y jednostki ochrony przeciwpo\u017carowej, w tym: 3 po\u017cary, 9 miejscowych zagro\u017ce\u0144, jeden alarm fa\u0142szywy.\u00a0<\/p>\n","protected":false},"author":1,"featured_media":0,"comment_status":"closed","ping_status":"closed","sticky":false,"template":"","format":"standard","meta":{"footnotes":""},"categories":[5,4,267],"tags":[491,643],"class_list":["post-30777","post","type-post","status-publish","format-standard","hentry","category-newsy","category-policja-straz-pozarna-pogotowie-ratunkowe","category-straz-pozarna-policja-straz-pozarna-pogotowie-ratunkowe","tag-komenda-powiatowa-panstwowej-strazy-pozarnej-w-wegrowie","tag-kronika-strazacka"],"views":445,"_links":{"self":[{"href":"https:\/\/info.sadowne.pl\/index.php?rest_route=\/wp\/v2\/posts\/30777","targetHints":{"allow":["GET"]}}],"collection":[{"href":"https:\/\/info.sadowne.pl\/index.php?rest_route=\/wp\/v2\/posts"}],"about":[{"href":"https:\/\/info.sadowne.pl\/index.php?rest_route=\/wp\/v2\/types\/post"}],"author":[{"embeddable":true,"href":"https:\/\/info.sadowne.pl\/index.php?rest_route=\/wp\/v2\/users\/1"}],"replies":[{"embeddable":true,"href":"https:\/\/info.sadowne.pl\/index.php?rest_route=%2Fwp%2Fv2%2Fcomments&post=30777"}],"version-history":[{"count":1,"href":"https:\/\/info.sadowne.pl\/index.php?rest_route=\/wp\/v2\/posts\/30777\/revisions"}],"predecessor-version":[{"id":30778,"href":"https:\/\/info.sadowne.pl\/index.php?rest_route=\/wp\/v2\/posts\/30777\/revisions\/30778"}],"wp:attachment":[{"href":"https:\/\/info.sadowne.pl\/index.php?rest_route=%2Fwp%2Fv2%2Fmedia&parent=30777"}],"wp:term":[{"taxonomy":"category","embeddable":true,"href":"https:\/\/info.sadowne.pl\/index.php?rest_route=%2Fwp%2Fv2%2Fcategories&post=30777"},{"taxonomy":"post_tag","embeddable":true,"href":"https:\/\/info.sadowne.pl\/index.php?rest_route=%2Fwp%2Fv2%2Ftags&post=30777"}],"curies":[{"name":"wp","href":"https:\/\/api.w.org\/{rel}","templated":true}]}}