{"id":30785,"date":"2025-10-31T19:19:48","date_gmt":"2025-10-31T18:19:48","guid":{"rendered":"http:\/\/info.sadowne.pl\/?p=30785"},"modified":"2025-10-31T19:19:48","modified_gmt":"2025-10-31T18:19:48","slug":"wspomnienie-2","status":"publish","type":"post","link":"https:\/\/info.sadowne.pl\/?p=30785","title":{"rendered":"Wspomnienie\u2026"},"content":{"rendered":"<p><strong><a href=\"http:\/\/info.sadowne.pl\/wp-content\/uploads\/2025\/10\/2025.10.31.1.jpg\" target=\"_blank\" rel=\"noopener\"><img loading=\"lazy\" decoding=\"async\" class=\"alignleft wp-image-30786 size-thumbnail\" src=\"http:\/\/info.sadowne.pl\/wp-content\/uploads\/2025\/10\/2025.10.31.1-180x130.jpg\" alt=\"\" width=\"180\" height=\"130\" \/><\/a>Dzie\u0144 zadumy\u2026 wiersze\u2026<\/strong><!--more--><\/p>\n<p>&nbsp;<\/p>\n<p>&nbsp;<\/p>\n<p>&nbsp;<\/p>\n<p>&nbsp;<\/p>\n<p><strong><\/p>\n<p><em>Anna W\u0142odarczyk<\/em><\/strong><\/p>\n<p>&nbsp;<\/p>\n<p><em><strong>Babcia<\/strong><\/em><\/p>\n<p>&nbsp;<\/p>\n<p>Nie musisz si\u0119 ju\u017c nigdzie spieszy\u0107.<\/p>\n<p>Kiedy dziecinny \u015bwiat powr\u00f3ci\u0142,<\/p>\n<p>nikt z nas nie zauwa\u017cy\u0142.<\/p>\n<p>I trudno b\u0119dzie mi uwierzy\u0107<\/p>\n<p>w Wigili\u0119 bez nas razem.<\/p>\n<p>&nbsp;<\/p>\n<p>M\u00f3wisz, \u017ce wsz\u0119dzie bardzo ciemno.<\/p>\n<p>To tylko do snu si\u0119 zbli\u017camy<\/p>\n<p>\u015bcie\u017cyn\u0105 potajemn\u0105.<\/p>\n<p>Z czarnym r\u00f3\u017ca\u0144cem w chudej d\u0142oni,<\/p>\n<p>nisko nad radiem pochylona.<\/p>\n<p>Zupe\u0142nie, jakby przysz\u0142a jesie\u0144<\/p>\n<p>i wesz\u0142a w bia\u0142e winogrona.<\/p>\n<p>&nbsp;<\/p>\n<p>\u017bycie mi na wskro\u015b przemodli\u0142a\u015b.<\/p>\n<p>Ja przecie\u017c wiem \u2013 nie mo\u017cesz zosta\u0107.<\/p>\n<p>Co m\u00f3wi\u0105 przygarbione plecy?<\/p>\n<p>Nieprawda. Nie ma wiecznych rozsta\u0144.<\/p>\n<p>Jest tylko inna posta\u0107 rzeczy.<\/p>\n<p>&nbsp;<\/p>\n<p><em><strong>Nie zd\u0105\u017cy\u0142<\/strong><\/em><\/p>\n<p>&nbsp;<\/p>\n<p>By\u0142 B\u00f3g do kochania.<\/p>\n<p>Do kochania ludzie.<\/p>\n<p>&nbsp;<\/p>\n<p>B\u00f3g? Nie przyszed\u0142,<\/p>\n<p>cudu nie uczyni\u0142.<\/p>\n<p>C\u00f3\u017c krucyfiks<\/p>\n<p>pochylony nad ziemi\u0105?<\/p>\n<p>\u017bycie traci\u0107,<\/p>\n<p>chocia\u017c nie zawini\u0107?<\/p>\n<p>Nie wierzy\u0142 w tak\u0105 mi\u0142o\u015b\u0107.<\/p>\n<p>&nbsp;<\/p>\n<p>Ludzie? Przychodzili,<\/p>\n<p>zostawiali, ranili, nie doceniali.<\/p>\n<p>Oczekiwa\u0142, \u017ce otrzyma.<\/p>\n<p>Oni te\u017c czekali.<\/p>\n<p>&nbsp;<\/p>\n<p>I z czekania,<\/p>\n<p>braku czasu na u\u015bmiech,<\/p>\n<p>dotyk d\u0142oni i dobry uczynek,<\/p>\n<p>zosta\u0142 szept.<\/p>\n<p>Jak drzazga niezno\u015bny,<\/p>\n<p>w lampce dr\u017c\u0105cy,<\/p>\n<p>&#8222;wieczny odpoczynek&#8221;.<\/p>\n<p>&nbsp;<\/p>\n<p><em><strong>Wies\u0142aw Maliszewski<\/strong><\/em><\/p>\n<p>&nbsp;<\/p>\n<p><em><strong>* * *<\/strong><\/em><\/p>\n<p>&nbsp;<\/p>\n<p>Mamo.<\/p>\n<p>Mamo!<\/p>\n<p>Taka ciemna ta noc,<\/p>\n<p>gdy odchodzisz.<\/p>\n<p>Tylko ten p\u0142omie\u0144 \u015bwiecy<\/p>\n<p>i wosk, co \u0142zawi\u0105c ocieka.<\/p>\n<p>Od dzisiaj na zawsze<\/p>\n<p>samego mnie tu pozostawisz?<\/p>\n<p>I nie wr\u00f3cisz?&#8230;<\/p>\n<p>Cho\u0107bym wierniej ni\u017ali pies<\/p>\n<p>na progu domu czeka\u0142?<\/p>\n<p>&nbsp;<\/p>\n<p>Mamo.<\/p>\n<p>Mamo!<\/p>\n<p>Co stanie si\u0119 ze mn\u0105,<\/p>\n<p>gdy sw\u0105 ufno\u015b\u0107 wraz z tob\u0105 utrac\u0119?<\/p>\n<p>W drzazgi nocy tej biegn\u0105c<\/p>\n<p>si\u0119 rozp\u0142acz\u0119.<\/p>\n<p>Przekln\u0119 wszystkie<\/p>\n<p>zmierzchy i zorze.<\/p>\n<p>I naucz\u0119 si\u0119 b\u00f3lu na pami\u0119\u0107,<\/p>\n<p>i uwierz\u0119, \u017ce z b\u00f3lu jest cz\u0142owiek&#8230;<\/p>\n<p>&#8230;&#8230;&#8230;&#8230;&#8230;&#8230;&#8230;&#8230;&#8230;&#8230;&#8230;&#8230;&#8230;&#8230;.<\/p>\n<p><em>Ta noc sko\u0144czy si\u0119, przeminie.<\/em><\/p>\n<p><em>\u017bycie \u015bwiat\u0142em \u015bwiat wy\u015bciele.<\/em><\/p>\n<p>&nbsp;<\/p>\n<p><em><strong>Danuta Kobyli\u0144ska-Konik<\/strong><\/em><\/p>\n<p>&nbsp;<\/p>\n<p><em><strong>Mamie dedykuj\u0119<\/strong><\/em><\/p>\n<p>&nbsp;<\/p>\n<p>Nasz stary dom<\/p>\n<p>jest dziwny<\/p>\n<p>bez Ciebie<\/p>\n<p>&nbsp;<\/p>\n<p>Ws\u0142uchuj\u0119 si\u0119<\/p>\n<p>w jego cisz\u0119<\/p>\n<p>Tob\u0105 nasycon\u0105<\/p>\n<p>Twoimi oddechami,<\/p>\n<p>my\u015blami, \u015bpiewem<\/p>\n<p>i \u0142zami<\/p>\n<p>&nbsp;<\/p>\n<p>Mi\u0142o\u015bci\u0105 Wasz\u0105<\/p>\n<p>&nbsp;<\/p>\n<p>I Twoj\u0105<\/p>\n<p>Matczyn\u0105<\/p>\n<p>Babcin\u0105<\/p>\n<p>&nbsp;<\/p>\n<p>Mi\u0142o\u015bci\u0105<\/p>\n<p>ku kwiatom<\/p>\n<p>drzewom<\/p>\n<p>i ptakom<\/p>\n<p>&nbsp;<\/p>\n<p>Mi\u0142o\u015bci\u0105<\/p>\n<p>ku \u015bwiatu&#8230;<\/p>\n<p>&nbsp;<\/p>\n<p><em><strong>Dom<\/strong><\/em><\/p>\n<p>&nbsp;<\/p>\n<p>Je\u015bli wyruszysz<\/p>\n<p>nie zab\u0142\u0105d\u017a<\/p>\n<p>nie zatra\u0107<\/p>\n<p>nie zniszcz<\/p>\n<p>&nbsp;<\/p>\n<p>czaru m\u0142odo\u015bci<\/p>\n<p>&nbsp;<\/p>\n<p>Nie podepcz<\/p>\n<p>\u0142agodnej dobroci<\/p>\n<p>ani<\/p>\n<p>przyja\u017ani podanej<\/p>\n<p>na otwartej d\u0142oni<\/p>\n<p>&nbsp;<\/p>\n<p>Nie zapomnij<\/p>\n<p>odwiecznej prawdy,<\/p>\n<p>\u017ce u\u015bmiech<\/p>\n<p>najkr\u00f3tsz\u0105 do serc<\/p>\n<p>drog\u0105<\/p>\n<p>&nbsp;<\/p>\n<p>W b\u00f3lu po\u017cegna\u0144<\/p>\n<p>nie odchod\u017a<\/p>\n<p>zawsze zapro\u015b<\/p>\n<p>nadziej\u0119<\/p>\n<p>Pozostaw<\/p>\n<p>Dom<\/p>\n<p>jasno\u015bci Azylem<\/p>\n<p>&nbsp;<\/p>\n<p>Wracaj<\/p>\n<p>w jego mi\u0142o\u015b\u0107<\/p>\n<p>jak wiosna<\/p>\n<p>w s\u0142oneczny poranek<\/p>\n<p>&nbsp;<\/p>\n<p>&nbsp;<\/p>\n","protected":false},"excerpt":{"rendered":"<p>Dzie\u0144 zadumy\u2026 wiersze\u2026<\/p>\n","protected":false},"author":1,"featured_media":0,"comment_status":"closed","ping_status":"closed","sticky":false,"template":"","format":"standard","meta":{"footnotes":""},"categories":[5,48,6,108],"tags":[122,970,3669,49,51],"class_list":["post-30785","post","type-post","status-publish","format-standard","hentry","category-newsy","category-kacik-literacki","category-kultura-rozrywka-edukacja","category-okienko-poetyckie","tag-anna-wlodarczyk","tag-danuta-kobylinska-konik","tag-okienko-poetyckie","tag-wiersze","tag-wieslaw-maliszewski"],"views":647,"_links":{"self":[{"href":"https:\/\/info.sadowne.pl\/index.php?rest_route=\/wp\/v2\/posts\/30785","targetHints":{"allow":["GET"]}}],"collection":[{"href":"https:\/\/info.sadowne.pl\/index.php?rest_route=\/wp\/v2\/posts"}],"about":[{"href":"https:\/\/info.sadowne.pl\/index.php?rest_route=\/wp\/v2\/types\/post"}],"author":[{"embeddable":true,"href":"https:\/\/info.sadowne.pl\/index.php?rest_route=\/wp\/v2\/users\/1"}],"replies":[{"embeddable":true,"href":"https:\/\/info.sadowne.pl\/index.php?rest_route=%2Fwp%2Fv2%2Fcomments&post=30785"}],"version-history":[{"count":2,"href":"https:\/\/info.sadowne.pl\/index.php?rest_route=\/wp\/v2\/posts\/30785\/revisions"}],"predecessor-version":[{"id":30788,"href":"https:\/\/info.sadowne.pl\/index.php?rest_route=\/wp\/v2\/posts\/30785\/revisions\/30788"}],"wp:attachment":[{"href":"https:\/\/info.sadowne.pl\/index.php?rest_route=%2Fwp%2Fv2%2Fmedia&parent=30785"}],"wp:term":[{"taxonomy":"category","embeddable":true,"href":"https:\/\/info.sadowne.pl\/index.php?rest_route=%2Fwp%2Fv2%2Fcategories&post=30785"},{"taxonomy":"post_tag","embeddable":true,"href":"https:\/\/info.sadowne.pl\/index.php?rest_route=%2Fwp%2Fv2%2Ftags&post=30785"}],"curies":[{"name":"wp","href":"https:\/\/api.w.org\/{rel}","templated":true}]}}