{"id":30791,"date":"2025-11-06T17:12:22","date_gmt":"2025-11-06T16:12:22","guid":{"rendered":"http:\/\/info.sadowne.pl\/?p=30791"},"modified":"2025-11-06T17:12:22","modified_gmt":"2025-11-06T16:12:22","slug":"ostrow-oklaskuje-koncertantow","status":"publish","type":"post","link":"https:\/\/info.sadowne.pl\/?p=30791","title":{"rendered":"Ostr\u00f3w oklaskuje koncertant\u00f3w,"},"content":{"rendered":"<p><strong><a href=\"http:\/\/info.sadowne.pl\/wp-content\/uploads\/2025\/11\/Brok252.jpg\" target=\"_blank\" rel=\"noopener\"><img loading=\"lazy\" decoding=\"async\" class=\"alignleft wp-image-30792 size-thumbnail\" src=\"http:\/\/info.sadowne.pl\/wp-content\/uploads\/2025\/11\/Brok252-180x130.jpg\" alt=\"\" width=\"180\" height=\"130\" \/><\/a>\u2026dzieci z Andrzejewa nie chc\u0105 Rosjanki, podchor\u0105\u017cacy z Komorowa ponosz\u0105 kl\u0119sk\u0119, zamiera sp\u00f3\u0142dzielczo\u015b\u0107 w Sterdyni.<\/strong><!--more--><\/p>\n<p>W stolicy ziemi ostrowskiej mia\u0142a miejsce uczta dla ducha. Miasto nawiedzi\u0142a panna J\u00f3zefa Kurtz\u00f3wna (po wyj\u015bciu za m\u0105\u017c Kurtz-Wodos\u0142awska), kt\u00f3ra \u015bpiew studiowa\u0142a m.in. w Mediolanie, a poza scen\u0105 ostrowsk\u0105 wyst\u0119powa\u0142a m.in. w Teatrze Wielkim w Warszawie. Pani J\u00f3zefa by\u0142a gwiazd\u0105, ale i pozostali arty\u015bci cieszyli si\u0119 spor\u0105, cho\u0107 raczej prowincjonaln\u0105 s\u0142aw\u0105. O panu J\u00f3zefie G\u00f3rnickim piotrkowska gazeta pisa\u0142a, i\u017c \u201eumie wykrzesa\u0107 ze swych opowiada\u0144 prawdziw\u0105 iskr\u0119 humoru i rozbawi\u0107 s\u0142uchacz\u00f3w\u201d.<\/p>\n<p>Lata 1905-1907 to okres obfituj\u0105cy w patriotyczne wyst\u0105pienia. Aktywnie uczestnicz\u0105cy w tych wydarzeniach andrzejewski nauczyciel K\u0119sicki zosta\u0142 aresztowany, osadzony w wi\u0119zieniu i zdymisjonowany, a jego miejsce zaj\u0119\u0142a nieznaj\u0105ca j\u0119zyka polskiego Rosjanka. Dzieci bojkotuj\u0105 zaj\u0119cia.<\/p>\n<p>Kiepsko sprawi\u0142a si\u0119 reprezentacja Szko\u0142y Podchor\u0105\u017cych z podostrowskiego Komorowa, ulegaj\u0105c wiosn\u0105 1918 r. Polonii Warszawa w meczu rozegranym na Agrykoli. Nie by\u0142 to byle jaki obiekt, bo swoje mecze rozgrywa\u0142a tam tak\u017ce reprezentacja Polski. W obronie sprawili si\u0119 podchor\u0105\u017cacy jako tako, w ataku za\u015b zawiedli zupe\u0142nie.<\/p>\n<p>W ka\u017cdej miejscowo\u015bci regionu, a przynajmniej w ka\u017cdym miasteczku i wi\u0119kszej wiosce powinien znale\u017a\u0107 si\u0119 kronikarz podobny dr. Adamowi Jarosi\u0144skiemu. Redakcja mia\u0142aby w\u00f3wczas o czym pisa\u0107 do ko\u0144ca \u015bwiata, a mo\u017ce nawet d\u0142u\u017cej. Sterdy\u0144ski doktor opowiada tym razem o rozkwicie ruchu sp\u00f3\u0142dzielczego w Sterdyni po wojnie japo\u0144skiej i rewolucji 1905 r.<\/p>\n<p><strong>Wi\u0119cej na stronie <span style=\"color: #0000ff;\"><a style=\"color: #0000ff;\" href=\"https:\/\/madzelan.cba.pl\/ostrow-oklaskuje-koncertantow-dzieci-z-andrzejewa-nie-chca-rosjanki-podchorazacy-z-komorowa-ponosza-kleske-zamiera-spoldzielczosc-w-sterdyni\/\" target=\"_blank\" rel=\"noopener\">https:\/\/madzelan.cba.pl\/ostrow-oklaskuje-koncertantow-dzieci-z-andrzejewa-nie-chca-rosjanki-podchorazacy-z-komorowa-ponosza-kleske-zamiera-spoldzielczosc-w-sterdyni\/<\/a><\/span><\/strong><\/p>\n<p>&nbsp;<\/p>\n","protected":false},"excerpt":{"rendered":"<p>\u2026dzieci z Andrzejewa nie chc\u0105 Rosjanki, podchor\u0105\u017cacy z Komorowa ponosz\u0105 kl\u0119sk\u0119, zamiera sp\u00f3\u0142dzielczo\u015b\u0107 w Sterdyni.<\/p>\n","protected":false},"author":1,"featured_media":0,"comment_status":"closed","ping_status":"closed","sticky":false,"template":"","format":"standard","meta":{"footnotes":""},"categories":[5,3436,31],"tags":[3004,2956],"class_list":["post-30791","post","type-post","status-publish","format-standard","hentry","category-newsy","category-opowiesci-historie-legendy-brokowskie-i-nie-tylko","category-historia-gminy","tag-jerzy-madzelan","tag-opowiesci-historie-legendy-brokowskie-i-nie-tylko"],"views":554,"_links":{"self":[{"href":"https:\/\/info.sadowne.pl\/index.php?rest_route=\/wp\/v2\/posts\/30791","targetHints":{"allow":["GET"]}}],"collection":[{"href":"https:\/\/info.sadowne.pl\/index.php?rest_route=\/wp\/v2\/posts"}],"about":[{"href":"https:\/\/info.sadowne.pl\/index.php?rest_route=\/wp\/v2\/types\/post"}],"author":[{"embeddable":true,"href":"https:\/\/info.sadowne.pl\/index.php?rest_route=\/wp\/v2\/users\/1"}],"replies":[{"embeddable":true,"href":"https:\/\/info.sadowne.pl\/index.php?rest_route=%2Fwp%2Fv2%2Fcomments&post=30791"}],"version-history":[{"count":1,"href":"https:\/\/info.sadowne.pl\/index.php?rest_route=\/wp\/v2\/posts\/30791\/revisions"}],"predecessor-version":[{"id":30793,"href":"https:\/\/info.sadowne.pl\/index.php?rest_route=\/wp\/v2\/posts\/30791\/revisions\/30793"}],"wp:attachment":[{"href":"https:\/\/info.sadowne.pl\/index.php?rest_route=%2Fwp%2Fv2%2Fmedia&parent=30791"}],"wp:term":[{"taxonomy":"category","embeddable":true,"href":"https:\/\/info.sadowne.pl\/index.php?rest_route=%2Fwp%2Fv2%2Fcategories&post=30791"},{"taxonomy":"post_tag","embeddable":true,"href":"https:\/\/info.sadowne.pl\/index.php?rest_route=%2Fwp%2Fv2%2Ftags&post=30791"}],"curies":[{"name":"wp","href":"https:\/\/api.w.org\/{rel}","templated":true}]}}