{"id":30800,"date":"2025-11-07T17:16:05","date_gmt":"2025-11-07T16:16:05","guid":{"rendered":"http:\/\/info.sadowne.pl\/?p=30800"},"modified":"2025-11-07T17:16:05","modified_gmt":"2025-11-07T16:16:05","slug":"niepodleglosc-2","status":"publish","type":"post","link":"https:\/\/info.sadowne.pl\/?p=30800","title":{"rendered":"Niepodleg\u0142o\u015b\u0107\u2026"},"content":{"rendered":"<p><a href=\"http:\/\/info.sadowne.pl\/wp-content\/uploads\/2025\/11\/2025.11.07.2.jpg\" target=\"_blank\" rel=\"noopener\"><img loading=\"lazy\" decoding=\"async\" class=\"alignleft wp-image-30801 size-thumbnail\" src=\"http:\/\/info.sadowne.pl\/wp-content\/uploads\/2025\/11\/2025.11.07.2-180x130.jpg\" alt=\"\" width=\"180\" height=\"130\" \/><\/a><\/p>\n<p><strong>S\u0142owo to by\u0142o chyba odmieniane przez wszystkie przypadki podczas uroczystej akademii w Szkole Podstawowej im. b\u0142. ks. Edwarda Grzyma\u0142y w Sadownem.<\/strong><!--more--><\/p>\n<p>7 listopada 2025 roku w sadowie\u0144skiej podstaw\u00f3wce uroczy\u015bcie obchodzono 107. rocznic\u0119 odzyskania przez Polsk\u0119 niepodleg\u0142o\u015bci.<\/p>\n<p>W pi\u0105tkowe przedpo\u0142udnie starsze klasy Szko\u0142y Podstawowej im. b\u0142. ks. Edwarda Grzyma\u0142y w Sadownem wzi\u0119\u0142y udzia\u0142 w uroczystych obchodach Narodowego \u015awi\u0119ta Niepodleg\u0142o\u015bci. Po wprowadzeniu sztandaru szko\u0142y do sali gimnastycznej i od\u015bpiewaniu hymnu pa\u0144stwowego, g\u0142os zabra\u0142a p. Dyrektor Ma\u0142gorzata Koro\u015b. Na wst\u0119pie powita\u0142a przyby\u0142ych go\u015bci, grono pedagogiczne oraz uczni\u00f3w, a nast\u0119pnie po kr\u00f3tce przedstawi\u0142a rys historyczny utraty przez Polsk\u0119 niepodleg\u0142o\u015bci, sytuacji naszych przodk\u00f3w pod zaborami, ich d\u0105\u017cenie do odzyskania niepodleg\u0142o\u015bci i okoliczno\u015bci zako\u0144czenia 123-letniego okresu braku mo\u017cliwo\u015bci korzystania naszego narodu z prawa do wolno\u015bci. Podsumowaniem wyst\u0105pienia by\u0142o przekazanie wszystkim przes\u0142ania o wolno\u015bci, odpowiedniego korzystania z niej w czasach nam wsp\u00f3\u0142czesnych oraz w\u0142a\u015bciwego czczenia symboli narodowych.<\/p>\n<p>Po wyst\u0105pieniu p. Dyrektor, a tak\u017ce W\u00f3jta Gminy Sadowne p. Waldemara Cyrana oraz wyprowadzeniu sztandaru, sw\u00f3j monta\u017c s\u0142owno &#8211; muzyczny zaprezentowali uczniowie szko\u0142y podstawowej. T\u0119 cz\u0119\u015b\u0107 artystyczn\u0105 przygotowali wraz ze swoimi pedagogami pp.: Izabel\u0105 Wrzosek, Ma\u0142gorzat\u0105 Klimek, Ma\u0142gorzat\u0105 Zy\u015bk, Paulin\u0105 Tomasik i Kamilem Kie\u0142kiem. By\u0142 to wyst\u0119p nostalgiczny, w tre\u015bci silnie zwi\u0105zany z okresem zabor\u00f3w i odzyskania niepodleg\u0142o\u015bci, wprowadzaj\u0105cy wszystkich w zadum\u0119, a zarazem wyzwalaj\u0105cy zadowolenie z wolno\u015bci, kt\u00f3r\u0105 wywalczyli po 123. latach nasi przodkowie. Dzie\u0144 11 listopada 2018 roku, to dla nas wa\u017cna data, a w ka\u017cd\u0105 Jej rocznic\u0119 obchodzimy Narodowe \u015awi\u0119to Niepodleg\u0142o\u015bci. Brawa za przes\u0142anie i \u015bwietny wyst\u0119p!<\/p>\n<p>Po cz\u0119\u015bci artystycznej podzi\u0119kowanie za zaproszenie na uroczysto\u015b\u0107 oraz kilka s\u0142\u00f3w na temat \u015awi\u0119ta przekazali zebranym: ks. kanonik Antoni Kunicki \u2013 Proboszcz Parafii Sadowne, a tak\u017ce p. Tomasz Szymanik \u2013 Przewodnicz\u0105cy Rady Gminy Sadowne. O godz. 11.11, zgodnie z za\u0142o\u017ceniami og\u00f3lnopolskiej akcji, wszyscy obecni na uroczysto\u015bci wsp\u00f3lnie od\u015bpiewali Mazurka D\u0105browskiego w pe\u0142nej wersji. A na zako\u0144czenie \u2013 wsp\u00f3lne zdj\u0119cie go\u015bci ze szkolnymi artystami\u2026<\/p>\n<p><span style=\"color: #0000ff;\"><a style=\"color: #0000ff;\" href=\"https:\/\/photos.app.goo.gl\/uAQpCBR1qVMCkWAf9\" target=\"_blank\" rel=\"noopener\"><strong>Zdj\u0119cia w galerii Google&gt;&gt;&gt;<\/strong><\/a><\/span><\/p>\n<p><strong>Tekst\/foto:<\/strong> S\u0142awek Chyli\u0144ski<\/p>\n","protected":false},"excerpt":{"rendered":"<p>S\u0142owo to by\u0142o chyba odmieniane przez wszystkie przypadki podczas uroczystej akademii w Szkole Podstawowej im. b\u0142. ks. Edwarda Grzyma\u0142y w Sadownem.<\/p>\n","protected":false},"author":1,"featured_media":0,"comment_status":"closed","ping_status":"closed","sticky":false,"template":"","format":"standard","meta":{"footnotes":""},"categories":[5,1752,84],"tags":[4319,3871,16],"class_list":["post-30800","post","type-post","status-publish","format-standard","hentry","category-newsy","category-edukacja","category-szkola-podstawowa-im-cz-wycecha","tag-107-rocznica-odzyskania-niepodleglosci","tag-narodowe-swieto-niepodleglosci","tag-szkola-podstawowa-w-sadownem"],"views":767,"_links":{"self":[{"href":"https:\/\/info.sadowne.pl\/index.php?rest_route=\/wp\/v2\/posts\/30800","targetHints":{"allow":["GET"]}}],"collection":[{"href":"https:\/\/info.sadowne.pl\/index.php?rest_route=\/wp\/v2\/posts"}],"about":[{"href":"https:\/\/info.sadowne.pl\/index.php?rest_route=\/wp\/v2\/types\/post"}],"author":[{"embeddable":true,"href":"https:\/\/info.sadowne.pl\/index.php?rest_route=\/wp\/v2\/users\/1"}],"replies":[{"embeddable":true,"href":"https:\/\/info.sadowne.pl\/index.php?rest_route=%2Fwp%2Fv2%2Fcomments&post=30800"}],"version-history":[{"count":1,"href":"https:\/\/info.sadowne.pl\/index.php?rest_route=\/wp\/v2\/posts\/30800\/revisions"}],"predecessor-version":[{"id":30802,"href":"https:\/\/info.sadowne.pl\/index.php?rest_route=\/wp\/v2\/posts\/30800\/revisions\/30802"}],"wp:attachment":[{"href":"https:\/\/info.sadowne.pl\/index.php?rest_route=%2Fwp%2Fv2%2Fmedia&parent=30800"}],"wp:term":[{"taxonomy":"category","embeddable":true,"href":"https:\/\/info.sadowne.pl\/index.php?rest_route=%2Fwp%2Fv2%2Fcategories&post=30800"},{"taxonomy":"post_tag","embeddable":true,"href":"https:\/\/info.sadowne.pl\/index.php?rest_route=%2Fwp%2Fv2%2Ftags&post=30800"}],"curies":[{"name":"wp","href":"https:\/\/api.w.org\/{rel}","templated":true}]}}