{"id":30838,"date":"2025-11-11T18:37:06","date_gmt":"2025-11-11T17:37:06","guid":{"rendered":"http:\/\/info.sadowne.pl\/?p=30838"},"modified":"2025-11-11T18:37:06","modified_gmt":"2025-11-11T17:37:06","slug":"swieto-niepodleglosci-2025-w-sadownem","status":"publish","type":"post","link":"https:\/\/info.sadowne.pl\/?p=30838","title":{"rendered":"\u015awi\u0119to Niepodleg\u0142o\u015bci 2025 w Sadownem"},"content":{"rendered":"<p><a href=\"http:\/\/info.sadowne.pl\/wp-content\/uploads\/2025\/11\/2025.11.11.1.jpg\" target=\"_blank\" rel=\"noopener\"><img loading=\"lazy\" decoding=\"async\" class=\"alignleft wp-image-30839 size-thumbnail\" src=\"http:\/\/info.sadowne.pl\/wp-content\/uploads\/2025\/11\/2025.11.11.1-180x130.jpg\" alt=\"\" width=\"180\" height=\"130\" \/><\/a><\/p>\n<p><strong>11 listopada 2025 roku w Sadownem uroczy\u015bcie obchodzono 107. rocznic\u0119 odzyskania niepodleg\u0142o\u015bci przez Polsk\u0119. <\/strong><!--more--><\/p>\n<p>11 listopada 1918 roku po 123. latach Polska odzyska\u0142a niepodleg\u0142o\u015b\u0107. J\u00f3zef Pi\u0142sudski przej\u0105\u0142 z r\u0105k Rady Regencyjnej w\u0142adz\u0119 wojskow\u0105, nast\u0119pnie w\u0142adz\u0119 cywiln\u0105 i zosta\u0142 mianowany naczelnym dow\u00f3dc\u0105 pa\u0144stwa. \u015awi\u0119to zosta\u0142o wprowadzone ustawowo w okresie II Rzeczypospolitej w 1937 roku. Jednak II wojna \u015bwiatowa i p\u00f3\u017aniejszy ustr\u00f3j polityczny sprawi\u0142y, \u017ce zosta\u0142o przywr\u00f3cone dopiero w 1989 roku. Dnia 11 listopada obchodzone jest Narodowe \u015awi\u0119to Niepodleg\u0142o\u015bci. W tym roku \u015bwi\u0119tujemy 107. rocznic\u0119 tego wa\u017cnego dla Polski wydarzenia.<\/p>\n<p>Obchody \u015awi\u0119ta Niepodleg\u0142o\u015bci w Sadownem rozpocz\u0119\u0142a uroczysta msza \u015bw. w miejscowym ko\u015bciele parafialnym. Msz\u0119 w intencji Ojczyzny i bohater\u00f3w walcz\u0105cych o wolno\u015b\u0107 Polski odprawili: ks. Antoni Kunicki i ks. Stanis\u0142aw Wojciechowski. Asystowa\u0142y im poczty sztandarowe jednostek Ochotniczych Stra\u017cy Po\u017carnych i szk\u00f3\u0142 z terenu gminy Sadowne, harcerze ze 123 Dru\u017cyny Harcerskiej \u201eW\u0142\u00f3czykije\u201d dzia\u0142aj\u0105cej przy Szkole Podstawowej im. b\u0142. ks. E. Grzyma\u0142y w Sadownem oraz przedstawiciele Zwi\u0105zku Pi\u0142sudczyk\u00f3w Rzeczypospolitej Polskiej Oddzia\u0142 Dorzecza Bugu i Liwca \u2013 Sadowne.<\/p>\n<p>We wsp\u00f3lnej modlitwie wzi\u0119li udzia\u0142 licznie przybyli mieszka\u0144cy gminy Sadowne oraz go\u015bcie. Na zako\u0144czenie mszy \u015bw. zebrani od\u015bpiewali hymn Polski, a tak\u017ce wspomnienia o historii dzisiejszego \u015awi\u0119ta i jego bohaterach przytoczyli: p. Waldemar Cyran \u2013 W\u00f3jt Gminy Sadowne, ks. Antoni Kunicki \u2013 Proboszcz Parafii Sadowne i Dru\u017cynowa 123 Dru\u017cyny Harcerskiej \u201eW\u0142\u00f3czykije\u201d Sylwia Ilczuk.<\/p>\n<p>W tym miejscu warto przytoczy\u0107 ciekaw\u0105 histori\u0119 jednej z bohaterek sadowie\u0144skiego \u201ewrze\u015bnia 1939\u201d. Sylwetk\u0119 Maryli Krajewskiej przedstawi\u0142a w swojej wypowiedzi Druhna Sylwia Ilczuk:<\/p>\n<p><em>Szanowni Pa\u0144stwo. Spotykamy si\u0119 dzi\u015b, by odda\u0107 ho\u0142d ludziom, kt\u00f3rzy stan\u0119li w obronie Ojczyzny. Wielu z nich zap\u0142aci\u0142o za to najwy\u017csz\u0105 cen\u0119. Zgin\u0119li tylko dlatego, \u017ce byli Polakami, \u017ce wierzyli w wolno\u015b\u0107\u2026<\/em><\/p>\n<p><em>Wspominamy ich odwag\u0119 i wierno\u015b\u0107 idea\u0142om, kt\u00f3rych nawet \u015bmier\u0107 nie zdo\u0142a\u0142a zniszczy\u0107. Jedn\u0105 z takich os\u00f3b by\u0142a Maryla Krajewska \u2013 25-letnia kobieta, kt\u00f3ra mia\u0142a plany, marzenia, przyja\u017anie i\u2026 mundur harcerski, kt\u00f3ry z dum\u0105 nosi\u0142a. Jej matka, Maria Krajewska z d. Szymczak, c\u00f3rka powsta\u0144ca 1863 r., by\u0142a kobiet\u0105, o kt\u00f3rej w\u00f3wczas m\u00f3wi\u0142o si\u0119 \u201edzia\u0142aczka spo\u0142eczna\u201d.<\/em><\/p>\n<p><em>Maryla urodzi\u0142a si\u0119 w 1914 roku i jak do tej pory nie znana jest dok\u0142adna data jej urodzin. Kiedy wybuch\u0142a II wojna \u015bwiatowa Maryla wraz z matk\u0105 przebywa\u0142y na wakacjach w Sadownem, na ul. Kili\u0144skiego. Obydwie zgin\u0119\u0142y 9 wrze\u015bnia 1939 roku, nios\u0105c pomoc polskim \u017co\u0142nierzom podczas walk o Sadowne.<\/em><\/p>\n<p><em>Na naszym parafialnym cmentarzu s\u0105 pochowani razem z nimi, lecz tylko symbolicznie: ojciec Stefan, zmar\u0142y tragicznie w 1946 roku, bracia &#8211; Kazimierz, 29 lat, zamordowany na Pawiaku w 1941 roku; Stefan, 22 lata, zagin\u0105\u0142 w ZSSR w 1941 roku; Bronis\u0142aw, 19-letni \u017co\u0142nierz AK, zgin\u0105\u0142 w Powstaniu Warszawskim w 1944 roku.<\/em><\/p>\n<p><em>Dzi\u015b wspominamy tych, kt\u00f3rzy pokazali, \u017ce bohaterstwo nie ma wieku. Niech ich ofiara przypomina nam, \u017ce WOLNO\u015a\u0106 nigdy nie jest dana raz na zawsze.<\/em><\/p>\n<p>Bezpo\u015brednio po mszy \u015bw. nast\u0105pi\u0142 przemarsz na cmentarz parafialny pod pomnik \u017co\u0142nierzy Wojska Polskiego poleg\u0142ych we wrze\u015bniu 1939 roku, gdzie symbolicznie oddano ho\u0142d wszystkim poleg\u0142ym za nasz\u0105 wolno\u015b\u0107. Na pomniku z\u0142o\u017cono kwiaty i zapalono znicze. Po okoliczno\u015bciowym przem\u00f3wieniu p. W\u00f3jta Waldemara Cyrana i wsp\u00f3lnej modlitwie prowadzonej przez ks. Antoniego Kunickiego, uroczysto\u015b\u0107 zako\u0144czono.<\/p>\n<p><span style=\"color: #0000ff;\"><a style=\"color: #0000ff;\" href=\"https:\/\/photos.app.goo.gl\/tK5B5SGrkzkkfLVx7\" target=\"_blank\" rel=\"noopener\"><strong>Zdj\u0119cia w galerii Google&gt;&gt;&gt;<\/strong><\/a><\/span><\/p>\n<p><strong>Tekst\/foto:<\/strong> S\u0142awek Chyli\u0144ski<\/p>\n","protected":false},"excerpt":{"rendered":"<p>11 listopada 2025 roku w Sadownem uroczy\u015bcie obchodzono 107. rocznic\u0119 odzyskania niepodleg\u0142o\u015bci przez Polsk\u0119.<\/p>\n","protected":false},"author":1,"featured_media":0,"comment_status":"closed","ping_status":"closed","sticky":false,"template":"","format":"standard","meta":{"footnotes":""},"categories":[5,41],"tags":[4319,1937,3871,25,4320],"class_list":["post-30838","post","type-post","status-publish","format-standard","hentry","category-newsy","category-wiesci-gminne","tag-107-rocznica-odzyskania-niepodleglosci","tag-123-druzyna-harcerska-wloczykije-w-sadownem","tag-narodowe-swieto-niepodleglosci","tag-sadowne","tag-zwiazek-pilsudczykow-rzeczypospolitej-polskiej-oddzial-dorzecza-bugu-i-liwca-sadowne"],"views":912,"_links":{"self":[{"href":"https:\/\/info.sadowne.pl\/index.php?rest_route=\/wp\/v2\/posts\/30838","targetHints":{"allow":["GET"]}}],"collection":[{"href":"https:\/\/info.sadowne.pl\/index.php?rest_route=\/wp\/v2\/posts"}],"about":[{"href":"https:\/\/info.sadowne.pl\/index.php?rest_route=\/wp\/v2\/types\/post"}],"author":[{"embeddable":true,"href":"https:\/\/info.sadowne.pl\/index.php?rest_route=\/wp\/v2\/users\/1"}],"replies":[{"embeddable":true,"href":"https:\/\/info.sadowne.pl\/index.php?rest_route=%2Fwp%2Fv2%2Fcomments&post=30838"}],"version-history":[{"count":1,"href":"https:\/\/info.sadowne.pl\/index.php?rest_route=\/wp\/v2\/posts\/30838\/revisions"}],"predecessor-version":[{"id":30840,"href":"https:\/\/info.sadowne.pl\/index.php?rest_route=\/wp\/v2\/posts\/30838\/revisions\/30840"}],"wp:attachment":[{"href":"https:\/\/info.sadowne.pl\/index.php?rest_route=%2Fwp%2Fv2%2Fmedia&parent=30838"}],"wp:term":[{"taxonomy":"category","embeddable":true,"href":"https:\/\/info.sadowne.pl\/index.php?rest_route=%2Fwp%2Fv2%2Fcategories&post=30838"},{"taxonomy":"post_tag","embeddable":true,"href":"https:\/\/info.sadowne.pl\/index.php?rest_route=%2Fwp%2Fv2%2Ftags&post=30838"}],"curies":[{"name":"wp","href":"https:\/\/api.w.org\/{rel}","templated":true}]}}