{"id":30851,"date":"2025-11-15T18:15:04","date_gmt":"2025-11-15T17:15:04","guid":{"rendered":"http:\/\/info.sadowne.pl\/?p=30851"},"modified":"2025-11-17T12:38:07","modified_gmt":"2025-11-17T11:38:07","slug":"gala-samorzadowa-w-sadownem","status":"publish","type":"post","link":"https:\/\/info.sadowne.pl\/?p=30851","title":{"rendered":"Gala Samorz\u0105dowa w Sadownem"},"content":{"rendered":"<p><a href=\"http:\/\/info.sadowne.pl\/wp-content\/uploads\/2025\/11\/2025.11.15.1.jpg\" target=\"_blank\" rel=\"noopener\"><img loading=\"lazy\" decoding=\"async\" class=\"alignleft wp-image-30852 size-thumbnail\" src=\"http:\/\/info.sadowne.pl\/wp-content\/uploads\/2025\/11\/2025.11.15.1-180x130.jpg\" alt=\"\" width=\"180\" height=\"130\" \/><\/a><\/p>\n<p><strong>Z okazji 35-lecia Samorz\u0105du 14 listopada 2025 roku w Sadownem odby\u0142o si\u0119 uroczyste spotkanie samorz\u0105dowc\u00f3w z kilku s\u0105siaduj\u0105cych ze sob\u0105 mazowieckich powiat\u00f3w.<\/strong><!--more--><\/p>\n<p><strong>Ponad dwustu samorz\u0105dowc\u00f3w, na zaproszenie organizator\u00f3w: Marsza\u0142ka Wojew\u00f3dztwa Mazowieckiego p. Adama Struzika i W\u00f3jta Gminy Sadowne p. Waldemara Cyrana<\/strong> (tak\u017ce pomys\u0142odawcy), spotka\u0142o si\u0119 na uroczystej Gali w sadowie\u0144skim Zaje\u017adzie \u201eZa\u015bcianek Nowy Styl\u201d. Organizatorem Gali z okazji 35-lecia Samorz\u0105du by\u0142a Gmina Sadowne, a wsp\u00f3\u0142organizatorem &#8211; Samorz\u0105d Wojew\u00f3dztwa Mazowieckiego. Patronatem honorowym wydarzenie obj\u0105\u0142 Marsza\u0142ek Wojew\u00f3dztwa Mazowieckiego. Patronat nad Gal\u0105 sprawowa\u0142 te\u017c Zwi\u0105zek Gmin Wiejskich RP.<\/p>\n<p>Uroczyst\u0105 Gal\u0119 poprowadzi\u0142 i go\u015bci powita\u0142 Zast\u0119pca W\u00f3jta Gminy Sadowne p. Marcin Gr\u0119da, po czym s\u0142owo wst\u0119pne wyg\u0142osi\u0142 W\u00f3jt Gminy Sadowne p. Waldemar Cyran, podkre\u015blaj\u0105c wag\u0119 samorz\u0105d\u00f3w terytorialnych w rozwoju lokalnych spo\u0142eczno\u015bci.<\/p>\n<p><strong>Po wyst\u0105pieniu okoliczno\u015bciowym Pos\u0142a RP p. Marka Sawickiego, odby\u0142o si\u0119 wr\u0119czenie honorowych tytu\u0142\u00f3w \u201eZas\u0142u\u017cony dla gminy Sadowne\u201d<\/strong>. Tytu\u0142y te Rada Gminy Sadowne przyzna\u0142a nast\u0119puj\u0105cym osobom:<\/p>\n<p>&#8211; Marsza\u0142kowi Wojew\u00f3dztwa Mazowieckiego p. Adamowi Struzikowi<\/p>\n<p>&#8211; Cz\u0142onkini Zarz\u0105du Wojew\u00f3dztwa Mazowieckiego p. Janinie Ewie Orze\u0142owskiej<\/p>\n<p>&#8211; Radnej Sejmiku Wojew\u00f3dztwa Mazowieckiego, wieloletniej cz\u0142onkini Zarz\u0105du Wojew\u00f3dztwa Mazowieckiego p. El\u017cbiecie Lanc<\/p>\n<p>&#8211; p. Pose\u0142 na Sejm RP Marii Koc (z lekkim op\u00f3\u017anieniem)<\/p>\n<p>&#8211; Redaktorowi Portalu Internetowego Info Sadowne p. S\u0142awomirowi Chyli\u0144skiemu<\/p>\n<p>Wr\u0119czenia tytu\u0142\u00f3w dokonali: p. Waldemar Cyran \u2013 W\u00f3jt Gminy Sadowne i p. Tomasz Szymanik \u2013 Przewodnicz\u0105cy Rady Gminy Sadowne. Niestety, na Gal\u0119 nie dotar\u0142y Panie: J. Orze\u0142owska i El\u017cbieta Lanc \u2013 honorowe tytu\u0142y zostan\u0105 Im wr\u0119czone w innym terminie.<\/p>\n<p><strong>Po swoim wyst\u0105pieniu, p. Marsza\u0142ek Adam Struzik, wsp\u00f3lnie z p. Markiem Sawickim i p. Rafa\u0142em Kowalczykiem \u2013 Radnym Sejmiku Mazowieckiego, za wybitne zas\u0142ugi na rzecz wojew\u00f3dztwa mazowieckiego uhonorowa\u0142 Medalami Pami\u0105tkowymi \u201ePro Masovia\u201d Gmin\u0119 Sadowne (w imieniu Gminy Medal odebra\u0142 p. Tomasz Szymanik) i W\u00f3jta Gminy Sadowne p. Waldemara Cyrana.<\/strong><\/p>\n<p><strong>Aby uhonorowa\u0107 wszystkich uczestnik\u00f3w Gali, Organizatorzy w podzi\u0119kowaniu wr\u0119czyli Samorz\u0105dowcom i Wsp\u00f3\u0142pracownikom lokalnych samorz\u0105d\u00f3w<\/strong> (<span style=\"color: #0000ff;\"><a style=\"color: #0000ff;\" href=\"http:\/\/info.sadowne.pl\/wp-content\/uploads\/2025\/11\/Lista-gosci-na-Gali-Samorzadu.pdf\" target=\"_blank\" rel=\"noopener\"><strong>lista zaproszonych na Gal\u0119&gt;&gt;&gt;<\/strong><\/a><\/span>), statuetki \u201eMazowiecka Wierzba Samorz\u0105dowa 2025\u201d, kt\u00f3re specjalnie na t\u0119 okoliczno\u015b\u0107 przygotowa\u0142a Firma ADDIT z W\u0119growa.<\/p>\n<p><strong>Organizatorzy Gali r\u00f3wnie\u017c zostali docenieni i za jej przygotowanie otrzymali specjalne podzi\u0119kowania Starostwa Powiatowego w W\u0119growie.<\/strong> W imieniu Starosty W\u0119growskiego i Rady Powiatu W\u0119growskiego, wr\u0119czyli je: p. Marek Renik \u2013 Wicestarosta W\u0119growski i p. Bogus\u0142aw Szyma\u0144ski \u2013 Przewodnicz\u0105cy Rady Powiatu W\u0119growskiego.<\/p>\n<p><strong>Po kilku przemowach go\u015bci, wyst\u0119pie artystycznym Maestro Chives\u2019a, uroczystej kolacji, przyszed\u0142 czas na bankiet samorz\u0105dowy z DJ-em Raw\u0105. C\u00f3\u017c doda\u0107? Ta\u0144ce, ta\u0144ce, ta\u0144ce\u2026.<\/strong><\/p>\n<p>Uroczysta Gala Samorz\u0105dowa 2025 w Sadownem na pewno b\u0119dzie pozytywnie zapami\u0119tana przez Samorz\u0105dowc\u00f3w nie tylko powiatu w\u0119growskiego, ale te\u017c naszych Go\u015bci z s\u0105siednich powiat\u00f3w. Jej zorganizowanie by\u0142o \u015bwietnym pomys\u0142em i mia\u0142o na celu docenienie i uhonorowanie pracownik\u00f3w najni\u017cszych szczebli samorz\u0105d\u00f3w i w\u0142adzy &#8211; powiat\u00f3w i gmin.<\/p>\n<p><strong>W imieniu uczestnik\u00f3w Gali dzi\u0119kuj\u0119 za tak wspania\u0142e przyj\u0119cie, a tak\u017ce i g\u0142\u00f3wnie \u2013 za docenienie mojej pracy charytatywnej i przyznanie mi zaszczytnego tytu\u0142u \u201eZas\u0142u\u017cony dla gminy Sadowne\u201d.<\/strong> Dzi\u0119kuj\u0119 za to p. W\u00f3jtowi i Radzie Gminy Sadowne, a przy okazji\u2026 wszystkim czytelnikom, osobom wspieraj\u0105cym i redaktorom spo\u0142eczno\u015bciowym Portalu Info Sadowne \u2013 za ponad 13 lat wsp\u00f3\u0142pracy i zapoznanie si\u0119 z ponad 30-toma tysi\u0105cami informacji oraz wieloma dziesi\u0105tkami, a mo\u017ce setkami tysi\u0119cy zdj\u0119\u0107, kt\u00f3re trafi\u0142y do Pa\u0144stwa za po\u015brednictwem Portalu Info Sadowne. Jeszcze raz dzi\u0119kuj\u0119 i pozdrawiam\u2026<\/p>\n<p><span style=\"color: #0000ff;\"><a style=\"color: #0000ff;\" href=\"https:\/\/photos.app.goo.gl\/4FSzb4ZQY61a6Qvx6\" target=\"_blank\" rel=\"noopener\"><strong>Zdj\u0119cia w galerii Google&gt;&gt;&gt;<\/strong><\/a><\/span><\/p>\n<p><strong>Tekst:<\/strong>\u00a0S\u0142awek Chyli\u0144ski<\/p>\n<p><strong>Foto:<\/strong> S\u0142awek Chyli\u0144ski\/Danuta Chyli\u0144ska<\/p>\n","protected":false},"excerpt":{"rendered":"<p>Z okazji 35-lecia Samorz\u0105du 14 listopada 2025 roku w Sadownem odby\u0142o si\u0119 uroczyste spotkanie samorz\u0105dowc\u00f3w z kilku s\u0105siaduj\u0105cych ze sob\u0105 mazowieckich powiat\u00f3w.<\/p>\n","protected":false},"author":1,"featured_media":0,"comment_status":"closed","ping_status":"closed","sticky":false,"template":"","format":"standard","meta":{"footnotes":""},"categories":[5,41],"tags":[4321,1827,4322,4323],"class_list":["post-30851","post","type-post","status-publish","format-standard","hentry","category-newsy","category-wiesci-gminne","tag-gala-samorzadu-2025-w-sadownem","tag-gmina-sadowne","tag-mazowiecka-wierzba-samorzadowa-2025","tag-zasluzony-dla-gminy-sadowne"],"views":2520,"_links":{"self":[{"href":"https:\/\/info.sadowne.pl\/index.php?rest_route=\/wp\/v2\/posts\/30851","targetHints":{"allow":["GET"]}}],"collection":[{"href":"https:\/\/info.sadowne.pl\/index.php?rest_route=\/wp\/v2\/posts"}],"about":[{"href":"https:\/\/info.sadowne.pl\/index.php?rest_route=\/wp\/v2\/types\/post"}],"author":[{"embeddable":true,"href":"https:\/\/info.sadowne.pl\/index.php?rest_route=\/wp\/v2\/users\/1"}],"replies":[{"embeddable":true,"href":"https:\/\/info.sadowne.pl\/index.php?rest_route=%2Fwp%2Fv2%2Fcomments&post=30851"}],"version-history":[{"count":8,"href":"https:\/\/info.sadowne.pl\/index.php?rest_route=\/wp\/v2\/posts\/30851\/revisions"}],"predecessor-version":[{"id":30876,"href":"https:\/\/info.sadowne.pl\/index.php?rest_route=\/wp\/v2\/posts\/30851\/revisions\/30876"}],"wp:attachment":[{"href":"https:\/\/info.sadowne.pl\/index.php?rest_route=%2Fwp%2Fv2%2Fmedia&parent=30851"}],"wp:term":[{"taxonomy":"category","embeddable":true,"href":"https:\/\/info.sadowne.pl\/index.php?rest_route=%2Fwp%2Fv2%2Fcategories&post=30851"},{"taxonomy":"post_tag","embeddable":true,"href":"https:\/\/info.sadowne.pl\/index.php?rest_route=%2Fwp%2Fv2%2Ftags&post=30851"}],"curies":[{"name":"wp","href":"https:\/\/api.w.org\/{rel}","templated":true}]}}