{"id":3088,"date":"2020-08-31T15:40:45","date_gmt":"2020-08-31T13:40:45","guid":{"rendered":"http:\/\/www.infosadowne.boo.pl\/?p=3088"},"modified":"2020-08-31T16:11:10","modified_gmt":"2020-08-31T14:11:10","slug":"wspomnijmy-ich","status":"publish","type":"post","link":"https:\/\/info.sadowne.pl\/?p=3088","title":{"rendered":"Wspomnijmy ich&#8230;"},"content":{"rendered":"<p>&nbsp;<\/p>\n<p style=\"text-align: justify;\"><strong><a href=\"http:\/\/info.sadowne.pl\/wp-content\/uploads\/2013\/09\/2020.08.31.1.jpg\" target=\"_blank\" rel=\"noopener noreferrer\"><img loading=\"lazy\" decoding=\"async\" class=\"alignleft wp-image-23710 size-thumbnail\" title=\"pomnik poleg\u0142ych \u017co\u0142nierzy\" src=\"http:\/\/info.sadowne.pl\/wp-content\/uploads\/2013\/09\/2020.08.31.1-180x130.jpg\" alt=\"\" width=\"180\" height=\"130\" \/><\/a>1 wrze\u015bnia 2020 r. przypada 81. rocznica wybuchu II wojny \u015bwiatowej. Tego dnia znajd\u017amy cho\u0107 chwil\u0119 na wspomnienie tych, kt\u00f3rzy stracili \u017cycie podczas ostatniej wojny.<\/strong> <!--more-->Podtrzymujmy te\u017c t\u0119 tradycj\u0119 w\u015br\u00f3d naszych najm\u0142odszych &#8211; przecie\u017c mamy im o czym opowiada\u0107 i co pokaza\u0107.<\/p>\n<p><a href=\"http:\/\/info.sadowne.pl\/wp-content\/uploads\/2013\/08\/2013.08.31.2.jpg\" target=\"_blank\" rel=\"noopener noreferrer\"><img loading=\"lazy\" decoding=\"async\" class=\"alignleft wp-image-3091 size-thumbnail\" title=\"tablica na pomniku przed szko\u0142\u0105\" src=\"http:\/\/info.sadowne.pl\/wp-content\/uploads\/2013\/08\/2013.08.31.2-180x130.jpg\" alt=\"tablica na pomniku przed szko\u0142\u0105\" width=\"180\" height=\"130\" \/><\/a><\/p>\n<p style=\"text-align: justify;\"><a href=\"http:\/\/www.info.sadowne.pl\/wp-content\/uploads\/2013\/08\/2013.08.31.1.jpg\" target=\"_blank\" rel=\"noopener noreferrer\"><img loading=\"lazy\" decoding=\"async\" class=\"alignright size-thumbnail wp-image-3092\" title=\"pomnik przed szko\u0142\u0105 w Sadownem\" src=\"http:\/\/www.info.sadowne.pl\/wp-content\/uploads\/2013\/08\/2013.08.31.1-180x130.jpg\" alt=\"2013.08.31.1\" width=\"180\" height=\"130\" \/><\/a>Wed\u0142ug Biuletynu Komisji Badania Zbrodni Hitlerowskich zamordowano w powiecie w\u0119growskim 3238 os\u00f3b, w tym 2641 \u017byd\u00f3w i 547 Polak\u00f3w (z tej liczby pochodzi\u0142o og\u00f3\u0142em 370 os\u00f3b z gminy Sadowne) &#8211; na miejscowym cmentarzu i w okolicy mo\u017cna zobaczy\u0107 wiele miejsc upami\u0119tniaj\u0105cych naszych rodak\u00f3w poleg\u0142ych w czasie wojny.<\/p>\n<p style=\"text-align: justify;\"><a href=\"http:\/\/www.info.sadowne.pl\/wp-content\/uploads\/2013\/08\/2013.07.02.2.jpg\" target=\"_blank\" rel=\"noopener noreferrer\"><img loading=\"lazy\" decoding=\"async\" class=\"alignleft size-thumbnail wp-image-3093\" title=\"pomnik pomordowanych na Majdanie w Sadownem\" src=\"http:\/\/www.info.sadowne.pl\/wp-content\/uploads\/2013\/08\/2013.07.02.2-180x130.jpg\" alt=\"2013.07.02.2\" width=\"180\" height=\"130\" \/><\/a><\/p>\n<p style=\"text-align: justify;\">Wi\u0119cej mo\u017cna dowiedzie\u0107 si\u0119 i obejrze\u0107 odwiedzaj\u0105c Muzeum Ziemi Sadowie\u0144skiej.<\/p>\n<p><strong><a href=\"http:\/\/info.sadowne.pl\/wp-content\/uploads\/2013\/09\/2020.08.31.2.jpg\"><img loading=\"lazy\" decoding=\"async\" class=\"alignright wp-image-23711 size-thumbnail\" title=\"gr\u00f3b nieznanego \u017co\u0142nierza\" src=\"http:\/\/info.sadowne.pl\/wp-content\/uploads\/2013\/09\/2020.08.31.2-180x130.jpg\" alt=\"\" width=\"180\" height=\"130\" \/><\/a><span style=\"color: #0000ff;\"><a style=\"color: #0000ff;\" href=\"https:\/\/photos.app.goo.gl\/xw9ZCdxSuqPF95fM8\" target=\"_blank\" rel=\"noopener noreferrer\">Zdj\u0119cia w galerii Google&gt;&gt;&gt;<\/a><\/span><\/strong><\/p>\n<p><strong>Tekst\/foto:<\/strong> S\u0142awek Chyli\u0144ski<\/p>\n<p style=\"text-align: justify;\"><b>\u00a0<\/b><\/p>\n","protected":false},"excerpt":{"rendered":"<p>&nbsp; 1 wrze\u015bnia 2020 r. przypada 81. rocznica wybuchu II wojny \u015bwiatowej. Tego dnia znajd\u017amy cho\u0107 chwil\u0119 na wspomnienie tych, kt\u00f3rzy stracili \u017cycie podczas ostatniej wojny.<\/p>\n","protected":false},"author":1,"featured_media":0,"comment_status":"open","ping_status":"open","sticky":false,"template":"","format":"standard","meta":{"footnotes":""},"categories":[5,31],"tags":[101,79,353],"class_list":["post-3088","post","type-post","status-publish","format-standard","hentry","category-newsy","category-historia-gminy","tag-historia-gminy-sadowne","tag-muzeum-ziemi-sadowienskiej","tag-okupacja-w-sadownem"],"views":3797,"_links":{"self":[{"href":"https:\/\/info.sadowne.pl\/index.php?rest_route=\/wp\/v2\/posts\/3088","targetHints":{"allow":["GET"]}}],"collection":[{"href":"https:\/\/info.sadowne.pl\/index.php?rest_route=\/wp\/v2\/posts"}],"about":[{"href":"https:\/\/info.sadowne.pl\/index.php?rest_route=\/wp\/v2\/types\/post"}],"author":[{"embeddable":true,"href":"https:\/\/info.sadowne.pl\/index.php?rest_route=\/wp\/v2\/users\/1"}],"replies":[{"embeddable":true,"href":"https:\/\/info.sadowne.pl\/index.php?rest_route=%2Fwp%2Fv2%2Fcomments&post=3088"}],"version-history":[{"count":15,"href":"https:\/\/info.sadowne.pl\/index.php?rest_route=\/wp\/v2\/posts\/3088\/revisions"}],"predecessor-version":[{"id":23715,"href":"https:\/\/info.sadowne.pl\/index.php?rest_route=\/wp\/v2\/posts\/3088\/revisions\/23715"}],"wp:attachment":[{"href":"https:\/\/info.sadowne.pl\/index.php?rest_route=%2Fwp%2Fv2%2Fmedia&parent=3088"}],"wp:term":[{"taxonomy":"category","embeddable":true,"href":"https:\/\/info.sadowne.pl\/index.php?rest_route=%2Fwp%2Fv2%2Fcategories&post=3088"},{"taxonomy":"post_tag","embeddable":true,"href":"https:\/\/info.sadowne.pl\/index.php?rest_route=%2Fwp%2Fv2%2Ftags&post=3088"}],"curies":[{"name":"wp","href":"https:\/\/api.w.org\/{rel}","templated":true}]}}