{"id":30899,"date":"2025-11-27T20:57:36","date_gmt":"2025-11-27T19:57:36","guid":{"rendered":"http:\/\/info.sadowne.pl\/?p=30899"},"modified":"2025-11-27T20:57:36","modified_gmt":"2025-11-27T19:57:36","slug":"punkt-etapowy-pe-w-malkini","status":"publish","type":"post","link":"https:\/\/info.sadowne.pl\/?p=30899","title":{"rendered":"PUNKT ETAPOWY (PE) W MA\u0141KINI"},"content":{"rendered":"<p><strong><a href=\"http:\/\/info.sadowne.pl\/wp-content\/uploads\/2025\/11\/Brok255.jpg\" target=\"_blank\" rel=\"noopener\"><img loading=\"lazy\" decoding=\"async\" class=\"alignleft wp-image-30900 size-thumbnail\" src=\"http:\/\/info.sadowne.pl\/wp-content\/uploads\/2025\/11\/Brok255-180x130.jpg\" alt=\"\" width=\"180\" height=\"130\" \/><\/a>\u2026JAKO CZ\u0118\u015a\u0106 STRUKTUR PA\u0143STWOWEGO URZ\u0118DU REPATRIACYJNEGO (PUR) W KSZTA\u0141TOWANIU POWOJENNEJ RZECZYWISTO\u015aCI W LATACH 1945-1948.<\/strong><!--more--><\/p>\n<p>Jesieni\u0105 1944 roku, jeszcze przed zako\u0144czeniem dzia\u0142a\u0144 wojennych, pal\u0105cymi problemami sta\u0142y si\u0119 masowe ruchy emigracyjne. Dlatego do kierowania ruchem ludno\u015bci zosta\u0142 powo\u0142any Dekretem PKWN w dniu 7 pa\u017adziernika 1944 roku Pa\u0144stwowy Urz\u0105d Repatriacyjny (PUR). Zakres dzia\u0142ania PUR okre\u015blony w art. 2 dekretu PKWN nast\u0119puj\u0105co okre\u015bla\u0142 zadania nowej instytucji:<\/p>\n<p>\u2013 organizacja repatriacji ludno\u015bci z obszar\u00f3w innych pa\u0144stw na terytorium Pa\u0144stwa Polskiego;<\/p>\n<p>\u2013 regulowanie planowego nap\u0142ywu repatriant\u00f3w;<\/p>\n<p>\u2013 opieka sanitarno-\u017cywno\u015bciowa podczas przeprowadzania repatriacji;<\/p>\n<p>\u2013 planowe rozmieszczenie repatriant\u00f3w i organizacja ich osadnictwa na ziemiach polskich;<\/p>\n<p>\u2013 wprowadzenie akcji pomocy repatriantom w zakresie gospodarczej odbudowy warsztat\u00f3w pracy;<\/p>\n<p>\u2013 popieranie zrzesze\u0144 i instytucji spo\u0142ecznych w kraju i za granic\u0105, o ile ich celem jest niesienie pomocy i opieka nad repatriantami.<\/p>\n<p>Ponadto w okresie p\u00f3\u017aniejszym dosz\u0142y dzia\u0142ania przesiedle\u0144cze. Na skutek kolejnych zmian organizacyjnych z dniem 1 wrze\u015bnia 1945 r. nast\u0105pi\u0142a reorganizacja podzia\u0142u terytorialnego PUR. Przyj\u0119to schemat regionalny, w kt\u00f3rym zazwyczaj jeden oddzia\u0142 powiatowy obejmowa\u0142 swoim zasi\u0119giem trzy s\u0105siednie powiaty. Oddzia\u0142 powiatowy PUR w Ostrowi Mazowieckiej obejmowa\u0142 w tym okresie swoim zasi\u0119giem trzy powiaty: ostrowski, radzymi\u0144ski i ostro\u0142\u0119cki. W Radzyminie i w Ostro\u0142\u0119ce funkcjonowa\u0142y Rejonowe Inspektoraty Osadnictwa. Ponadto w Ma\u0142kini funkcjonowa\u0142 jako baza operacyjna jeden z trzech w wojew\u00f3dztwie warszawskim Punkt Etapowy (Dzia\u0142dowo, Ma\u0142kinia, Warszawa Zachodnia).<\/p>\n<p><strong>Wi\u0119cej na stronie <span style=\"color: #0000ff;\"><a style=\"color: #0000ff;\" href=\"https:\/\/madzelan.cba.pl\/punkt-etapowy-pe-w-malkini-jako-czesc-struktur-panstwowego-urzedu-repatriacyjnego-pur-w-ksztaltowaniu-powojennej-rzeczywistosci-w-latach-1945-1948\/\" target=\"_blank\" rel=\"noopener\">https:\/\/madzelan.cba.pl\/punkt-etapowy-pe-w-malkini-jako-czesc-struktur-panstwowego-urzedu-repatriacyjnego-pur-w-ksztaltowaniu-powojennej-rzeczywistosci-w-latach-1945-1948\/<\/a><\/span><\/strong><\/p>\n","protected":false},"excerpt":{"rendered":"<p>\u2026JAKO CZ\u0118\u015a\u0106 STRUKTUR PA\u0143STWOWEGO URZ\u0118DU REPATRIACYJNEGO (PUR) W KSZTA\u0141TOWANIU POWOJENNEJ RZECZYWISTO\u015aCI W LATACH 1945-1948.<\/p>\n","protected":false},"author":1,"featured_media":0,"comment_status":"closed","ping_status":"closed","sticky":false,"template":"","format":"standard","meta":{"footnotes":""},"categories":[5,3436,31],"tags":[3004,2956],"class_list":["post-30899","post","type-post","status-publish","format-standard","hentry","category-newsy","category-opowiesci-historie-legendy-brokowskie-i-nie-tylko","category-historia-gminy","tag-jerzy-madzelan","tag-opowiesci-historie-legendy-brokowskie-i-nie-tylko"],"views":530,"_links":{"self":[{"href":"https:\/\/info.sadowne.pl\/index.php?rest_route=\/wp\/v2\/posts\/30899","targetHints":{"allow":["GET"]}}],"collection":[{"href":"https:\/\/info.sadowne.pl\/index.php?rest_route=\/wp\/v2\/posts"}],"about":[{"href":"https:\/\/info.sadowne.pl\/index.php?rest_route=\/wp\/v2\/types\/post"}],"author":[{"embeddable":true,"href":"https:\/\/info.sadowne.pl\/index.php?rest_route=\/wp\/v2\/users\/1"}],"replies":[{"embeddable":true,"href":"https:\/\/info.sadowne.pl\/index.php?rest_route=%2Fwp%2Fv2%2Fcomments&post=30899"}],"version-history":[{"count":1,"href":"https:\/\/info.sadowne.pl\/index.php?rest_route=\/wp\/v2\/posts\/30899\/revisions"}],"predecessor-version":[{"id":30901,"href":"https:\/\/info.sadowne.pl\/index.php?rest_route=\/wp\/v2\/posts\/30899\/revisions\/30901"}],"wp:attachment":[{"href":"https:\/\/info.sadowne.pl\/index.php?rest_route=%2Fwp%2Fv2%2Fmedia&parent=30899"}],"wp:term":[{"taxonomy":"category","embeddable":true,"href":"https:\/\/info.sadowne.pl\/index.php?rest_route=%2Fwp%2Fv2%2Fcategories&post=30899"},{"taxonomy":"post_tag","embeddable":true,"href":"https:\/\/info.sadowne.pl\/index.php?rest_route=%2Fwp%2Fv2%2Ftags&post=30899"}],"curies":[{"name":"wp","href":"https:\/\/api.w.org\/{rel}","templated":true}]}}