{"id":30902,"date":"2025-11-28T09:22:21","date_gmt":"2025-11-28T08:22:21","guid":{"rendered":"http:\/\/info.sadowne.pl\/?p=30902"},"modified":"2025-11-28T09:22:21","modified_gmt":"2025-11-28T08:22:21","slug":"po-raz-ostatni","status":"publish","type":"post","link":"https:\/\/info.sadowne.pl\/?p=30902","title":{"rendered":"Po raz ostatni\u2026"},"content":{"rendered":"<p><a href=\"http:\/\/info.sadowne.pl\/wp-content\/uploads\/2025\/11\/2025.11.28.1.jpg\" target=\"_blank\" rel=\"noopener\"><img loading=\"lazy\" decoding=\"async\" class=\"alignleft wp-image-30903 size-thumbnail\" src=\"http:\/\/info.sadowne.pl\/wp-content\/uploads\/2025\/11\/2025.11.28.1-180x130.jpg\" alt=\"\" width=\"180\" height=\"130\" \/><\/a><\/p>\n<p><strong>To ju\u017c ostatni wiersz Krzysztofa Tomaszewskiego.<\/strong><!--more--><\/p>\n<p><strong>Prezentowane wiersze pochodz\u0105 ze zbiorku &#8222;umkn\u0105\u0107 wszystkim&#8221;, wydanego w 2010 roku przez Siedleck\u0105 Grup\u0119 Literack\u0105 Witra\u017c.<\/strong><\/p>\n<p><strong>Zach\u0119cam do si\u0119gni\u0119cia po zbiorek i odnajdywanie w nim uroku poezji Krzysztofa.<\/strong><\/p>\n<p><strong>Polecam\u2026 Wies\u0142aw Maliszewski<\/strong><\/p>\n<p>&nbsp;<\/p>\n<p style=\"text-align: center;\">* * *<\/p>\n<p>&nbsp;<\/p>\n<p style=\"text-align: center;\">mam do oddania<\/p>\n<p style=\"text-align: center;\">serce<\/p>\n<p style=\"text-align: center;\">zn\u00f3w moje<\/p>\n<p style=\"text-align: center;\">wy\u0142\u0105cznie moje<\/p>\n<p style=\"text-align: center;\">dzisiaj<\/p>\n<p style=\"text-align: center;\">ju\u017c stare<\/p>\n<p>&nbsp;<\/p>\n<p style=\"text-align: center;\">niewiele chc\u0119 w zamian<\/p>\n<p style=\"text-align: center;\">ot<\/p>\n<p style=\"text-align: center;\">szklank\u0119 herbaty<\/p>\n<p style=\"text-align: center;\">kilka dy\u017cur\u00f3w przy \u0142\u00f3\u017cku<\/p>\n<p style=\"text-align: center;\">nie w \u0142\u00f3\u017cku<\/p>\n<p style=\"text-align: center;\">nim karawanu ko\u0142a przemkn\u0105<\/p>\n<p style=\"text-align: center;\">zabieraj\u0105c oddech<\/p>\n<p style=\"text-align: center;\">krwi wstrzymuj\u0105c po\u015bpiech<\/p>\n<p>&nbsp;<\/p>\n<p style=\"text-align: center;\">mam serce<\/p>\n<p>&nbsp;<\/p>\n<p style=\"text-align: center;\">s\u0142\u00f3w nie znam<\/p>\n<p>&nbsp;<\/p>\n<p style=\"text-align: center;\">kwiaty niepodlane<\/p>\n<p style=\"text-align: center;\">usychaj\u0105<\/p>\n<p style=\"text-align: center;\">umukaj\u0105<\/p>\n<p style=\"text-align: center;\">spod powiek&#8230;<\/p>\n","protected":false},"excerpt":{"rendered":"<p>To ju\u017c ostatni wiersz Krzysztofa Tomaszewskiego.<\/p>\n","protected":false},"author":1,"featured_media":0,"comment_status":"closed","ping_status":"closed","sticky":false,"template":"","format":"standard","meta":{"footnotes":""},"categories":[5,48,6,108],"tags":[3634,4253,2730,51],"class_list":["post-30902","post","type-post","status-publish","format-standard","hentry","category-newsy","category-kacik-literacki","category-kultura-rozrywka-edukacja","category-okienko-poetyckie","tag-kacik-literacki","tag-krzysztof-tomaszewski","tag-poezja","tag-wieslaw-maliszewski"],"views":458,"_links":{"self":[{"href":"https:\/\/info.sadowne.pl\/index.php?rest_route=\/wp\/v2\/posts\/30902","targetHints":{"allow":["GET"]}}],"collection":[{"href":"https:\/\/info.sadowne.pl\/index.php?rest_route=\/wp\/v2\/posts"}],"about":[{"href":"https:\/\/info.sadowne.pl\/index.php?rest_route=\/wp\/v2\/types\/post"}],"author":[{"embeddable":true,"href":"https:\/\/info.sadowne.pl\/index.php?rest_route=\/wp\/v2\/users\/1"}],"replies":[{"embeddable":true,"href":"https:\/\/info.sadowne.pl\/index.php?rest_route=%2Fwp%2Fv2%2Fcomments&post=30902"}],"version-history":[{"count":3,"href":"https:\/\/info.sadowne.pl\/index.php?rest_route=\/wp\/v2\/posts\/30902\/revisions"}],"predecessor-version":[{"id":30906,"href":"https:\/\/info.sadowne.pl\/index.php?rest_route=\/wp\/v2\/posts\/30902\/revisions\/30906"}],"wp:attachment":[{"href":"https:\/\/info.sadowne.pl\/index.php?rest_route=%2Fwp%2Fv2%2Fmedia&parent=30902"}],"wp:term":[{"taxonomy":"category","embeddable":true,"href":"https:\/\/info.sadowne.pl\/index.php?rest_route=%2Fwp%2Fv2%2Fcategories&post=30902"},{"taxonomy":"post_tag","embeddable":true,"href":"https:\/\/info.sadowne.pl\/index.php?rest_route=%2Fwp%2Fv2%2Ftags&post=30902"}],"curies":[{"name":"wp","href":"https:\/\/api.w.org\/{rel}","templated":true}]}}