{"id":30909,"date":"2025-12-01T22:09:20","date_gmt":"2025-12-01T21:09:20","guid":{"rendered":"http:\/\/info.sadowne.pl\/?p=30909"},"modified":"2025-12-01T22:09:20","modified_gmt":"2025-12-01T21:09:20","slug":"zasluzona-emerytura","status":"publish","type":"post","link":"https:\/\/info.sadowne.pl\/?p=30909","title":{"rendered":"ZAS\u0141U\u017bONA EMERYTURA"},"content":{"rendered":"<p><a href=\"http:\/\/info.sadowne.pl\/wp-content\/uploads\/2025\/12\/2025.12.01.1.jpg\" target=\"_blank\" rel=\"noopener\"><img loading=\"lazy\" decoding=\"async\" class=\"alignleft wp-image-30910 size-thumbnail\" src=\"http:\/\/info.sadowne.pl\/wp-content\/uploads\/2025\/12\/2025.12.01.1-180x130.jpg\" alt=\"\" width=\"180\" height=\"130\" \/><\/a><\/p>\n<p><strong>Mowa o Pani Basi Klimek, kt\u00f3ra przesz\u0142a niedawno na emerytur\u0119. <\/strong><!--more--><\/p>\n<p>Pani Basia w zawodzie bibliotekarki Gminnej Biblioteki Publicznej w Sadownem przepracowa\u0142a 43 lata. Przez kilka lat by\u0142a r\u00f3wnie\u017c jej dyrektork\u0105.<\/p>\n<p>1 grudnia 2025 roku Pani Basia zorganizowa\u0142a w Restauracji \u201eZa\u015bcianek\u201d w Sadownem spotkanie, w kt\u00f3rym mieli\u015bmy przyjemno\u015b\u0107 uczestniczy\u0107. By\u0142y ca\u0142usy, \u017cyczenia i prezenty (w tym tajemniczy fotel, kt\u00f3rego funkcje niech nadal pozostan\u0105 tajemnic\u0105), g\u0142o\u015bno zabrzmia\u0142o te\u017c oczywi\u015bcie \u201e100 lat\u201d.<\/p>\n<p>Z okazji przej\u015bcia na emerytur\u0119 oraz zbli\u017caj\u0105cych si\u0119 imienin Barbary \u017cyczymy szanownej emerytce i solenizantce, aby emerytura by\u0142a czasem beztroski, zdrowia, cieszenia si\u0119 \u017cyciem, bez \u017cadnych harmonogram\u00f3w. Niech ka\u017cdy dzie\u0144 przynosi Pani u\u015bmiech na twarzy i satysfakcj\u0119 z dobrze wykonywanej pracy.<\/p>\n<p>Teraz, lubiana przez czytelnik\u00f3w, bibliotekarka mo\u017ce cieszy\u0107 si\u0119 \u017cyciem na w\u0142asnych warunkach, realizowa\u0107 swoje marzenia i czerpa\u0107 satysfakcj\u0119 z zas\u0142u\u017conego odpoczynku.<\/p>\n<p><span style=\"color: #0000ff;\"><a style=\"color: #0000ff;\" href=\"https:\/\/photos.app.goo.gl\/J1g6Zvd8oRp5ZrSo6\" target=\"_blank\" rel=\"noopener\"><strong>Zdj\u0119cia w galerii Google&gt;&gt;&gt;<\/strong><strong>\u00a0<\/strong><\/a><\/span><\/p>\n<p><strong>Tekst:<\/strong> Danuta Chyli\u0144ska<\/p>\n<p><strong>Foto:<\/strong> S\u0142awek Chyli\u0144ski<\/p>\n","protected":false},"excerpt":{"rendered":"<p>Mowa o Pani Basi Klimek, kt\u00f3ra przesz\u0142a niedawno na emerytur\u0119.<\/p>\n","protected":false},"author":1,"featured_media":0,"comment_status":"closed","ping_status":"closed","sticky":false,"template":"","format":"standard","meta":{"footnotes":""},"categories":[5,1],"tags":[4329,4330],"class_list":["post-30909","post","type-post","status-publish","format-standard","hentry","category-newsy","category-inne","tag-barbara-klimek","tag-zasluzona-emerytura"],"views":1118,"_links":{"self":[{"href":"https:\/\/info.sadowne.pl\/index.php?rest_route=\/wp\/v2\/posts\/30909","targetHints":{"allow":["GET"]}}],"collection":[{"href":"https:\/\/info.sadowne.pl\/index.php?rest_route=\/wp\/v2\/posts"}],"about":[{"href":"https:\/\/info.sadowne.pl\/index.php?rest_route=\/wp\/v2\/types\/post"}],"author":[{"embeddable":true,"href":"https:\/\/info.sadowne.pl\/index.php?rest_route=\/wp\/v2\/users\/1"}],"replies":[{"embeddable":true,"href":"https:\/\/info.sadowne.pl\/index.php?rest_route=%2Fwp%2Fv2%2Fcomments&post=30909"}],"version-history":[{"count":1,"href":"https:\/\/info.sadowne.pl\/index.php?rest_route=\/wp\/v2\/posts\/30909\/revisions"}],"predecessor-version":[{"id":30911,"href":"https:\/\/info.sadowne.pl\/index.php?rest_route=\/wp\/v2\/posts\/30909\/revisions\/30911"}],"wp:attachment":[{"href":"https:\/\/info.sadowne.pl\/index.php?rest_route=%2Fwp%2Fv2%2Fmedia&parent=30909"}],"wp:term":[{"taxonomy":"category","embeddable":true,"href":"https:\/\/info.sadowne.pl\/index.php?rest_route=%2Fwp%2Fv2%2Fcategories&post=30909"},{"taxonomy":"post_tag","embeddable":true,"href":"https:\/\/info.sadowne.pl\/index.php?rest_route=%2Fwp%2Fv2%2Ftags&post=30909"}],"curies":[{"name":"wp","href":"https:\/\/api.w.org\/{rel}","templated":true}]}}