{"id":30913,"date":"2025-12-04T20:52:55","date_gmt":"2025-12-04T19:52:55","guid":{"rendered":"http:\/\/info.sadowne.pl\/?p=30913"},"modified":"2025-12-04T20:52:55","modified_gmt":"2025-12-04T19:52:55","slug":"wojna-religijna-pod-wegrowem","status":"publish","type":"post","link":"https:\/\/info.sadowne.pl\/?p=30913","title":{"rendered":"Wojna religijna pod W\u0119growem,"},"content":{"rendered":"<p><strong><a href=\"http:\/\/info.sadowne.pl\/wp-content\/uploads\/2025\/12\/Brok256.jpg\" target=\"_blank\" rel=\"noopener\"><img loading=\"lazy\" decoding=\"async\" class=\"alignleft wp-image-30914 size-thumbnail\" src=\"http:\/\/info.sadowne.pl\/wp-content\/uploads\/2025\/12\/Brok256-180x130.jpg\" alt=\"\" width=\"180\" height=\"130\" \/><\/a>\u2026napad na omnibus w s\u0105siedztwie Czy\u017cewa, obrabowanie kasy Kolei Siedlecko-Ma\u0142ki\u0144skiej, rewolucyjne nastroje i prohibicja w Sterdyni, detaliczny opis Rzeczypospolitej Podchor\u0105\u017cackiej.<\/strong><!--more--><\/p>\n<p>W roku 1906 dosz\u0142o do gwa\u0142townych wyst\u0105pie\u0144 zwolennik\u00f3w mariawityzmu, okre\u015blanych z racji podwijania r\u0119kaw\u00f3w przez ich duchownych pogardliwym mianem \u201emankietnik\u00f3w\u201d lub \u201ekoz\u0142owit\u00f3w\u201d, a to od nazwiska za\u0142o\u017cycielki tego ruchu Marii Franciszki Koz\u0142owskiej. Na prze\u0142omie XIX i XX w. wsp\u00f3lnota mariawicka dzia\u0142a\u0142a w ramach Ko\u015bcio\u0142a katolickiego, ale w roku 1906 nast\u0105pi\u0142a ekskomunika za\u0142o\u017cycielki ruchu oraz ks. Jana Kowalskiego, g\u0142\u00f3wnego jej wsp\u00f3\u0142pracownika. W pierwszych miesi\u0105cach tamtego roku mariawici usi\u0142owali przej\u0105\u0107 kontrol\u0119 nad licznymi parafiami. \u015amier\u0107 w wyniku star\u0107 ponios\u0142o kilkana\u015bcie os\u00f3b, a kilkaset zosta\u0142o rannych. Widowni\u0105 tych wydarze\u0144 by\u0142 tak\u017ce nasz region.<\/p>\n<p>Rewolucja z lat 1905-1907 kojarzy si\u0119 przede wszystkim z patriotycznymi wyst\u0105pieniami, powstawaniem polskich bibliotek, czytelni, szk\u00f3\u0142, k\u00f3\u0142ek samokszta\u0142ceniowych. Dla wielu mieszka\u0144c\u00f3w Kr\u00f3lestwa Polskiego by\u0142 to jednak przede wszystkim okres wybuchu trudnej do poskromienia przest\u0119pczo\u015bci. Carska tajna policja, celem dokonania podzia\u0142\u00f3w w polskim spo\u0142ecze\u0144stwie \u015bwiadomie d\u0105\u017cy\u0142a do rozniecenia wa\u015bni religijnych i narodowo\u015bciowych. Zaj\u0119ta za\u015b sprawami politycznymi, wi\u0119c niemaj\u0105ca nazbyt wiele czasu na \u015bciganie kryminalist\u00f3w policja jawna \u201ezarz\u0105dza\u0142a strachem\u201d, przymykaj\u0105c oko na wybryki kryminalist\u00f3w i chuligan\u00f3w, wywo\u0142uj\u0105c tym samym t\u0119sknot\u0119 za dobrymi, starymi porz\u0105dkami. Notki prasowe o zab\u00f3jstwach, napadach, rabunkach, cz\u0119sto ko\u0144czy\u0142y si\u0119 s\u0142awami: \u201eKiedy to si\u0119 wreszcie sko\u0144czy!\u201d. Fala przest\u0119pczo\u015bci nie oszcz\u0119dzi\u0142a i naszych okolic, czego przyk\u0142adem jest napad pod Czy\u017cewem. Do poczucia wszechogarniaj\u0105cego chaosu przyczynia\u0142y si\u0119 akcje zbrojnych boj\u00f3wek politycznych. Ich dzie\u0142em by\u0142 prawdopodobnie rabunek kasy Kolei Siedlecko-Ma\u0142ki\u0144skiej.<\/p>\n<p><strong>Wi\u0119cej na stronie <span style=\"color: #0000ff;\"><a style=\"color: #0000ff;\" href=\"https:\/\/madzelan.cba.pl\/wojna-religijna-pod-wegrowem-napad-na-omnibus-w-sasiedztwie-czyzewa-obrabowanie-kasy-kolei-siedlecko-malkinskiej-rewolucyjne-nastroje-i-prohibicja-w-sterdyni-detaliczny-opis-rzeczypospolitej-podch\/\" target=\"_blank\" rel=\"noopener\">https:\/\/madzelan.cba.pl\/wojna-religijna-pod-wegrowem-napad-na-omnibus-w-sasiedztwie-czyzewa-obrabowanie-kasy-kolei-siedlecko-malkinskiej-rewolucyjne-nastroje-i-prohibicja-w-sterdyni-detaliczny-opis-rzeczypospolitej-podch\/<\/a><\/span><\/strong><\/p>\n","protected":false},"excerpt":{"rendered":"<p>\u2026napad na omnibus w s\u0105siedztwie Czy\u017cewa, obrabowanie kasy Kolei Siedlecko-Ma\u0142ki\u0144skiej, rewolucyjne nastroje i prohibicja w Sterdyni, detaliczny opis Rzeczypospolitej Podchor\u0105\u017cackiej.<\/p>\n","protected":false},"author":1,"featured_media":0,"comment_status":"closed","ping_status":"closed","sticky":false,"template":"","format":"standard","meta":{"footnotes":""},"categories":[5,3436,31],"tags":[3004,2956],"class_list":["post-30913","post","type-post","status-publish","format-standard","hentry","category-newsy","category-opowiesci-historie-legendy-brokowskie-i-nie-tylko","category-historia-gminy","tag-jerzy-madzelan","tag-opowiesci-historie-legendy-brokowskie-i-nie-tylko"],"views":478,"_links":{"self":[{"href":"https:\/\/info.sadowne.pl\/index.php?rest_route=\/wp\/v2\/posts\/30913","targetHints":{"allow":["GET"]}}],"collection":[{"href":"https:\/\/info.sadowne.pl\/index.php?rest_route=\/wp\/v2\/posts"}],"about":[{"href":"https:\/\/info.sadowne.pl\/index.php?rest_route=\/wp\/v2\/types\/post"}],"author":[{"embeddable":true,"href":"https:\/\/info.sadowne.pl\/index.php?rest_route=\/wp\/v2\/users\/1"}],"replies":[{"embeddable":true,"href":"https:\/\/info.sadowne.pl\/index.php?rest_route=%2Fwp%2Fv2%2Fcomments&post=30913"}],"version-history":[{"count":1,"href":"https:\/\/info.sadowne.pl\/index.php?rest_route=\/wp\/v2\/posts\/30913\/revisions"}],"predecessor-version":[{"id":30915,"href":"https:\/\/info.sadowne.pl\/index.php?rest_route=\/wp\/v2\/posts\/30913\/revisions\/30915"}],"wp:attachment":[{"href":"https:\/\/info.sadowne.pl\/index.php?rest_route=%2Fwp%2Fv2%2Fmedia&parent=30913"}],"wp:term":[{"taxonomy":"category","embeddable":true,"href":"https:\/\/info.sadowne.pl\/index.php?rest_route=%2Fwp%2Fv2%2Fcategories&post=30913"},{"taxonomy":"post_tag","embeddable":true,"href":"https:\/\/info.sadowne.pl\/index.php?rest_route=%2Fwp%2Fv2%2Ftags&post=30913"}],"curies":[{"name":"wp","href":"https:\/\/api.w.org\/{rel}","templated":true}]}}