{"id":30916,"date":"2025-12-04T20:56:23","date_gmt":"2025-12-04T19:56:23","guid":{"rendered":"http:\/\/info.sadowne.pl\/?p=30916"},"modified":"2025-12-04T20:56:23","modified_gmt":"2025-12-04T19:56:23","slug":"mikolajowi-udalo-sie-dojechac-do-sadownego","status":"publish","type":"post","link":"https:\/\/info.sadowne.pl\/?p=30916","title":{"rendered":"Miko\u0142ajowi uda\u0142o si\u0119 dojecha\u0107 do Sadownego!"},"content":{"rendered":"<p><a href=\"http:\/\/info.sadowne.pl\/wp-content\/uploads\/2025\/12\/2025.12.04.1.jpg\" target=\"_blank\" rel=\"noopener\"><img loading=\"lazy\" decoding=\"async\" class=\"alignleft wp-image-30917 size-thumbnail\" src=\"http:\/\/info.sadowne.pl\/wp-content\/uploads\/2025\/12\/2025.12.04.1-180x130.jpg\" alt=\"\" width=\"180\" height=\"130\" \/><\/a><\/p>\n<p><strong>\u015aw. Miko\u0142aj odwiedzi\u0142 dzieci, ale dojazd do Sadownego nie by\u0142 taki prosty.<\/strong><!--more--><\/p>\n<p>4 grudnia 2025 roku na skwerku przy ko\u015bciele parafialnym w Sadownem t\u0142um dzieciak\u00f3w z rodzicami czeka\u0142 na \u015aw. Miko\u0142aja. Oczywi\u015bcie wszyscy ch\u0119tni na spotkanie z Miko\u0142ajem nie zapomnieli zabra\u0107 ze sob\u0105 kartek dla \u015awi\u0119tego, kt\u00f3re wcze\u015bniej odebrali z Gminnego O\u015brodka Kultury w Sadownem.<\/p>\n<p>Spotkanie rozpocz\u0119\u0142a i wszystkich powita\u0142a p. Ewa Pi\u00f3rkowska, a honory gospodarza tym razem czyni\u0142 p. Marcin Gr\u0119da \u2013 Zast\u0119pca W\u00f3jta Gminy Sadowne, kt\u00f3ry zapali\u0142 \u015bwiate\u0142ka na choince i przekaza\u0142 wszystkim \u017cyczenia z okazji zbli\u017caj\u0105cych si\u0119 \u015awi\u0105t Bo\u017cego Narodzenia.<\/p>\n<p>G\u0142o\u015bne nawo\u0142ywanie Miko\u0142aja przez wszystkich obecnych na skwerku spowodowa\u0142o, \u017ce on nagle si\u0119 tam pojawi\u0142. Jak tu dotar\u0142 w tym roku? \u00a0Oczywi\u015bcie, jak zwykle, nie bez problem\u00f3w. Po drodze zepsu\u0142y mu si\u0119 sanie, ale otrzyma\u0142 natychmiastowe wsparcie od p. Roberta Gajewskiego, kt\u00f3ry \u2013 jak powiadaj\u0105 &#8211; chwali\u0142 si\u0119, \u017ce przewiezie wszystko\u2026 nawet Miko\u0142aja. Jak powiedzia\u0142, tak zrobi\u0142. Po \u015awi\u0119tego wys\u0142a\u0142 TIR-a, kt\u00f3ry wjecha\u0142 z saniami na lawecie na plac, powoduj\u0105c ogromne zaskoczenie i aplauz oczekuj\u0105cych tu dzieciak\u00f3w.<\/p>\n<p>Miko\u0142aj wy\u0142adowa\u0142 prezenty, powita\u0142 dzieci i zacz\u0105\u0142 wykonywa\u0107 swoje obowi\u0105zki. Oczywi\u015bcie niezb\u0119dna tu by\u0142a asysta \u015bnie\u017cynek i elf\u00f3w, czuwaj\u0105cych nad sprawnym przebiegiem spotkania, rozdaniem prezent\u00f3w i s\u0142odko\u015bci. Jak zawsze w tych rolach spe\u0142nili si\u0119 Pracownicy Gminnego O\u015brodka Kultury w Sadownem i Panie z Ko\u0142a Gospody\u0144 Wiejskich w Sadownem, kt\u00f3re dzielnie cz\u0119stowa\u0142y \u0142asuch\u00f3w przygotowanymi przez siebie s\u0142odko\u015bciami, popcornem i gor\u0105c\u0105 czekolad\u0105.<\/p>\n<p>Dzieci zapewnia\u0142y Miko\u0142aja, \u017ce by\u0142y grzeczne i bez problem\u00f3w, po rozmowie z Nim, dostawa\u0142y prezenty. Kolejka do Miko\u0142aja by\u0142a ogromna, ale On, cho\u0107 zm\u0119czony, cierpliwie wype\u0142nia\u0142 swoje obowi\u0105zki i \u2013 o dziwo \u2013 wcale nawet nie u\u017cy\u0142 r\u00f3zgi, kt\u00f3ra by\u0142a przygotowana dla niegrzecznych dzieci.<\/p>\n<p><span style=\"color: #0000ff;\"><a style=\"color: #0000ff;\" href=\"https:\/\/photos.app.goo.gl\/rkVWBPixoA2VRy926\" target=\"_blank\" rel=\"noopener\"><strong>Zdj\u0119cia w galerii Google&gt;&gt;&gt;<\/strong><\/a><\/span><\/p>\n<p><strong>Tekst\/foto: <\/strong>S\u0142awek Chyli\u0144ski<\/p>\n","protected":false},"excerpt":{"rendered":"<p>\u015aw. Miko\u0142aj odwiedzi\u0142 dzieci, ale dojazd do Sadownego nie by\u0142 taki prosty.<\/p>\n","protected":false},"author":1,"featured_media":0,"comment_status":"closed","ping_status":"closed","sticky":false,"template":"","format":"standard","meta":{"footnotes":""},"categories":[5,91,6],"tags":[169,1084],"class_list":["post-30916","post","type-post","status-publish","format-standard","hentry","category-newsy","category-gminny-osrodek-kultury","category-kultura-rozrywka-edukacja","tag-gminny-osrodek-kultury-w-sadownem","tag-mikolajki-w-sadownem"],"views":897,"_links":{"self":[{"href":"https:\/\/info.sadowne.pl\/index.php?rest_route=\/wp\/v2\/posts\/30916","targetHints":{"allow":["GET"]}}],"collection":[{"href":"https:\/\/info.sadowne.pl\/index.php?rest_route=\/wp\/v2\/posts"}],"about":[{"href":"https:\/\/info.sadowne.pl\/index.php?rest_route=\/wp\/v2\/types\/post"}],"author":[{"embeddable":true,"href":"https:\/\/info.sadowne.pl\/index.php?rest_route=\/wp\/v2\/users\/1"}],"replies":[{"embeddable":true,"href":"https:\/\/info.sadowne.pl\/index.php?rest_route=%2Fwp%2Fv2%2Fcomments&post=30916"}],"version-history":[{"count":1,"href":"https:\/\/info.sadowne.pl\/index.php?rest_route=\/wp\/v2\/posts\/30916\/revisions"}],"predecessor-version":[{"id":30918,"href":"https:\/\/info.sadowne.pl\/index.php?rest_route=\/wp\/v2\/posts\/30916\/revisions\/30918"}],"wp:attachment":[{"href":"https:\/\/info.sadowne.pl\/index.php?rest_route=%2Fwp%2Fv2%2Fmedia&parent=30916"}],"wp:term":[{"taxonomy":"category","embeddable":true,"href":"https:\/\/info.sadowne.pl\/index.php?rest_route=%2Fwp%2Fv2%2Fcategories&post=30916"},{"taxonomy":"post_tag","embeddable":true,"href":"https:\/\/info.sadowne.pl\/index.php?rest_route=%2Fwp%2Fv2%2Ftags&post=30916"}],"curies":[{"name":"wp","href":"https:\/\/api.w.org\/{rel}","templated":true}]}}