{"id":30936,"date":"2025-12-12T15:22:41","date_gmt":"2025-12-12T14:22:41","guid":{"rendered":"http:\/\/info.sadowne.pl\/?p=30936"},"modified":"2025-12-12T15:22:41","modified_gmt":"2025-12-12T14:22:41","slug":"kolejny-wiersz","status":"publish","type":"post","link":"https:\/\/info.sadowne.pl\/?p=30936","title":{"rendered":"Kolejny wiersz&#8230;"},"content":{"rendered":"<p><a href=\"http:\/\/info.sadowne.pl\/wp-content\/uploads\/2025\/12\/2025.12.12.1.jpg\" target=\"_blank\" rel=\"noopener\"><img loading=\"lazy\" decoding=\"async\" class=\"alignleft wp-image-30937 size-thumbnail\" src=\"http:\/\/info.sadowne.pl\/wp-content\/uploads\/2025\/12\/2025.12.12.1-180x130.jpg\" alt=\"\" width=\"180\" height=\"130\" \/><\/a><\/p>\n<p><strong>Janusz Wojciech Kowalski w drugiej ods\u0142onie.<\/strong><!--more--><\/p>\n<p>&nbsp;<\/p>\n<p>&nbsp;<\/p>\n<p>&nbsp;<\/p>\n<p>&nbsp;<\/p>\n<p style=\"text-align: center;\"><strong><br \/>\nLas<\/p>\n<p><\/strong><\/p>\n<p style=\"text-align: center;\">Ludzie i drzewa<br \/>\njawi\u0105 si\u0119 tak samo<br \/>\nnam<br \/>\nid\u0105cym<br \/>\nnoc\u0105<br \/>\ngdy krzyczy pod nog\u0105<br \/>\nz\u0142amana ga\u0142\u0105zka<br \/>\nz drzewa szyszka<br \/>\nupada<br \/>\njak<br \/>\ngranat<br \/>\ni nie dostrze\u017cesz<br \/>\nco w r\u0119kach<br \/>\ntrzyma<br \/>\nnapotkany<br \/>\ncz\u0142owiek<br \/>\n<strong><br \/>\n<\/strong><\/p>\n<p style=\"text-align: left;\"><strong>Foto:<\/strong> Wies\u0142aw Maliszewski<\/p>\n","protected":false},"excerpt":{"rendered":"<p>Janusz Wojciech Kowalski w drugiej ods\u0142onie.<\/p>\n","protected":false},"author":1,"featured_media":0,"comment_status":"closed","ping_status":"closed","sticky":false,"template":"","format":"standard","meta":{"footnotes":""},"categories":[5,48,6,108],"tags":[4256,3669,2730,4332,51],"class_list":["post-30936","post","type-post","status-publish","format-standard","hentry","category-newsy","category-kacik-literacki","category-kultura-rozrywka-edukacja","category-okienko-poetyckie","tag-janusz-wojciech-kowalski","tag-okienko-poetyckie","tag-poezja","tag-wiersz-las","tag-wieslaw-maliszewski"],"views":363,"_links":{"self":[{"href":"https:\/\/info.sadowne.pl\/index.php?rest_route=\/wp\/v2\/posts\/30936","targetHints":{"allow":["GET"]}}],"collection":[{"href":"https:\/\/info.sadowne.pl\/index.php?rest_route=\/wp\/v2\/posts"}],"about":[{"href":"https:\/\/info.sadowne.pl\/index.php?rest_route=\/wp\/v2\/types\/post"}],"author":[{"embeddable":true,"href":"https:\/\/info.sadowne.pl\/index.php?rest_route=\/wp\/v2\/users\/1"}],"replies":[{"embeddable":true,"href":"https:\/\/info.sadowne.pl\/index.php?rest_route=%2Fwp%2Fv2%2Fcomments&post=30936"}],"version-history":[{"count":2,"href":"https:\/\/info.sadowne.pl\/index.php?rest_route=\/wp\/v2\/posts\/30936\/revisions"}],"predecessor-version":[{"id":30939,"href":"https:\/\/info.sadowne.pl\/index.php?rest_route=\/wp\/v2\/posts\/30936\/revisions\/30939"}],"wp:attachment":[{"href":"https:\/\/info.sadowne.pl\/index.php?rest_route=%2Fwp%2Fv2%2Fmedia&parent=30936"}],"wp:term":[{"taxonomy":"category","embeddable":true,"href":"https:\/\/info.sadowne.pl\/index.php?rest_route=%2Fwp%2Fv2%2Fcategories&post=30936"},{"taxonomy":"post_tag","embeddable":true,"href":"https:\/\/info.sadowne.pl\/index.php?rest_route=%2Fwp%2Fv2%2Ftags&post=30936"}],"curies":[{"name":"wp","href":"https:\/\/api.w.org\/{rel}","templated":true}]}}